{"id":11448,"date":"2025-05-20T12:07:27","date_gmt":"2025-05-20T11:07:27","guid":{"rendered":"https:\/\/fundaciohospitalariesmartorell.org\/entre-tots\/?p=11448"},"modified":"2025-05-20T12:07:27","modified_gmt":"2025-05-20T11:07:27","slug":"geriatricarea-el-dr-sanchez-aprofundeix-en-la-importancia-del-correcte-diagnostic-dels-simptomes-mentals-en-lancia","status":"publish","type":"post","link":"https:\/\/fundaciohospitalariesmartorell.org\/entre-tots\/2025\/05\/geriatricarea-el-dr-sanchez-aprofundeix-en-la-importancia-del-correcte-diagnostic-dels-simptomes-mentals-en-lancia\/","title":{"rendered":"Geriatricarea: El Dr. S\u00e1nchez aprofundeix en la import\u00e0ncia del correcte diagn\u00f2stic dels s\u00edmptomes mentals en l&#8217;anci\u00e0"},"content":{"rendered":"\n<p>&#8220;Els processos de diagn\u00f2stic i tractament dels problemes de salut mental en l\u2019edat avan\u00e7ada s\u00f3n tan complexos com necess\u00e0ria \u00e9s la capacitaci\u00f3 de professionals experts per atendre\u2019ls, si m\u00e9s no, amb la mateixa compet\u00e8ncia que s\u2019exigeix als professionals de la salut per a qualsevol altre grup d\u2019edat.&#8221; Us recomanem aquest article del Dr. Manuel S\u00e1nchez P\u00e9rez, psiquiatre de Fundaci\u00f3 Hospital\u00e0ries Martorell, director de la C\u00e0tedra de Psicogeriatria de la UAB-Fundaci\u00f3 Hospitl\u00e0ries i president de la Sociedad Espa\u00f1ola de Psicogeriatr\u00eda per entendre els reptes actuals en l\u2019atenci\u00f3 a la salut mental de les persones grans.<\/p>\n\n\n\n<figure class=\"wp-block-embed is-type-wp-embed is-provider-geriatricarea wp-block-embed-geriatricarea\"><div class=\"wp-block-embed__wrapper\">\n<blockquote class=\"wp-embedded-content\" data-secret=\"A4vb92Oris\"><a href=\"https:\/\/www.geriatricarea.com\/2025\/05\/15\/sintomas-mentales-en-el-anciano-importancia-de-su-correcta-identificacion\/\">S\u00edntomas mentales en el anciano: importancia de su correcta identificaci\u00f3n y consecuencias para el tratamiento<\/a><\/blockquote><iframe loading=\"lazy\" class=\"wp-embedded-content\" sandbox=\"allow-scripts\" security=\"restricted\" style=\"position: absolute; visibility: hidden;\" title=\"\u00abS\u00edntomas mentales en el anciano: importancia de su correcta identificaci\u00f3n y consecuencias para el tratamiento\u00bb \u2014 Geriatricarea\" src=\"https:\/\/www.geriatricarea.com\/2025\/05\/15\/sintomas-mentales-en-el-anciano-importancia-de-su-correcta-identificacion\/embed\/#?secret=PIht04547z#?secret=A4vb92Oris\" data-secret=\"A4vb92Oris\" width=\"600\" height=\"338\" frameborder=\"0\" marginwidth=\"0\" marginheight=\"0\" scrolling=\"no\"><\/iframe>\n<\/div><\/figure>\n","protected":false},"excerpt":{"rendered":"<p>&#8220;Els processos de diagn\u00f2stic i tractament dels problemes de salut mental en l\u2019edat avan\u00e7ada s\u00f3n tan complexos com necess\u00e0ria \u00e9s la capacitaci\u00f3 de professionals experts per atendre\u2019ls, si m\u00e9s no, amb la mateixa compet\u00e8ncia que s\u2019exigeix als professionals de la salut per a qualsevol altre grup d\u2019edat.&#8221; Us recomanem aquest article del Dr. Manuel S\u00e1nchez [&hellip;]<\/p>\n","protected":false},"author":6,"featured_media":0,"comment_status":"closed","ping_status":"","sticky":false,"template":"","format":"standard","meta":{"footnotes":""},"categories":[44],"tags":[],"class_list":["post-11448","post","type-post","status-publish","format-standard","hentry","category-entre-noticies"],"blocksy_meta":[],"featured_image_urls_v2":{"full":"","thumbnail":"","medium":"","medium_large":"","large":"","1536x1536":"","2048x2048":"","mailpoet_newsletter_max":""},"post_excerpt_stackable_v2":"<p>&#8220;Els processos de diagn\u00f2stic i tractament dels problemes de salut mental en l\u2019edat avan\u00e7ada s\u00f3n tan complexos com necess\u00e0ria \u00e9s la capacitaci\u00f3 de professionals experts per atendre\u2019ls, si m\u00e9s no, amb la mateixa compet\u00e8ncia que s\u2019exigeix als professionals de la salut per a qualsevol altre grup d\u2019edat.&#8221; Us recomanem aquest article del Dr. Manuel S\u00e1nchez P\u00e9rez, psiquiatre de Fundaci\u00f3 Hospital\u00e0ries Martorell, director de la C\u00e0tedra de Psicogeriatria de la UAB-Fundaci\u00f3 Hospitl\u00e0ries i president de la Sociedad Espa\u00f1ola de Psicogeriatr\u00eda per entendre els reptes actuals en l\u2019atenci\u00f3 a la salut mental de les persones grans. S\u00edntomas mentales en el anciano: importancia&hellip;<\/p>\n","category_list_v2":"<a href=\"https:\/\/fundaciohospitalariesmartorell.org\/entre-tots\/category\/entre-noticies\/\" rel=\"category tag\">ENTRE NOT\u00cdCIES<\/a>","author_info_v2":{"name":"Martorell_comunicacio","url":"https:\/\/fundaciohospitalariesmartorell.org\/entre-tots\/author\/martorell_comunicacio\/"},"comments_num_v2":"0 comments","_links":{"self":[{"href":"https:\/\/fundaciohospitalariesmartorell.org\/entre-tots\/wp-json\/wp\/v2\/posts\/11448","targetHints":{"allow":["GET"]}}],"collection":[{"href":"https:\/\/fundaciohospitalariesmartorell.org\/entre-tots\/wp-json\/wp\/v2\/posts"}],"about":[{"href":"https:\/\/fundaciohospitalariesmartorell.org\/entre-tots\/wp-json\/wp\/v2\/types\/post"}],"author":[{"embeddable":true,"href":"https:\/\/fundaciohospitalariesmartorell.org\/entre-tots\/wp-json\/wp\/v2\/users\/6"}],"replies":[{"embeddable":true,"href":"https:\/\/fundaciohospitalariesmartorell.org\/entre-tots\/wp-json\/wp\/v2\/comments?post=11448"}],"version-history":[{"count":1,"href":"https:\/\/fundaciohospitalariesmartorell.org\/entre-tots\/wp-json\/wp\/v2\/posts\/11448\/revisions"}],"predecessor-version":[{"id":11449,"href":"https:\/\/fundaciohospitalariesmartorell.org\/entre-tots\/wp-json\/wp\/v2\/posts\/11448\/revisions\/11449"}],"wp:attachment":[{"href":"https:\/\/fundaciohospitalariesmartorell.org\/entre-tots\/wp-json\/wp\/v2\/media?parent=11448"}],"wp:term":[{"taxonomy":"category","embeddable":true,"href":"https:\/\/fundaciohospitalariesmartorell.org\/entre-tots\/wp-json\/wp\/v2\/categories?post=11448"},{"taxonomy":"post_tag","embeddable":true,"href":"https:\/\/fundaciohospitalariesmartorell.org\/entre-tots\/wp-json\/wp\/v2\/tags?post=11448"}],"curies":[{"name":"wp","href":"https:\/\/api.w.org\/{rel}","templated":true}]}}