{"id":11451,"date":"2025-05-26T08:57:20","date_gmt":"2025-05-26T07:57:20","guid":{"rendered":"https:\/\/fundaciohospitalariesmartorell.org\/entre-tots\/?p=11451"},"modified":"2025-05-26T10:32:07","modified_gmt":"2025-05-26T09:32:07","slug":"estudiants-de-la-blanquerna-universitat-ramon-llull-organitzen-una-jornada-esportiva-amb-persones-usuaries-del-nostre-hospital","status":"publish","type":"post","link":"https:\/\/fundaciohospitalariesmartorell.org\/entre-tots\/2025\/05\/estudiants-de-la-blanquerna-universitat-ramon-llull-organitzen-una-jornada-esportiva-amb-persones-usuaries-del-nostre-hospital\/","title":{"rendered":"Estudiants de la Blanquerna \u2013 Universitat Ramon Llull organitzen una jornada esportiva  amb persones usu\u00e0ries del nostre hospital"},"content":{"rendered":"\n<figure class=\"wp-block-image size-large\"><img loading=\"lazy\" decoding=\"async\" width=\"1600\" height=\"899\" src=\"https:\/\/fundaciohospitalariesmartorell.org\/entre-tots\/wp-content\/uploads\/2025\/05\/WhatsApp-Image-2025-05-16-at-13.33.33-edited.jpeg\" alt=\"\" class=\"wp-image-11453\" srcset=\"https:\/\/fundaciohospitalariesmartorell.org\/entre-tots\/wp-content\/uploads\/2025\/05\/WhatsApp-Image-2025-05-16-at-13.33.33-edited.jpeg 1600w, https:\/\/fundaciohospitalariesmartorell.org\/entre-tots\/wp-content\/uploads\/2025\/05\/WhatsApp-Image-2025-05-16-at-13.33.33-edited-300x169.jpeg 300w, https:\/\/fundaciohospitalariesmartorell.org\/entre-tots\/wp-content\/uploads\/2025\/05\/WhatsApp-Image-2025-05-16-at-13.33.33-edited-1024x575.jpeg 1024w, https:\/\/fundaciohospitalariesmartorell.org\/entre-tots\/wp-content\/uploads\/2025\/05\/WhatsApp-Image-2025-05-16-at-13.33.33-edited-768x432.jpeg 768w, https:\/\/fundaciohospitalariesmartorell.org\/entre-tots\/wp-content\/uploads\/2025\/05\/WhatsApp-Image-2025-05-16-at-13.33.33-edited-1536x863.jpeg 1536w, https:\/\/fundaciohospitalariesmartorell.org\/entre-tots\/wp-content\/uploads\/2025\/05\/WhatsApp-Image-2025-05-16-at-13.33.33-edited-1320x742.jpeg 1320w\" sizes=\"auto, (max-width: 1600px) 100vw, 1600px\" \/><\/figure>\n\n\n\n<p>El passat dimecres 14 de maig va tenir lloc una jornada esportiva molt especial, amb la participaci\u00f3 de diverses persones usu\u00e0ries del nostre centre que formen part del programa d\u2019activitat f\u00edsica habitual impulsat a trav\u00e9s de Sport2live. Es tracta d&#8217;una iniciativa organitzada per tres estudiants del Grau en Gesti\u00f3 Esportiva, de la Facultat de Psicologia, Ci\u00e8ncies de l\u2019Educaci\u00f3 i de l\u2019Esport, de la Blanquerna \u2013 Universitat Ramon Llull: en Gerard Serra, l\u2019Ignasi Soley i en Cristian Guzm\u00e1n.<\/p>\n\n\n\n<p>Aquesta iniciativa va n\u00e9ixer com a part d\u2019un projecte d\u2019aprenentatge i servei (ApS) i el seu objectiu era clar: dissenyar una activitat amb un impacte social real a trav\u00e9s de l\u2019esport, promovent valors com la inclusi\u00f3, el respecte, l\u2019empatia i la conviv\u00e8ncia.<\/p>\n\n\n\n<p>La jornada va reunir dues entitats amb realitats diferents per\u00f2 unides per un llenguatge com\u00fa: l\u2019esport. La trobada no nom\u00e9s va aconseguir trencar barreres i generar vincles, sin\u00f3 que tamb\u00e9 va oferir una experi\u00e8ncia enriquidora per a totes les persones participants.<\/p>\n\n\n\n<div class=\"wp-block-stackable-text stk-block-text stk-block stk-d43891b\" data-block-id=\"d43891b\"><style>.stk-d43891b .stk-block-text__text{font-size:30px !important;}@media screen and (max-width:999px){.stk-d43891b .stk-block-text__text{font-size:30px !important;}}<\/style><p class=\"stk-block-text__text\"><strong><span style=\"color: var(--theme-palette-color-1, #9f2b68);\" class=\"stk-highlight\">Gerard, Ignasi i Cristian, estudiants del Grau:<\/span><\/strong><\/p><\/div>\n\n\n\n<blockquote class=\"wp-block-quote is-layout-flow wp-block-quote-is-layout-flow\">\n<p>&#8220;La gran acollida i l\u2019ambient tan positiu ens va deixar una forta convicci\u00f3: aquest tipus d\u2019iniciatives tenen un gran potencial per tenir continu\u00eftat. Repetir aquesta activitat de manera peri\u00f2dica seria una manera de continuar construint comunitat i fomentant una mirada inclusiva des de la gesti\u00f3 esportiva&#8221;.<\/p>\n<\/blockquote>\n\n\n\n<p>Aquesta experi\u00e8ncia ha estat profundament enriquidora. Va ser molt emocionant veure com dos grups que no es coneixien van aconseguir compartir, interactuar i gaudir junts. Aix\u00f2 reafirma la vocaci\u00f3 dels estudiants com a futurs gestors esportius: impulsar projectes que combinin valors, territori i inclusi\u00f3.<\/p>\n\n\n\n<figure class=\"wp-block-image size-large\"><img loading=\"lazy\" decoding=\"async\" width=\"1600\" height=\"899\" src=\"https:\/\/fundaciohospitalariesmartorell.org\/entre-tots\/wp-content\/uploads\/2025\/05\/WhatsApp-Image-2025-05-16-at-13.33.33-1-edited.jpeg\" alt=\"\" class=\"wp-image-11455\" srcset=\"https:\/\/fundaciohospitalariesmartorell.org\/entre-tots\/wp-content\/uploads\/2025\/05\/WhatsApp-Image-2025-05-16-at-13.33.33-1-edited.jpeg 1600w, https:\/\/fundaciohospitalariesmartorell.org\/entre-tots\/wp-content\/uploads\/2025\/05\/WhatsApp-Image-2025-05-16-at-13.33.33-1-edited-300x169.jpeg 300w, https:\/\/fundaciohospitalariesmartorell.org\/entre-tots\/wp-content\/uploads\/2025\/05\/WhatsApp-Image-2025-05-16-at-13.33.33-1-edited-1024x575.jpeg 1024w, https:\/\/fundaciohospitalariesmartorell.org\/entre-tots\/wp-content\/uploads\/2025\/05\/WhatsApp-Image-2025-05-16-at-13.33.33-1-edited-768x432.jpeg 768w, https:\/\/fundaciohospitalariesmartorell.org\/entre-tots\/wp-content\/uploads\/2025\/05\/WhatsApp-Image-2025-05-16-at-13.33.33-1-edited-1536x863.jpeg 1536w, https:\/\/fundaciohospitalariesmartorell.org\/entre-tots\/wp-content\/uploads\/2025\/05\/WhatsApp-Image-2025-05-16-at-13.33.33-1-edited-1320x742.jpeg 1320w\" sizes=\"auto, (max-width: 1600px) 100vw, 1600px\" \/><\/figure>\n","protected":false},"excerpt":{"rendered":"<p>El passat dimecres 14 de maig va tenir lloc una jornada esportiva molt especial, amb la participaci\u00f3 de diverses persones usu\u00e0ries del nostre centre que formen part del programa d\u2019activitat f\u00edsica habitual impulsat a trav\u00e9s de Sport2live. Es tracta d&#8217;una iniciativa organitzada per tres estudiants del Grau en Gesti\u00f3 Esportiva, de la Facultat de Psicologia, [&hellip;]<\/p>\n","protected":false},"author":6,"featured_media":11452,"comment_status":"closed","ping_status":"closed","sticky":false,"template":"","format":"standard","meta":{"footnotes":""},"categories":[27,58,57],"tags":[],"class_list":["post-11451","post","type-post","status-publish","format-standard","has-post-thumbnail","hentry","category-actualitat","category-collaboradors-es","category-usuaris-es"],"blocksy_meta":[],"featured_image_urls_v2":{"full":["https:\/\/fundaciohospitalariesmartorell.org\/entre-tots\/wp-content\/uploads\/2025\/05\/WhatsApp-Image-2025-05-16-at-13.33.33.jpeg",1600,1204,false],"thumbnail":["https:\/\/fundaciohospitalariesmartorell.org\/entre-tots\/wp-content\/uploads\/2025\/05\/WhatsApp-Image-2025-05-16-at-13.33.33-150x150.jpeg",150,150,true],"medium":["https:\/\/fundaciohospitalariesmartorell.org\/entre-tots\/wp-content\/uploads\/2025\/05\/WhatsApp-Image-2025-05-16-at-13.33.33-300x226.jpeg",300,226,true],"medium_large":["https:\/\/fundaciohospitalariesmartorell.org\/entre-tots\/wp-content\/uploads\/2025\/05\/WhatsApp-Image-2025-05-16-at-13.33.33-768x578.jpeg",768,578,true],"large":["https:\/\/fundaciohospitalariesmartorell.org\/entre-tots\/wp-content\/uploads\/2025\/05\/WhatsApp-Image-2025-05-16-at-13.33.33-1024x771.jpeg",1024,771,true],"1536x1536":["https:\/\/fundaciohospitalariesmartorell.org\/entre-tots\/wp-content\/uploads\/2025\/05\/WhatsApp-Image-2025-05-16-at-13.33.33-1536x1156.jpeg",1536,1156,true],"2048x2048":["https:\/\/fundaciohospitalariesmartorell.org\/entre-tots\/wp-content\/uploads\/2025\/05\/WhatsApp-Image-2025-05-16-at-13.33.33.jpeg",1600,1204,false],"mailpoet_newsletter_max":["https:\/\/fundaciohospitalariesmartorell.org\/entre-tots\/wp-content\/uploads\/2025\/05\/WhatsApp-Image-2025-05-16-at-13.33.33-1320x993.jpeg",1320,993,true]},"post_excerpt_stackable_v2":"<p>El passat dimecres 14 de maig va tenir lloc una jornada esportiva molt especial, amb la participaci\u00f3 de diverses persones usu\u00e0ries del nostre centre que formen part del programa d\u2019activitat f\u00edsica habitual impulsat a trav\u00e9s de Sport2live. Es tracta d&#8217;una iniciativa organitzada per tres estudiants del Grau en Gesti\u00f3 Esportiva, de la Facultat de Psicologia, Ci\u00e8ncies de l\u2019Educaci\u00f3 i de l\u2019Esport, de la Blanquerna \u2013 Universitat Ramon Llull: en Gerard Serra, l\u2019Ignasi Soley i en Cristian Guzm\u00e1n. Aquesta iniciativa va n\u00e9ixer com a part d\u2019un projecte d\u2019aprenentatge i servei (ApS) i el seu objectiu era clar: dissenyar una activitat amb&hellip;<\/p>\n","category_list_v2":"<a href=\"https:\/\/fundaciohospitalariesmartorell.org\/entre-tots\/category\/actualitat\/\" rel=\"category tag\">ACTUALITAT<\/a>, <a href=\"https:\/\/fundaciohospitalariesmartorell.org\/entre-tots\/category\/actualitat\/col%c2%b7laboradors-es\/\" rel=\"category tag\">COL\u00b7LABORADORS\/ES<\/a>, <a href=\"https:\/\/fundaciohospitalariesmartorell.org\/entre-tots\/category\/actualitat\/usuaris-es\/\" rel=\"category tag\">USUARIS\/ES<\/a>","author_info_v2":{"name":"Martorell_comunicacio","url":"https:\/\/fundaciohospitalariesmartorell.org\/entre-tots\/author\/martorell_comunicacio\/"},"comments_num_v2":"0 comments","_links":{"self":[{"href":"https:\/\/fundaciohospitalariesmartorell.org\/entre-tots\/wp-json\/wp\/v2\/posts\/11451","targetHints":{"allow":["GET"]}}],"collection":[{"href":"https:\/\/fundaciohospitalariesmartorell.org\/entre-tots\/wp-json\/wp\/v2\/posts"}],"about":[{"href":"https:\/\/fundaciohospitalariesmartorell.org\/entre-tots\/wp-json\/wp\/v2\/types\/post"}],"author":[{"embeddable":true,"href":"https:\/\/fundaciohospitalariesmartorell.org\/entre-tots\/wp-json\/wp\/v2\/users\/6"}],"replies":[{"embeddable":true,"href":"https:\/\/fundaciohospitalariesmartorell.org\/entre-tots\/wp-json\/wp\/v2\/comments?post=11451"}],"version-history":[{"count":2,"href":"https:\/\/fundaciohospitalariesmartorell.org\/entre-tots\/wp-json\/wp\/v2\/posts\/11451\/revisions"}],"predecessor-version":[{"id":11490,"href":"https:\/\/fundaciohospitalariesmartorell.org\/entre-tots\/wp-json\/wp\/v2\/posts\/11451\/revisions\/11490"}],"wp:featuredmedia":[{"embeddable":true,"href":"https:\/\/fundaciohospitalariesmartorell.org\/entre-tots\/wp-json\/wp\/v2\/media\/11452"}],"wp:attachment":[{"href":"https:\/\/fundaciohospitalariesmartorell.org\/entre-tots\/wp-json\/wp\/v2\/media?parent=11451"}],"wp:term":[{"taxonomy":"category","embeddable":true,"href":"https:\/\/fundaciohospitalariesmartorell.org\/entre-tots\/wp-json\/wp\/v2\/categories?post=11451"},{"taxonomy":"post_tag","embeddable":true,"href":"https:\/\/fundaciohospitalariesmartorell.org\/entre-tots\/wp-json\/wp\/v2\/tags?post=11451"}],"curies":[{"name":"wp","href":"https:\/\/api.w.org\/{rel}","templated":true}]}}