{"id":11457,"date":"2025-05-22T08:53:45","date_gmt":"2025-05-22T07:53:45","guid":{"rendered":"https:\/\/fundaciohospitalariesmartorell.org\/entre-tots\/?p=11457"},"modified":"2025-05-22T08:56:24","modified_gmt":"2025-05-22T07:56:24","slug":"perdudes-en-lespectre-els-reptes-en-el-diagnostic-del-trastorn-de-lespectre-autista","status":"publish","type":"post","link":"https:\/\/fundaciohospitalariesmartorell.org\/entre-tots\/2025\/05\/perdudes-en-lespectre-els-reptes-en-el-diagnostic-del-trastorn-de-lespectre-autista\/","title":{"rendered":"Perdudes en l\u2019espectre: els reptes en el diagn\u00f2stic del Trastorn de l\u2019Espectre Autista"},"content":{"rendered":"\n<figure class=\"wp-block-image size-large\"><img loading=\"lazy\" decoding=\"async\" width=\"2560\" height=\"1440\" src=\"https:\/\/fundaciohospitalariesmartorell.org\/entre-tots\/wp-content\/uploads\/2025\/05\/WhatsApp-Image-2025-05-09-at-15.12.06-edited.jpeg\" alt=\"\" class=\"wp-image-11459\" srcset=\"https:\/\/fundaciohospitalariesmartorell.org\/entre-tots\/wp-content\/uploads\/2025\/05\/WhatsApp-Image-2025-05-09-at-15.12.06-edited.jpeg 2560w, https:\/\/fundaciohospitalariesmartorell.org\/entre-tots\/wp-content\/uploads\/2025\/05\/WhatsApp-Image-2025-05-09-at-15.12.06-edited-300x169.jpeg 300w, https:\/\/fundaciohospitalariesmartorell.org\/entre-tots\/wp-content\/uploads\/2025\/05\/WhatsApp-Image-2025-05-09-at-15.12.06-edited-1024x576.jpeg 1024w, https:\/\/fundaciohospitalariesmartorell.org\/entre-tots\/wp-content\/uploads\/2025\/05\/WhatsApp-Image-2025-05-09-at-15.12.06-edited-768x432.jpeg 768w, https:\/\/fundaciohospitalariesmartorell.org\/entre-tots\/wp-content\/uploads\/2025\/05\/WhatsApp-Image-2025-05-09-at-15.12.06-edited-1536x864.jpeg 1536w, https:\/\/fundaciohospitalariesmartorell.org\/entre-tots\/wp-content\/uploads\/2025\/05\/WhatsApp-Image-2025-05-09-at-15.12.06-edited-2048x1152.jpeg 2048w, https:\/\/fundaciohospitalariesmartorell.org\/entre-tots\/wp-content\/uploads\/2025\/05\/WhatsApp-Image-2025-05-09-at-15.12.06-edited-1320x743.jpeg 1320w\" sizes=\"auto, (max-width: 2560px) 100vw, 2560px\" \/><\/figure>\n\n\n\n<p>En els \u00faltims 40 anys, han augmentat els casos diagnosticats de&nbsp;<strong>Trastorn de l\u2019Espectre Autista<\/strong>&nbsp;<strong>(TEA)<\/strong>. Aquest fenomen es deu, en part, a una millor capacitat per a detectar-lo i diagnosticar-lo.<\/p>\n\n\n\n<p>L\u2019agrupaci\u00f3 de diferents trastorns en un \u00fanic espectre ha ajudat a mostrar la gran diversitat que existeix dins de l\u2019autisme, ja que el TEA es manifesta de manera molt diversa. Per\u00f2, a causa d\u2019aix\u00f2, tamb\u00e9 a vegades es diagnostiquen casos de TEA amb poca afectaci\u00f3 en la vida di\u00e0ria o es perden de vista alguns perfils espec\u00edfics.<\/p>\n\n\n\n<p>Les persones amb TEA poden presentar altres trastorns associats, com a trastorns del llenguatge, discapacitat cognitiva o trastorn per d\u00e8ficit d\u2019atenci\u00f3 i hiperactivitat (TDAH), entre altres. Aix\u00f2 pot dificultar el diagn\u00f2stic prec\u00eds del  TEA, ja que els s\u00edmptomes poden superposar-se o emmascarar-se entre si.<\/p>\n\n\n\n<p>A m\u00e9s, en el dia a dia, moltes persones amb casos lleus de TEA no reben el suport que necessiten i els protocols diagn\u00f2stics actuals poden dificultar encara m\u00e9s la seva situaci\u00f3, si no se\u2019ls proporcionen adaptacions o intervencions que millorin la seva qualitat de vida.<\/p>\n\n\n\n<figure class=\"wp-block-image size-large\"><img loading=\"lazy\" decoding=\"async\" width=\"1600\" height=\"900\" src=\"https:\/\/fundaciohospitalariesmartorell.org\/entre-tots\/wp-content\/uploads\/2025\/05\/WhatsApp-Image-2025-05-09-at-15.12.07-1-edited.jpeg\" alt=\"\" class=\"wp-image-11461\" srcset=\"https:\/\/fundaciohospitalariesmartorell.org\/entre-tots\/wp-content\/uploads\/2025\/05\/WhatsApp-Image-2025-05-09-at-15.12.07-1-edited.jpeg 1600w, https:\/\/fundaciohospitalariesmartorell.org\/entre-tots\/wp-content\/uploads\/2025\/05\/WhatsApp-Image-2025-05-09-at-15.12.07-1-edited-300x169.jpeg 300w, https:\/\/fundaciohospitalariesmartorell.org\/entre-tots\/wp-content\/uploads\/2025\/05\/WhatsApp-Image-2025-05-09-at-15.12.07-1-edited-1024x576.jpeg 1024w, https:\/\/fundaciohospitalariesmartorell.org\/entre-tots\/wp-content\/uploads\/2025\/05\/WhatsApp-Image-2025-05-09-at-15.12.07-1-edited-768x432.jpeg 768w, https:\/\/fundaciohospitalariesmartorell.org\/entre-tots\/wp-content\/uploads\/2025\/05\/WhatsApp-Image-2025-05-09-at-15.12.07-1-edited-1536x864.jpeg 1536w, https:\/\/fundaciohospitalariesmartorell.org\/entre-tots\/wp-content\/uploads\/2025\/05\/WhatsApp-Image-2025-05-09-at-15.12.07-1-edited-1320x743.jpeg 1320w\" sizes=\"auto, (max-width: 1600px) 100vw, 1600px\" \/><\/figure>\n\n\n\n<h2 class=\"wp-block-heading\">\u00bfOn estan els l\u00edmits del diagn\u00f2stic TEA?<\/h2>\n\n\n\n<p>Per a abordar aquestes i altres q\u00fcestions, des de l\u2019\u00e0rea infantojuvenil de la Fundaci\u00f3 Hospital\u00e0ries, el 9 de maig de 2025, organitzem la\u00a0<strong>II Jornada de Salut Mental Infantojuvenil de la Fundaci\u00f3 Hospital\u00e0ries: \u201cPerdudes en l\u2019Espectre: pensar la diversitat<\/strong>\u201d, que es va centrar en la complexitat del diagn\u00f2stic del TEA   i les seves implicacions socials.<\/p>\n\n\n\n<p>El nostre objectiu va ser reflexionar i debatre sobre qu\u00e8 significa formar part de l\u2019espectre autista i com podem ampliar la mirada per a entendre millor la seva diversitat. En la trobada van participar m\u00e9s d\u2019un centenar de professionals del sector sanitari i social.<\/p>\n\n\n\n<p>\u201cEl concepte d\u2019espectre corre el risc de no definir amb claredat on comen\u00e7a        i on acaba la normalitat\u2026 El punt a partir del qual comencem a considerar un problema com cl\u00ednicament rellevant \u00e9s una cosa difusa\u201d, va explicar\u00a0<strong>Roger Ballesc\u00e0<\/strong>, coordinador de l\u2019\u00c0rea de Salut Mental Infantojuvenil de la Fundaci\u00f3 Hospital\u00e0ries a Martorell. Ballesc\u00e0 va convidar a establir uns certs criteris que ajudin a discernir quan el que s\u2019observa entra dins de la normalitat o quan    estem davant un trastorn de l\u2019espectre autista.<\/p>\n\n\n\n<p>Per la seva part el\u00a0<strong>Dr. Pedro Roy<\/strong>, coordinador assistencial territorial de                la Fundaci\u00f3 Hospital\u00e0ries a Catalunya i director m\u00e8dic de la Fundaci\u00f3    Hospital\u00e0ries Barcelona Nord va assenyalar \u201cla necessitat d\u2019un canvi cap               a una mirada preventiva i integrada, una eina imprescindible per a avan\u00e7ar\u201d.<\/p>\n\n\n\n<p>I\u00a0<strong>Josep Tristany<\/strong>, director del Pla Director de Salut Mental i Addiccions de Catalunya va destacar que \u201ctots els departaments estem treballant de manera conjunta per a poder donar resposta als casos de gran complexitat en l\u2019\u00e0mbit       de la inf\u00e0ncia, l\u2019adolesc\u00e8ncia i la joventut\u201d.<\/p>\n\n\n\n<p>La confer\u00e8ncia inaugural va ser impartida pel&nbsp;<strong>doctor Mart\u00edn Correa-Urquiza<\/strong>, director del Postgrau en Salut Mental Col\u00b7lectiva (URV, FCCSM) i coordinador acad\u00e8mic del M\u00e0ster Oficial en Antropologia M\u00e8dica i Salut Global (URV), qui va abordar la proliferaci\u00f3 del TEA com un s\u00edmptoma social. \u201cUn diagn\u00f2stic no recull la complexitat del sofriment, nom\u00e9s la simptomatologia\u201d, va afirmar. \u201cNecessitem parar esment a la dimensi\u00f3 existencial del sofriment\u201d.<\/p>\n\n\n\n<figure class=\"wp-block-image size-large\"><img loading=\"lazy\" decoding=\"async\" width=\"1600\" height=\"900\" src=\"https:\/\/fundaciohospitalariesmartorell.org\/entre-tots\/wp-content\/uploads\/2025\/05\/WhatsApp-Image-2025-05-09-at-15.12.07-edited.jpeg\" alt=\"\" class=\"wp-image-11463\" srcset=\"https:\/\/fundaciohospitalariesmartorell.org\/entre-tots\/wp-content\/uploads\/2025\/05\/WhatsApp-Image-2025-05-09-at-15.12.07-edited.jpeg 1600w, https:\/\/fundaciohospitalariesmartorell.org\/entre-tots\/wp-content\/uploads\/2025\/05\/WhatsApp-Image-2025-05-09-at-15.12.07-edited-300x169.jpeg 300w, https:\/\/fundaciohospitalariesmartorell.org\/entre-tots\/wp-content\/uploads\/2025\/05\/WhatsApp-Image-2025-05-09-at-15.12.07-edited-1024x576.jpeg 1024w, https:\/\/fundaciohospitalariesmartorell.org\/entre-tots\/wp-content\/uploads\/2025\/05\/WhatsApp-Image-2025-05-09-at-15.12.07-edited-768x432.jpeg 768w, https:\/\/fundaciohospitalariesmartorell.org\/entre-tots\/wp-content\/uploads\/2025\/05\/WhatsApp-Image-2025-05-09-at-15.12.07-edited-1536x864.jpeg 1536w, https:\/\/fundaciohospitalariesmartorell.org\/entre-tots\/wp-content\/uploads\/2025\/05\/WhatsApp-Image-2025-05-09-at-15.12.07-edited-1320x743.jpeg 1320w\" sizes=\"auto, (max-width: 1600px) 100vw, 1600px\" \/><\/figure>\n\n\n\n<h2 class=\"wp-block-heading\">Taules rodones i debat sobre el TEA<\/h2>\n\n\n\n<p>La jornada va continuar amb una taula rodona sobre les implicacions de l\u2019augment de diagn\u00f2stics en \u00e0mbits com l\u2019atenci\u00f3 cl\u00ednica, l\u2019educaci\u00f3 especial i    el treball social. En ella, van participar\u00a0<strong>Valent\u00edn Bote<\/strong>, psiquiatre infantojuvenil     de la unitat TEA de l\u2019Hospital M\u00fatua de Terrassa;\u00a0<strong>Natalia Espinosa<\/strong>, mestra d\u2019Educaci\u00f3 Especial del CEEPSIR (Centre d\u2019Educaci\u00f3 Especial Prove\u00efdor de Serveis i Recursos); i\u00a0<strong>M\u00f2nica S\u00e1nchez<\/strong>, del Servei de Treball Social de l\u2019Hospital Maternoinfantil Sant Joan de D\u00e9u i del Servei de Salut Mental UnimTEA.<\/p>\n\n\n\n<p>M\u00e9s tard, una taula de di\u00e0leg ha obert l\u2019espai a la reflexi\u00f3 i al debat sobre           els criteris diagn\u00f2stics del TEA.<strong>\u00a0Laura Gisbert<\/strong>, psiquiatre infantil i juvenil i coordinadora del Programa d\u2019Atenci\u00f3 Integral a l\u2019Espectre Autista del servei       de psiquiatria de l\u2019Hospital Universitari Vall d\u2019Hebron, i\u00a0<strong>Rafael Villanueva<\/strong>,   psic\u00f2leg cl\u00ednic i logopeda, terapeuta especialitzat en TEA, Atenci\u00f3 preco\u00e7,   Grups i Llenguatge, han exposat diferents punts de vista sobre els l\u00edmits         entre la neurodiverg\u00e8ncia i la patologia cl\u00ednicament rellevant.<\/p>\n\n\n\n<p>Amb aquesta jornada, la&nbsp;<strong>Fundaci\u00f3 Hospital\u00e0ries<\/strong>&nbsp;reafirma el seu comprom\u00eds amb la innovaci\u00f3 en salut mental infantojuvenil, la formaci\u00f3 cont\u00ednua dels professionals i la promoci\u00f3 d\u2019una mirada diversa i integradora cap a les persones amb TEA i les seves fam\u00edlies.<\/p>\n","protected":false},"excerpt":{"rendered":"<p>En els \u00faltims 40 anys, han augmentat els casos diagnosticats de&nbsp;Trastorn de l\u2019Espectre Autista&nbsp;(TEA). Aquest fenomen es deu, en part, a una millor capacitat per a detectar-lo i diagnosticar-lo. L\u2019agrupaci\u00f3 de diferents trastorns en un \u00fanic espectre ha ajudat a mostrar la gran diversitat que existeix dins de l\u2019autisme, ja que el TEA es manifesta [&hellip;]<\/p>\n","protected":false},"author":6,"featured_media":11458,"comment_status":"closed","ping_status":"","sticky":false,"template":"","format":"standard","meta":{"footnotes":""},"categories":[27,61],"tags":[],"class_list":["post-11457","post","type-post","status-publish","format-standard","has-post-thumbnail","hentry","category-actualitat","category-societat"],"blocksy_meta":[],"featured_image_urls_v2":{"full":["https:\/\/fundaciohospitalariesmartorell.org\/entre-tots\/wp-content\/uploads\/2025\/05\/WhatsApp-Image-2025-05-09-at-15.12.06.jpeg",2560,1920,false],"thumbnail":["https:\/\/fundaciohospitalariesmartorell.org\/entre-tots\/wp-content\/uploads\/2025\/05\/WhatsApp-Image-2025-05-09-at-15.12.06-150x150.jpeg",150,150,true],"medium":["https:\/\/fundaciohospitalariesmartorell.org\/entre-tots\/wp-content\/uploads\/2025\/05\/WhatsApp-Image-2025-05-09-at-15.12.06-300x225.jpeg",300,225,true],"medium_large":["https:\/\/fundaciohospitalariesmartorell.org\/entre-tots\/wp-content\/uploads\/2025\/05\/WhatsApp-Image-2025-05-09-at-15.12.06-768x576.jpeg",768,576,true],"large":["https:\/\/fundaciohospitalariesmartorell.org\/entre-tots\/wp-content\/uploads\/2025\/05\/WhatsApp-Image-2025-05-09-at-15.12.06-1024x768.jpeg",1024,768,true],"1536x1536":["https:\/\/fundaciohospitalariesmartorell.org\/entre-tots\/wp-content\/uploads\/2025\/05\/WhatsApp-Image-2025-05-09-at-15.12.06-1536x1152.jpeg",1536,1152,true],"2048x2048":["https:\/\/fundaciohospitalariesmartorell.org\/entre-tots\/wp-content\/uploads\/2025\/05\/WhatsApp-Image-2025-05-09-at-15.12.06-2048x1536.jpeg",2048,1536,true],"mailpoet_newsletter_max":["https:\/\/fundaciohospitalariesmartorell.org\/entre-tots\/wp-content\/uploads\/2025\/05\/WhatsApp-Image-2025-05-09-at-15.12.06-1320x990.jpeg",1320,990,true]},"post_excerpt_stackable_v2":"<p>En els \u00faltims 40 anys, han augmentat els casos diagnosticats de&nbsp;Trastorn de l\u2019Espectre Autista&nbsp;(TEA). Aquest fenomen es deu, en part, a una millor capacitat per a detectar-lo i diagnosticar-lo. L\u2019agrupaci\u00f3 de diferents trastorns en un \u00fanic espectre ha ajudat a mostrar la gran diversitat que existeix dins de l\u2019autisme, ja que el TEA es manifesta de manera molt diversa. Per\u00f2, a causa d\u2019aix\u00f2, tamb\u00e9 a vegades es diagnostiquen casos de TEA amb poca afectaci\u00f3 en la vida di\u00e0ria o es perden de vista alguns perfils espec\u00edfics. Les persones amb TEA poden presentar altres trastorns associats, com a trastorns del llenguatge,&hellip;<\/p>\n","category_list_v2":"<a href=\"https:\/\/fundaciohospitalariesmartorell.org\/entre-tots\/category\/actualitat\/\" rel=\"category tag\">ACTUALITAT<\/a>, <a href=\"https:\/\/fundaciohospitalariesmartorell.org\/entre-tots\/category\/actualitat\/societat\/\" rel=\"category tag\">SOCIETAT<\/a>","author_info_v2":{"name":"Martorell_comunicacio","url":"https:\/\/fundaciohospitalariesmartorell.org\/entre-tots\/author\/martorell_comunicacio\/"},"comments_num_v2":"0 comments","_links":{"self":[{"href":"https:\/\/fundaciohospitalariesmartorell.org\/entre-tots\/wp-json\/wp\/v2\/posts\/11457","targetHints":{"allow":["GET"]}}],"collection":[{"href":"https:\/\/fundaciohospitalariesmartorell.org\/entre-tots\/wp-json\/wp\/v2\/posts"}],"about":[{"href":"https:\/\/fundaciohospitalariesmartorell.org\/entre-tots\/wp-json\/wp\/v2\/types\/post"}],"author":[{"embeddable":true,"href":"https:\/\/fundaciohospitalariesmartorell.org\/entre-tots\/wp-json\/wp\/v2\/users\/6"}],"replies":[{"embeddable":true,"href":"https:\/\/fundaciohospitalariesmartorell.org\/entre-tots\/wp-json\/wp\/v2\/comments?post=11457"}],"version-history":[{"count":2,"href":"https:\/\/fundaciohospitalariesmartorell.org\/entre-tots\/wp-json\/wp\/v2\/posts\/11457\/revisions"}],"predecessor-version":[{"id":11466,"href":"https:\/\/fundaciohospitalariesmartorell.org\/entre-tots\/wp-json\/wp\/v2\/posts\/11457\/revisions\/11466"}],"wp:featuredmedia":[{"embeddable":true,"href":"https:\/\/fundaciohospitalariesmartorell.org\/entre-tots\/wp-json\/wp\/v2\/media\/11458"}],"wp:attachment":[{"href":"https:\/\/fundaciohospitalariesmartorell.org\/entre-tots\/wp-json\/wp\/v2\/media?parent=11457"}],"wp:term":[{"taxonomy":"category","embeddable":true,"href":"https:\/\/fundaciohospitalariesmartorell.org\/entre-tots\/wp-json\/wp\/v2\/categories?post=11457"},{"taxonomy":"post_tag","embeddable":true,"href":"https:\/\/fundaciohospitalariesmartorell.org\/entre-tots\/wp-json\/wp\/v2\/tags?post=11457"}],"curies":[{"name":"wp","href":"https:\/\/api.w.org\/{rel}","templated":true}]}}