{"id":11467,"date":"2025-05-22T09:19:48","date_gmt":"2025-05-22T08:19:48","guid":{"rendered":"https:\/\/fundaciohospitalariesmartorell.org\/entre-tots\/?p=11467"},"modified":"2025-05-22T10:32:53","modified_gmt":"2025-05-22T09:32:53","slug":"sant-joan-de-deu-i-la-fundacio-hospitalaries-impulsen-el-desplegament-del-model-qualityrights-a-catalunya","status":"publish","type":"post","link":"https:\/\/fundaciohospitalariesmartorell.org\/entre-tots\/2025\/05\/sant-joan-de-deu-i-la-fundacio-hospitalaries-impulsen-el-desplegament-del-model-qualityrights-a-catalunya\/","title":{"rendered":"Sant Joan de D\u00e9u i la Fundaci\u00f3 Hospital\u00e0ries despleguen, amb el suport del Pla Director de Salut Mental i Addiccions del govern catal\u00e0, el model QualityRights"},"content":{"rendered":"\n<figure class=\"wp-block-image size-large\"><img loading=\"lazy\" decoding=\"async\" width=\"2048\" height=\"1152\" src=\"https:\/\/fundaciohospitalariesmartorell.org\/entre-tots\/wp-content\/uploads\/2025\/05\/2025_UTI_qualityrights-edited-2.jpg\" alt=\"\" class=\"wp-image-11471\" srcset=\"https:\/\/fundaciohospitalariesmartorell.org\/entre-tots\/wp-content\/uploads\/2025\/05\/2025_UTI_qualityrights-edited-2.jpg 2048w, https:\/\/fundaciohospitalariesmartorell.org\/entre-tots\/wp-content\/uploads\/2025\/05\/2025_UTI_qualityrights-edited-2-300x169.jpg 300w, https:\/\/fundaciohospitalariesmartorell.org\/entre-tots\/wp-content\/uploads\/2025\/05\/2025_UTI_qualityrights-edited-2-1024x576.jpg 1024w, https:\/\/fundaciohospitalariesmartorell.org\/entre-tots\/wp-content\/uploads\/2025\/05\/2025_UTI_qualityrights-edited-2-768x432.jpg 768w, https:\/\/fundaciohospitalariesmartorell.org\/entre-tots\/wp-content\/uploads\/2025\/05\/2025_UTI_qualityrights-edited-2-1536x864.jpg 1536w, https:\/\/fundaciohospitalariesmartorell.org\/entre-tots\/wp-content\/uploads\/2025\/05\/2025_UTI_qualityrights-edited-2-1320x743.jpg 1320w\" sizes=\"auto, (max-width: 2048px) 100vw, 2048px\" \/><\/figure>\n\n\n\n<p class=\"has-large-font-size\"><strong>El model QualityRights comen\u00e7ar\u00e0 a desplegar-se en set centres com a projecte pilot per transformar l\u2019atenci\u00f3 en salut mental i diversitat funcional amb un enfocament centrat en la persona i els drets humans.<\/strong><\/p>\n\n\n\n<p>El Departament de Salut de la Generalitat de Catalunya ha estat l&#8217;escenari de la presentaci\u00f3 oficial del Projecte de Desplegament del Model <strong>QualityRights<\/strong> en els centres de salut mental, addiccions i atenci\u00f3 a la diversitat funcional de Sant Joan de D\u00e9u i de la Fundaci\u00f3 Hospital\u00e0ries. Aquesta iniciativa, liderada per l&#8217;Organitzaci\u00f3 Mundial de la Salut (OMS), representa un pas decisiu cap a la transformaci\u00f3 dels serveis d&#8217;atenci\u00f3 en salut mental des d&#8217;una perspectiva centrada en els drets humans.<\/p>\n\n\n\n<p>La coordinadora del projecte en totes dues institucions, Magda Casamitjana, ha presentat els objectius i eixos principals d&#8217;aquest model, que promou una <strong>atenci\u00f3 centrada en la persona<\/strong>, respectuosa amb la seva dignitat i enfocada en la recuperaci\u00f3. Tamb\u00e9 ha exposat el <strong>pla d&#8217;acci\u00f3<\/strong> <strong>Immedia<\/strong>, que inclou una an\u00e0lisi inicial dels recursos per a identificar fortaleses i reptes amb la finalitat de millorar dia a dia l&#8217;atenci\u00f3 des de l&#8217;\u00f2ptica dels drets. El projecte aposta per <strong>entorns lliures de subjeccions f\u00edsiques i combat l&#8217;estigma i la discriminaci\u00f3<\/strong> amb l&#8217;objectiu de millorar la qualitat i la humanitat en l&#8217;atenci\u00f3 assistencial.<\/p>\n\n\n\n<p>El<strong> desplegament del programa arrencar\u00e0 aquest 2025<\/strong> en set centres de totes dues entitats com a prova pilot, amb la voluntat d&#8217;estendre-ho progressivament a altres serveis de Catalunya. Cada centre dur\u00e0 a terme una avaluaci\u00f3 participativa del respecte als drets humans, rebr\u00e0 formaci\u00f3 espec\u00edfica per als professionals i elaborar\u00e0 plans de millora amb la participaci\u00f3 activa de persones usu\u00e0ries, fam\u00edlies i equips assistencials.<\/p>\n\n\n\n<p>Durant l&#8217;acte, es va destacar el <strong>canvi de paradigma<\/strong> que representa aquest model, plenament alineat amb la Convenci\u00f3 de les Nacions Unides sobre els Drets de les Persones amb Discapacitat.<\/p>\n\n\n\n<p>El projecte respon a diversos marcs normatius i estrat\u00e8gics, tant internacionals com auton\u00f2mics, com el Pla Director de Salut Mental i Addiccions o el Pacte Nacional de Salut Mental, que aposten per un sistema d&#8217;atenci\u00f3 m\u00e9s inclusiu, comunitari i basat en l&#8217;evid\u00e8ncia.<\/p>\n\n\n\n<p>Les institucions impulsores van subratllar que la implementaci\u00f3 del model QualityRights representa una oportunitat transformadora per a avan\u00e7ar cap a una atenci\u00f3 m\u00e9s humana, equitativa i centrada en la persona, amb l&#8217;objectiu de garantir la plena inclusi\u00f3 i autonomia de les persones ateses.<\/p>\n\n\n\n<p>En l&#8217;acte van ser presents Cristina Molina, subdirectora assistencial de Sant Joan de D\u00e9u, i el Dr. Pedro Roy, en representaci\u00f3 de la Fundaci\u00f3 Hospital\u00e0ries, aix\u00ed com representants dels centres que participaran en la fase inicial del desplegament.<\/p>\n\n\n\n<p><\/p>\n","protected":false},"excerpt":{"rendered":"<p>El model QualityRights comen\u00e7ar\u00e0 a desplegar-se en set centres com a projecte pilot per transformar l\u2019atenci\u00f3 en salut mental i diversitat funcional amb un enfocament centrat en la persona i els drets humans. El Departament de Salut de la Generalitat de Catalunya ha estat l&#8217;escenari de la presentaci\u00f3 oficial del Projecte de Desplegament del Model [&hellip;]<\/p>\n","protected":false},"author":6,"featured_media":11470,"comment_status":"closed","ping_status":"closed","sticky":false,"template":"","format":"standard","meta":{"footnotes":""},"categories":[27,58],"tags":[],"class_list":["post-11467","post","type-post","status-publish","format-standard","has-post-thumbnail","hentry","category-actualitat","category-collaboradors-es"],"blocksy_meta":[],"featured_image_urls_v2":{"full":["https:\/\/fundaciohospitalariesmartorell.org\/entre-tots\/wp-content\/uploads\/2025\/05\/2025_UTI_qualityrights-edited-1.jpg",2048,1152,false],"thumbnail":["https:\/\/fundaciohospitalariesmartorell.org\/entre-tots\/wp-content\/uploads\/2025\/05\/2025_UTI_qualityrights-edited-1-150x150.jpg",150,150,true],"medium":["https:\/\/fundaciohospitalariesmartorell.org\/entre-tots\/wp-content\/uploads\/2025\/05\/2025_UTI_qualityrights-edited-1-300x169.jpg",300,169,true],"medium_large":["https:\/\/fundaciohospitalariesmartorell.org\/entre-tots\/wp-content\/uploads\/2025\/05\/2025_UTI_qualityrights-edited-1-768x432.jpg",768,432,true],"large":["https:\/\/fundaciohospitalariesmartorell.org\/entre-tots\/wp-content\/uploads\/2025\/05\/2025_UTI_qualityrights-edited-1-1024x576.jpg",1024,576,true],"1536x1536":["https:\/\/fundaciohospitalariesmartorell.org\/entre-tots\/wp-content\/uploads\/2025\/05\/2025_UTI_qualityrights-edited-1-1536x864.jpg",1536,864,true],"2048x2048":["https:\/\/fundaciohospitalariesmartorell.org\/entre-tots\/wp-content\/uploads\/2025\/05\/2025_UTI_qualityrights-edited-1.jpg",2048,1152,false],"mailpoet_newsletter_max":["https:\/\/fundaciohospitalariesmartorell.org\/entre-tots\/wp-content\/uploads\/2025\/05\/2025_UTI_qualityrights-edited-1-1320x743.jpg",1320,743,true]},"post_excerpt_stackable_v2":"<p>El model QualityRights comen\u00e7ar\u00e0 a desplegar-se en set centres com a projecte pilot per transformar l\u2019atenci\u00f3 en salut mental i diversitat funcional amb un enfocament centrat en la persona i els drets humans. El Departament de Salut de la Generalitat de Catalunya ha estat l&#8217;escenari de la presentaci\u00f3 oficial del Projecte de Desplegament del Model QualityRights en els centres de salut mental, addiccions i atenci\u00f3 a la diversitat funcional de Sant Joan de D\u00e9u i de la Fundaci\u00f3 Hospital\u00e0ries. Aquesta iniciativa, liderada per l&#8217;Organitzaci\u00f3 Mundial de la Salut (OMS), representa un pas decisiu cap a la transformaci\u00f3 dels serveis d&#8217;atenci\u00f3&hellip;<\/p>\n","category_list_v2":"<a href=\"https:\/\/fundaciohospitalariesmartorell.org\/entre-tots\/category\/actualitat\/\" rel=\"category tag\">ACTUALITAT<\/a>, <a href=\"https:\/\/fundaciohospitalariesmartorell.org\/entre-tots\/category\/actualitat\/col%c2%b7laboradors-es\/\" rel=\"category tag\">COL\u00b7LABORADORS\/ES<\/a>","author_info_v2":{"name":"Martorell_comunicacio","url":"https:\/\/fundaciohospitalariesmartorell.org\/entre-tots\/author\/martorell_comunicacio\/"},"comments_num_v2":"0 comments","_links":{"self":[{"href":"https:\/\/fundaciohospitalariesmartorell.org\/entre-tots\/wp-json\/wp\/v2\/posts\/11467","targetHints":{"allow":["GET"]}}],"collection":[{"href":"https:\/\/fundaciohospitalariesmartorell.org\/entre-tots\/wp-json\/wp\/v2\/posts"}],"about":[{"href":"https:\/\/fundaciohospitalariesmartorell.org\/entre-tots\/wp-json\/wp\/v2\/types\/post"}],"author":[{"embeddable":true,"href":"https:\/\/fundaciohospitalariesmartorell.org\/entre-tots\/wp-json\/wp\/v2\/users\/6"}],"replies":[{"embeddable":true,"href":"https:\/\/fundaciohospitalariesmartorell.org\/entre-tots\/wp-json\/wp\/v2\/comments?post=11467"}],"version-history":[{"count":7,"href":"https:\/\/fundaciohospitalariesmartorell.org\/entre-tots\/wp-json\/wp\/v2\/posts\/11467\/revisions"}],"predecessor-version":[{"id":11480,"href":"https:\/\/fundaciohospitalariesmartorell.org\/entre-tots\/wp-json\/wp\/v2\/posts\/11467\/revisions\/11480"}],"wp:featuredmedia":[{"embeddable":true,"href":"https:\/\/fundaciohospitalariesmartorell.org\/entre-tots\/wp-json\/wp\/v2\/media\/11470"}],"wp:attachment":[{"href":"https:\/\/fundaciohospitalariesmartorell.org\/entre-tots\/wp-json\/wp\/v2\/media?parent=11467"}],"wp:term":[{"taxonomy":"category","embeddable":true,"href":"https:\/\/fundaciohospitalariesmartorell.org\/entre-tots\/wp-json\/wp\/v2\/categories?post=11467"},{"taxonomy":"post_tag","embeddable":true,"href":"https:\/\/fundaciohospitalariesmartorell.org\/entre-tots\/wp-json\/wp\/v2\/tags?post=11467"}],"curies":[{"name":"wp","href":"https:\/\/api.w.org\/{rel}","templated":true}]}}