{"id":11486,"date":"2025-05-26T08:48:33","date_gmt":"2025-05-26T07:48:33","guid":{"rendered":"https:\/\/fundaciohospitalariesmartorell.org\/entre-tots\/?p=11486"},"modified":"2025-05-26T08:49:51","modified_gmt":"2025-05-26T07:49:51","slug":"la-dra-alba-martinez-presenta-linnovador-programa-de-vigilancia-afectiva-en-la-malaltia-dalzheimer-prodromica","status":"publish","type":"post","link":"https:\/\/fundaciohospitalariesmartorell.org\/entre-tots\/2025\/05\/la-dra-alba-martinez-presenta-linnovador-programa-de-vigilancia-afectiva-en-la-malaltia-dalzheimer-prodromica\/","title":{"rendered":"La Dra. Alba Mart\u00ednez presenta l&#8217;innovador programa de vigil\u00e0ncia afectiva en la malaltia d&#8217;Alzheimer prodr\u00f2mica"},"content":{"rendered":"\n<figure class=\"wp-block-image size-full\"><img loading=\"lazy\" decoding=\"async\" width=\"929\" height=\"576\" src=\"https:\/\/fundaciohospitalariesmartorell.org\/entre-tots\/wp-content\/uploads\/2025\/05\/image-1.png\" alt=\"\" class=\"wp-image-11487\" srcset=\"https:\/\/fundaciohospitalariesmartorell.org\/entre-tots\/wp-content\/uploads\/2025\/05\/image-1.png 929w, https:\/\/fundaciohospitalariesmartorell.org\/entre-tots\/wp-content\/uploads\/2025\/05\/image-1-300x186.png 300w, https:\/\/fundaciohospitalariesmartorell.org\/entre-tots\/wp-content\/uploads\/2025\/05\/image-1-768x476.png 768w\" sizes=\"auto, (max-width: 929px) 100vw, 929px\" \/><\/figure>\n\n\n\n<p>El passat 9 de maig, l\u2019Auditori Barradas de l\u2019Hospitalet de Llobregat va acollir les <a href=\"https:\/\/www.fundaciohospitalariessantboi.org\/compromis-amb-les-persones-en-situacio-de-vulnerabilitat-iv-jornades-dhospitalitzacio-i-atencio-domiciliaria\/\">IV Jornades d\u2019Hospitalitzaci\u00f3 i Atenci\u00f3 Domicili\u00e0ria<\/a>, organitzades per la Fundaci\u00f3 Hospital\u00e0ries Sant Boi. La jornada va reunir professionals del sector sanitari amb l\u2019objectiu de compartir experi\u00e8ncies i reflexionar sobre nous models d\u2019atenci\u00f3.<\/p>\n\n\n\n<p>Entre les pon\u00e8ncies destacades hi va participar la Dra. Alba Mart\u00ednez, psiquiatre del nostre hospital, que va presentar el programa de vigil\u00e0ncia afectiva en la malaltia d\u2019Alzheimer prodr\u00f2mica, un projecte en fase de desenvolupament fruit de la col\u00b7laboraci\u00f3 entre l\u2019Equip d\u2019Atenci\u00f3 Integral a les Dem\u00e8ncies (EAIA) i la unitat d\u2019hospitalitzaci\u00f3 domicili\u00e0ria del nostre centre.<\/p>\n\n\n\n<p><a href=\"https:\/\/fundaciohospitalariesmartorell.org\/entre-tots\/2024\/01\/lhospital-sagrat-cor-avanca-en-el-diagnostic-prodromic-de-la-malaltia-dalzheimer\/\" data-type=\"post\" data-id=\"7925\">L\u2019Alzheimer <\/a>representa entre un 50 i un 75% de les dem\u00e8ncies diagnosticades actualment. Amb la introducci\u00f3 de biomarcadors com la prote\u00efna beta amiloide i la prote\u00efna TAU en la pr\u00e0ctica cl\u00ednica habitual, el diagn\u00f2stic ha evolucionat cap a un enfocament biol\u00f2gic, cosa que permet detectar la malaltia abans de l\u2019aparici\u00f3 dels primers s\u00edmptomes cl\u00ednics.<\/p>\n\n\n\n<p>Aquest avan\u00e7 diagn\u00f2stic, per\u00f2, tamb\u00e9 planteja nous reptes: en les fases inicials, els pacients s\u00f3n conscients del seu estat, abans que la manca de consci\u00e8ncia (anosogn\u00f2sia) pr\u00f2pia de les dem\u00e8ncies els protegeixi del patiment emocional. Davant d\u2019aquesta realitat, es considera que hi pot haver un alt risc de patiment afectiu a curt i mitj\u00e0 termini, tant per als pacients com per al seu entorn.<\/p>\n\n\n\n<p>El programa de vigil\u00e0ncia afectiva presentat per la Dra. Mart\u00ednez t\u00e9 com a objectiu anticipar-se a aquestes possibles alteracions emocionals, oferint una intervenci\u00f3 preco\u00e7 i generant coneixement en un \u00e0mbit encara poc explorat. La proposta va generar un intens debat entre els assistents i va despertar molt d\u2019inter\u00e8s, posant de manifest la necessitat de continuar avan\u00e7ant en una atenci\u00f3 integral i personalitzada a les persones amb Alzheimer.<\/p>\n\n\n\n<figure class=\"wp-block-image size-full\"><img loading=\"lazy\" decoding=\"async\" width=\"815\" height=\"569\" src=\"https:\/\/fundaciohospitalariesmartorell.org\/entre-tots\/wp-content\/uploads\/2025\/05\/image-2.png\" alt=\"\" class=\"wp-image-11488\" srcset=\"https:\/\/fundaciohospitalariesmartorell.org\/entre-tots\/wp-content\/uploads\/2025\/05\/image-2.png 815w, https:\/\/fundaciohospitalariesmartorell.org\/entre-tots\/wp-content\/uploads\/2025\/05\/image-2-300x209.png 300w, https:\/\/fundaciohospitalariesmartorell.org\/entre-tots\/wp-content\/uploads\/2025\/05\/image-2-768x536.png 768w\" sizes=\"auto, (max-width: 815px) 100vw, 815px\" \/><\/figure>\n","protected":false},"excerpt":{"rendered":"<p>El passat 9 de maig, l\u2019Auditori Barradas de l\u2019Hospitalet de Llobregat va acollir les IV Jornades d\u2019Hospitalitzaci\u00f3 i Atenci\u00f3 Domicili\u00e0ria, organitzades per la Fundaci\u00f3 Hospital\u00e0ries Sant Boi. La jornada va reunir professionals del sector sanitari amb l\u2019objectiu de compartir experi\u00e8ncies i reflexionar sobre nous models d\u2019atenci\u00f3. Entre les pon\u00e8ncies destacades hi va participar la Dra. [&hellip;]<\/p>\n","protected":false},"author":6,"featured_media":11487,"comment_status":"closed","ping_status":"closed","sticky":false,"template":"","format":"standard","meta":{"footnotes":""},"categories":[27,61],"tags":[],"class_list":["post-11486","post","type-post","status-publish","format-standard","has-post-thumbnail","hentry","category-actualitat","category-societat"],"blocksy_meta":[],"featured_image_urls_v2":{"full":["https:\/\/fundaciohospitalariesmartorell.org\/entre-tots\/wp-content\/uploads\/2025\/05\/image-1.png",929,576,false],"thumbnail":["https:\/\/fundaciohospitalariesmartorell.org\/entre-tots\/wp-content\/uploads\/2025\/05\/image-1-150x150.png",150,150,true],"medium":["https:\/\/fundaciohospitalariesmartorell.org\/entre-tots\/wp-content\/uploads\/2025\/05\/image-1-300x186.png",300,186,true],"medium_large":["https:\/\/fundaciohospitalariesmartorell.org\/entre-tots\/wp-content\/uploads\/2025\/05\/image-1-768x476.png",768,476,true],"large":["https:\/\/fundaciohospitalariesmartorell.org\/entre-tots\/wp-content\/uploads\/2025\/05\/image-1.png",929,576,false],"1536x1536":["https:\/\/fundaciohospitalariesmartorell.org\/entre-tots\/wp-content\/uploads\/2025\/05\/image-1.png",929,576,false],"2048x2048":["https:\/\/fundaciohospitalariesmartorell.org\/entre-tots\/wp-content\/uploads\/2025\/05\/image-1.png",929,576,false],"mailpoet_newsletter_max":["https:\/\/fundaciohospitalariesmartorell.org\/entre-tots\/wp-content\/uploads\/2025\/05\/image-1.png",929,576,false]},"post_excerpt_stackable_v2":"<p>El passat 9 de maig, l\u2019Auditori Barradas de l\u2019Hospitalet de Llobregat va acollir les IV Jornades d\u2019Hospitalitzaci\u00f3 i Atenci\u00f3 Domicili\u00e0ria, organitzades per la Fundaci\u00f3 Hospital\u00e0ries Sant Boi. La jornada va reunir professionals del sector sanitari amb l\u2019objectiu de compartir experi\u00e8ncies i reflexionar sobre nous models d\u2019atenci\u00f3. Entre les pon\u00e8ncies destacades hi va participar la Dra. Alba Mart\u00ednez, psiquiatre del nostre hospital, que va presentar el programa de vigil\u00e0ncia afectiva en la malaltia d\u2019Alzheimer prodr\u00f2mica, un projecte en fase de desenvolupament fruit de la col\u00b7laboraci\u00f3 entre l\u2019Equip d\u2019Atenci\u00f3 Integral a les Dem\u00e8ncies (EAIA) i la unitat d\u2019hospitalitzaci\u00f3 domicili\u00e0ria del nostre centre.&hellip;<\/p>\n","category_list_v2":"<a href=\"https:\/\/fundaciohospitalariesmartorell.org\/entre-tots\/category\/actualitat\/\" rel=\"category tag\">ACTUALITAT<\/a>, <a href=\"https:\/\/fundaciohospitalariesmartorell.org\/entre-tots\/category\/actualitat\/societat\/\" rel=\"category tag\">SOCIETAT<\/a>","author_info_v2":{"name":"Martorell_comunicacio","url":"https:\/\/fundaciohospitalariesmartorell.org\/entre-tots\/author\/martorell_comunicacio\/"},"comments_num_v2":"0 comments","_links":{"self":[{"href":"https:\/\/fundaciohospitalariesmartorell.org\/entre-tots\/wp-json\/wp\/v2\/posts\/11486","targetHints":{"allow":["GET"]}}],"collection":[{"href":"https:\/\/fundaciohospitalariesmartorell.org\/entre-tots\/wp-json\/wp\/v2\/posts"}],"about":[{"href":"https:\/\/fundaciohospitalariesmartorell.org\/entre-tots\/wp-json\/wp\/v2\/types\/post"}],"author":[{"embeddable":true,"href":"https:\/\/fundaciohospitalariesmartorell.org\/entre-tots\/wp-json\/wp\/v2\/users\/6"}],"replies":[{"embeddable":true,"href":"https:\/\/fundaciohospitalariesmartorell.org\/entre-tots\/wp-json\/wp\/v2\/comments?post=11486"}],"version-history":[{"count":1,"href":"https:\/\/fundaciohospitalariesmartorell.org\/entre-tots\/wp-json\/wp\/v2\/posts\/11486\/revisions"}],"predecessor-version":[{"id":11489,"href":"https:\/\/fundaciohospitalariesmartorell.org\/entre-tots\/wp-json\/wp\/v2\/posts\/11486\/revisions\/11489"}],"wp:featuredmedia":[{"embeddable":true,"href":"https:\/\/fundaciohospitalariesmartorell.org\/entre-tots\/wp-json\/wp\/v2\/media\/11487"}],"wp:attachment":[{"href":"https:\/\/fundaciohospitalariesmartorell.org\/entre-tots\/wp-json\/wp\/v2\/media?parent=11486"}],"wp:term":[{"taxonomy":"category","embeddable":true,"href":"https:\/\/fundaciohospitalariesmartorell.org\/entre-tots\/wp-json\/wp\/v2\/categories?post=11486"},{"taxonomy":"post_tag","embeddable":true,"href":"https:\/\/fundaciohospitalariesmartorell.org\/entre-tots\/wp-json\/wp\/v2\/tags?post=11486"}],"curies":[{"name":"wp","href":"https:\/\/api.w.org\/{rel}","templated":true}]}}