{"id":11492,"date":"2025-05-26T09:06:21","date_gmt":"2025-05-26T08:06:21","guid":{"rendered":"https:\/\/fundaciohospitalariesmartorell.org\/entre-tots\/?p=11492"},"modified":"2025-05-26T09:06:21","modified_gmt":"2025-05-26T08:06:21","slug":"celebracio-de-la-pasqua-del-malalt-2025-pelegrins-de-lesperanca","status":"publish","type":"post","link":"https:\/\/fundaciohospitalariesmartorell.org\/entre-tots\/2025\/05\/celebracio-de-la-pasqua-del-malalt-2025-pelegrins-de-lesperanca\/","title":{"rendered":"Celebraci\u00f3 de la Pasqua del Malalt 2025: \u201cPelegrins de l\u2019Esperan\u00e7a\u201d"},"content":{"rendered":"\n<figure class=\"wp-block-image size-large\"><img loading=\"lazy\" decoding=\"async\" width=\"1024\" height=\"771\" src=\"https:\/\/fundaciohospitalariesmartorell.org\/entre-tots\/wp-content\/uploads\/2025\/05\/image-4-1024x771.png\" alt=\"\" class=\"wp-image-11494\" srcset=\"https:\/\/fundaciohospitalariesmartorell.org\/entre-tots\/wp-content\/uploads\/2025\/05\/image-4-1024x771.png 1024w, https:\/\/fundaciohospitalariesmartorell.org\/entre-tots\/wp-content\/uploads\/2025\/05\/image-4-300x226.png 300w, https:\/\/fundaciohospitalariesmartorell.org\/entre-tots\/wp-content\/uploads\/2025\/05\/image-4-768x578.png 768w, https:\/\/fundaciohospitalariesmartorell.org\/entre-tots\/wp-content\/uploads\/2025\/05\/image-4-1536x1157.png 1536w, https:\/\/fundaciohospitalariesmartorell.org\/entre-tots\/wp-content\/uploads\/2025\/05\/image-4-1320x994.png 1320w, https:\/\/fundaciohospitalariesmartorell.org\/entre-tots\/wp-content\/uploads\/2025\/05\/image-4.png 2040w\" sizes=\"auto, (max-width: 1024px) 100vw, 1024px\" \/><\/figure>\n\n\n\n<p>El dissabte 24 de maig, la Fundaci\u00f3 Hospital\u00e0ries de Sant Boi va acollir la celebraci\u00f3 diocesana de la Pasqua del Malalt, en una jornada festiva i plena d\u2019esperan\u00e7a, presidida pel bisbe Mons. Xabier G\u00f3mez, de la Di\u00f2cesi de Sant Feliu de Llobregat.<\/p>\n\n\n\n<p>Aquesta jornada va reunir al voltant de 150 persones provinents de diversos centres, comunitats religioses, parr\u00f2quies, persones volunt\u00e0ries i fam\u00edlies, entre elles una nodrida representaci\u00f3 de la Fundaci\u00f3 Hospital\u00e0ries Martorell, que hi vam ser presents activament.<\/p>\n\n\n\n<p>La trobada, que forma part de la Campanya del Malalt i culmina en el VI diumenge de Pasqua, es va celebrar enguany sota el lema &#8220;Pelegrins de l\u2019Esperan\u00e7a&#8221;, en sintonia amb el Jubileu de l\u2019Esperan\u00e7a que viu l\u2019Esgl\u00e9sia aquest 2025.<\/p>\n\n\n\n<p>L&#8217;endem\u00e0, diumenge 25 de maig, la capella del nostre hospital a Martorell va acollir la celebraci\u00f3 local de la Pasqua del Malalt, amb una Eucaristia i el sagrament comunitari de la Unci\u00f3 dels Malalts. Un moment molt especial de gr\u00e0cia i acompanyament espiritual per a les persones ateses, familiars i personal col\u00b7laborador.<\/p>\n\n\n\n<p>Ambdues celebracions han estat una expressi\u00f3 viva de la for\u00e7a de la fe compartida i de l\u2019esperan\u00e7a que uneix i acompanya en el cam\u00ed de la malaltia, posant en valor la dimensi\u00f3 espiritual de cuidar i de deixar-se cuidar.<\/p>\n","protected":false},"excerpt":{"rendered":"<p>El dissabte 24 de maig, la Fundaci\u00f3 Hospital\u00e0ries de Sant Boi va acollir la celebraci\u00f3 diocesana de la Pasqua del Malalt, en una jornada festiva i plena d\u2019esperan\u00e7a, presidida pel bisbe Mons. Xabier G\u00f3mez, de la Di\u00f2cesi de Sant Feliu de Llobregat. Aquesta jornada va reunir al voltant de 150 persones provinents de diversos centres, [&hellip;]<\/p>\n","protected":false},"author":6,"featured_media":11493,"comment_status":"closed","ping_status":"","sticky":false,"template":"","format":"standard","meta":{"footnotes":""},"categories":[27],"tags":[],"class_list":["post-11492","post","type-post","status-publish","format-standard","has-post-thumbnail","hentry","category-actualitat"],"blocksy_meta":[],"featured_image_urls_v2":{"full":["https:\/\/fundaciohospitalariesmartorell.org\/entre-tots\/wp-content\/uploads\/2025\/05\/image-3.png",2040,1536,false],"thumbnail":["https:\/\/fundaciohospitalariesmartorell.org\/entre-tots\/wp-content\/uploads\/2025\/05\/image-3-150x150.png",150,150,true],"medium":["https:\/\/fundaciohospitalariesmartorell.org\/entre-tots\/wp-content\/uploads\/2025\/05\/image-3-300x226.png",300,226,true],"medium_large":["https:\/\/fundaciohospitalariesmartorell.org\/entre-tots\/wp-content\/uploads\/2025\/05\/image-3-768x578.png",768,578,true],"large":["https:\/\/fundaciohospitalariesmartorell.org\/entre-tots\/wp-content\/uploads\/2025\/05\/image-3-1024x771.png",1024,771,true],"1536x1536":["https:\/\/fundaciohospitalariesmartorell.org\/entre-tots\/wp-content\/uploads\/2025\/05\/image-3-1536x1157.png",1536,1157,true],"2048x2048":["https:\/\/fundaciohospitalariesmartorell.org\/entre-tots\/wp-content\/uploads\/2025\/05\/image-3.png",2040,1536,false],"mailpoet_newsletter_max":["https:\/\/fundaciohospitalariesmartorell.org\/entre-tots\/wp-content\/uploads\/2025\/05\/image-3-1320x994.png",1320,994,true]},"post_excerpt_stackable_v2":"<p>El dissabte 24 de maig, la Fundaci\u00f3 Hospital\u00e0ries de Sant Boi va acollir la celebraci\u00f3 diocesana de la Pasqua del Malalt, en una jornada festiva i plena d\u2019esperan\u00e7a, presidida pel bisbe Mons. Xabier G\u00f3mez, de la Di\u00f2cesi de Sant Feliu de Llobregat. Aquesta jornada va reunir al voltant de 150 persones provinents de diversos centres, comunitats religioses, parr\u00f2quies, persones volunt\u00e0ries i fam\u00edlies, entre elles una nodrida representaci\u00f3 de la Fundaci\u00f3 Hospital\u00e0ries Martorell, que hi vam ser presents activament. La trobada, que forma part de la Campanya del Malalt i culmina en el VI diumenge de Pasqua, es va celebrar enguany&hellip;<\/p>\n","category_list_v2":"<a href=\"https:\/\/fundaciohospitalariesmartorell.org\/entre-tots\/category\/actualitat\/\" rel=\"category tag\">ACTUALITAT<\/a>","author_info_v2":{"name":"Martorell_comunicacio","url":"https:\/\/fundaciohospitalariesmartorell.org\/entre-tots\/author\/martorell_comunicacio\/"},"comments_num_v2":"0 comments","_links":{"self":[{"href":"https:\/\/fundaciohospitalariesmartorell.org\/entre-tots\/wp-json\/wp\/v2\/posts\/11492","targetHints":{"allow":["GET"]}}],"collection":[{"href":"https:\/\/fundaciohospitalariesmartorell.org\/entre-tots\/wp-json\/wp\/v2\/posts"}],"about":[{"href":"https:\/\/fundaciohospitalariesmartorell.org\/entre-tots\/wp-json\/wp\/v2\/types\/post"}],"author":[{"embeddable":true,"href":"https:\/\/fundaciohospitalariesmartorell.org\/entre-tots\/wp-json\/wp\/v2\/users\/6"}],"replies":[{"embeddable":true,"href":"https:\/\/fundaciohospitalariesmartorell.org\/entre-tots\/wp-json\/wp\/v2\/comments?post=11492"}],"version-history":[{"count":1,"href":"https:\/\/fundaciohospitalariesmartorell.org\/entre-tots\/wp-json\/wp\/v2\/posts\/11492\/revisions"}],"predecessor-version":[{"id":11495,"href":"https:\/\/fundaciohospitalariesmartorell.org\/entre-tots\/wp-json\/wp\/v2\/posts\/11492\/revisions\/11495"}],"wp:featuredmedia":[{"embeddable":true,"href":"https:\/\/fundaciohospitalariesmartorell.org\/entre-tots\/wp-json\/wp\/v2\/media\/11493"}],"wp:attachment":[{"href":"https:\/\/fundaciohospitalariesmartorell.org\/entre-tots\/wp-json\/wp\/v2\/media?parent=11492"}],"wp:term":[{"taxonomy":"category","embeddable":true,"href":"https:\/\/fundaciohospitalariesmartorell.org\/entre-tots\/wp-json\/wp\/v2\/categories?post=11492"},{"taxonomy":"post_tag","embeddable":true,"href":"https:\/\/fundaciohospitalariesmartorell.org\/entre-tots\/wp-json\/wp\/v2\/tags?post=11492"}],"curies":[{"name":"wp","href":"https:\/\/api.w.org\/{rel}","templated":true}]}}