{"id":11496,"date":"2025-05-26T09:25:42","date_gmt":"2025-05-26T08:25:42","guid":{"rendered":"https:\/\/fundaciohospitalariesmartorell.org\/entre-tots\/?p=11496"},"modified":"2025-05-26T09:26:34","modified_gmt":"2025-05-26T08:26:34","slug":"laberints-de-lanima-una-jornada-per-aprofundir-en-el-trastorn-limit-de-la-personalitat","status":"publish","type":"post","link":"https:\/\/fundaciohospitalariesmartorell.org\/entre-tots\/2025\/05\/laberints-de-lanima-una-jornada-per-aprofundir-en-el-trastorn-limit-de-la-personalitat\/","title":{"rendered":"Laberints de l\u2019\u00e0nima: una jornada per aprofundir en el Trastorn L\u00edmit de la Personalitat"},"content":{"rendered":"\n<figure class=\"wp-block-image size-large\"><img loading=\"lazy\" decoding=\"async\" width=\"1600\" height=\"900\" src=\"https:\/\/fundaciohospitalariesmartorell.org\/entre-tots\/wp-content\/uploads\/2025\/05\/WhatsApp-Image-2025-05-26-at-09.03.21-edited.jpeg\" alt=\"\" class=\"wp-image-11506\" srcset=\"https:\/\/fundaciohospitalariesmartorell.org\/entre-tots\/wp-content\/uploads\/2025\/05\/WhatsApp-Image-2025-05-26-at-09.03.21-edited.jpeg 1600w, https:\/\/fundaciohospitalariesmartorell.org\/entre-tots\/wp-content\/uploads\/2025\/05\/WhatsApp-Image-2025-05-26-at-09.03.21-edited-300x169.jpeg 300w, https:\/\/fundaciohospitalariesmartorell.org\/entre-tots\/wp-content\/uploads\/2025\/05\/WhatsApp-Image-2025-05-26-at-09.03.21-edited-1024x576.jpeg 1024w, https:\/\/fundaciohospitalariesmartorell.org\/entre-tots\/wp-content\/uploads\/2025\/05\/WhatsApp-Image-2025-05-26-at-09.03.21-edited-768x432.jpeg 768w, https:\/\/fundaciohospitalariesmartorell.org\/entre-tots\/wp-content\/uploads\/2025\/05\/WhatsApp-Image-2025-05-26-at-09.03.21-edited-1536x864.jpeg 1536w, https:\/\/fundaciohospitalariesmartorell.org\/entre-tots\/wp-content\/uploads\/2025\/05\/WhatsApp-Image-2025-05-26-at-09.03.21-edited-1320x743.jpeg 1320w\" sizes=\"auto, (max-width: 1600px) 100vw, 1600px\" \/><\/figure>\n\n\n\n<h3 class=\"wp-block-heading\"><strong>Les V Jornades Catalanes d\u2019Hospitals de Dia d\u2019Adults de Salut Mental reuneixen 140 professionals per reflexionar sobre l\u2019abordatge integral dels trastorns de personalitat<\/strong><\/h3>\n\n\n\n<p>Aquest dijous 22 de maig, la Fundaci\u00f3 Hospital\u00e0ries ha acollit a Barcelona les V Jornades Catalanes d\u2019Hospitals de Dia d\u2019Adults de Salut Mental, una trobada que ha reunit m\u00e9s de 140 professionals del sector sanitari i social. Sota el t\u00edtol \u201cLaberints de l\u2019\u00e0nima: un viatge pel trastorn de la personalitat\u201d, l\u2019edici\u00f3 d\u2019enguany ha centrat el seu focus en els trastorns de personalitat, amb especial atenci\u00f3 al Trastorn L\u00edmit de la Personalitat (TLP).<\/p>\n\n\n\n<p>La jornada ha estat inaugurada la Dra. Pilar Muley, coordinadora d\u2019Atenci\u00f3 Comunit\u00e0ria en Salut Mental d\u2019Adults a Vilafranca del Pened\u00e8s i pel Dr. Pedro Roy, coordinador assistencial territorial de la Fundaci\u00f3 Hospital\u00e0ries a Catalunya i director m\u00e8dic de la Fundaci\u00f3 Hospital\u00e0ries Barcelona Nord que ha destacat que \u201cels hospitals de dia s\u00f3n un element indispensable per con\u00e8ixer la malaltia de la persona en una situaci\u00f3 no tan aguda, per\u00f2 sobretot per con\u00e8ixer la persona. \u00c9s clau pel nou model d\u2019atenci\u00f3 social i sanit\u00e0ria\u201d.<\/p>\n\n\n\n<figure class=\"wp-block-image size-large\"><img loading=\"lazy\" decoding=\"async\" width=\"1600\" height=\"900\" src=\"https:\/\/fundaciohospitalariesmartorell.org\/entre-tots\/wp-content\/uploads\/2025\/05\/WhatsApp-Image-2025-05-26-at-09.04.18-edited.jpeg\" alt=\"\" class=\"wp-image-11499\" srcset=\"https:\/\/fundaciohospitalariesmartorell.org\/entre-tots\/wp-content\/uploads\/2025\/05\/WhatsApp-Image-2025-05-26-at-09.04.18-edited.jpeg 1600w, https:\/\/fundaciohospitalariesmartorell.org\/entre-tots\/wp-content\/uploads\/2025\/05\/WhatsApp-Image-2025-05-26-at-09.04.18-edited-300x169.jpeg 300w, https:\/\/fundaciohospitalariesmartorell.org\/entre-tots\/wp-content\/uploads\/2025\/05\/WhatsApp-Image-2025-05-26-at-09.04.18-edited-1024x576.jpeg 1024w, https:\/\/fundaciohospitalariesmartorell.org\/entre-tots\/wp-content\/uploads\/2025\/05\/WhatsApp-Image-2025-05-26-at-09.04.18-edited-768x432.jpeg 768w, https:\/\/fundaciohospitalariesmartorell.org\/entre-tots\/wp-content\/uploads\/2025\/05\/WhatsApp-Image-2025-05-26-at-09.04.18-edited-1536x864.jpeg 1536w, https:\/\/fundaciohospitalariesmartorell.org\/entre-tots\/wp-content\/uploads\/2025\/05\/WhatsApp-Image-2025-05-26-at-09.04.18-edited-1320x743.jpeg 1320w\" sizes=\"auto, (max-width: 1600px) 100vw, 1600px\" \/><\/figure>\n\n\n\n<h3 class=\"wp-block-heading\"><strong>Una jornada centrada en el coneixement i l\u2019abordatge<\/strong><\/h3>\n\n\n\n<p>La confer\u00e8ncia inaugural, Actualitzaci\u00f3 en el tractament del TLP, ha anat a c\u00e0rrec de Dolores Mosquera, psic\u00f2loga i psicoterapeuta, directora de l\u2019Institut per a l\u2019Estudi del Trauma i els Trastorns de la Personalitat (INTRA-TP). Mosquera ha fet refer\u00e8ncia als mites i realitats sobre les persones amb TLP, fent reflexions de cara als terapeutes i explicant l\u2019estructura de treball de l\u2019INTRA-TP.<\/p>\n\n\n\n<p>A continuaci\u00f3, la jornada ha continuat amb dues taules tem\u00e0tiques. La primera taula ha abordat intervencions espec\u00edfiques, amb les aportacions del Dr. Marc Ferrer, psiquiatre i cap de la Secci\u00f3 d\u2019Hospitalitzaci\u00f3 del Servei de Psiquiatria de l\u2019Hospital Vall d\u2019Hebron, i M\u00f2nica V\u00e1llez, psic\u00f2loga cl\u00ednica en Hospital de Dia de Granollers. El Dr. Ferrer ha parlat sobre el Programa TaySH, la intervenci\u00f3 psicoterap\u00e8utica per a conductes autolesives no su\u00efcides en adolescents i joves adults, i la Sra. V\u00e1llez ha explicat les actuacions concretes del Programa d\u2019atenci\u00f3 intensiva per al TLP a l\u2019Hospital de Dia de Granollers.<\/p>\n\n\n\n<p>La segona taula, centrada en les perspectives de tractament, ha comptat amb pon\u00e8ncies del Dr. \u00c1lvaro Fr\u00edas, psic\u00f2leg cl\u00ednic del Programa TLP de l\u2019Hospital de Matar\u00f3, i del Dr. Juan Carlos Pascual, psiquiatre de la Unitat de TLP de l\u2019Hospital de la Santa Creu i Sant Pau. El Dr. Fr\u00edas reflexionat sobre l\u2019aplicaci\u00f3 de noves tecnologies en l\u2019abordatge del trastorn l\u00edmit de la personalitat i ha alertat sobre la problem\u00e0tica de l\u2019\u00fas d\u2019eines tecnol\u00f2giques no nom\u00e9s com a complement de la ter\u00e0pia, sin\u00f3 com a substituci\u00f3 del proc\u00e9s terap\u00e8utic i el vincle hum\u00e0: \u201c\u00c9s habitual que el pacient faci servir ChatGPT com a ter\u00e0pia i que fins i tot expliqui coses a la intel.lig\u00e8ncia artificial que al propi terapeuta\u201d. D\u2019altra banda, el Dr. Pascual ha parlat sobre el tractament farmacol\u00f2gic en el TLP, amb diverses reflexions sobre l\u2019\u00fas de f\u00e0rmacs en la pr\u00e0ctica cl\u00ednica.<\/p>\n\n\n\n<p>Com a tancament de la jornada, s\u2019ha fet lliurament del premi Dr. Larraz al millor p\u00f2ster cient\u00edfic, reconeixent la tasca d\u2019investigaci\u00f3 i innovaci\u00f3 en l\u2019\u00e0mbit dels Hospitals de Dia. El treball premiat \u00e9s \u201cLa continu\u00eftat assistencial despr\u00e9s de l\u2019Hospitalitzaci\u00f3 Parcial\u201d, realitzat per l\u2019Hospital de Dia de l\u2019Alt Maresme, de la Comunitat Terap\u00e8utica del Maresme.<\/p>\n\n\n\n<div class=\"wp-block-getwid-images-slider has-arrows-inside has-dots-inside has-images-center has-cropped-images\"><div class=\"wp-block-getwid-images-slider__wrapper\" data-effect=\"fade\" data-slides-show=\"1\" data-slides-show-laptop=\"1\" data-slides-show-tablet=\"1\" data-slides-show-mobile=\"1\" data-slides-scroll=\"1\" data-autoplay=\"false\" data-pause-hover=\"false\" data-autoplay-speed=\"6000\" data-infinite=\"true\" data-animation-speed=\"800\" data-center-mode=\"false\" data-variable-width=\"false\" data-arrows=\"inside\" data-dots=\"inside\" data-spacing=\"none\"><div class=\"wp-block-getwid-images-slider__item\"><figure><img loading=\"lazy\" decoding=\"async\" width=\"1600\" height=\"1201\" src=\"https:\/\/fundaciohospitalariesmartorell.org\/entre-tots\/wp-content\/uploads\/2025\/05\/WhatsApp-Image-2025-05-26-at-09.05.18.jpeg\" data-id=\"11500\" data-link=\"https:\/\/fundaciohospitalariesmartorell.org\/entre-tots\/2025\/05\/laberints-de-lanima-una-jornada-per-aprofundir-en-el-trastorn-limit-de-la-personalitat\/whatsapp-image-2025-05-26-at-09-05-18\/\" data-original-link=\"https:\/\/fundaciohospitalariesmartorell.org\/entre-tots\/wp-content\/uploads\/2025\/05\/WhatsApp-Image-2025-05-26-at-09.05.18.jpeg\" class=\"wp-block-getwid-images-slider__image wp-image-11500\" srcset=\"https:\/\/fundaciohospitalariesmartorell.org\/entre-tots\/wp-content\/uploads\/2025\/05\/WhatsApp-Image-2025-05-26-at-09.05.18.jpeg 1600w, https:\/\/fundaciohospitalariesmartorell.org\/entre-tots\/wp-content\/uploads\/2025\/05\/WhatsApp-Image-2025-05-26-at-09.05.18-300x225.jpeg 300w, https:\/\/fundaciohospitalariesmartorell.org\/entre-tots\/wp-content\/uploads\/2025\/05\/WhatsApp-Image-2025-05-26-at-09.05.18-1024x769.jpeg 1024w, https:\/\/fundaciohospitalariesmartorell.org\/entre-tots\/wp-content\/uploads\/2025\/05\/WhatsApp-Image-2025-05-26-at-09.05.18-768x576.jpeg 768w, https:\/\/fundaciohospitalariesmartorell.org\/entre-tots\/wp-content\/uploads\/2025\/05\/WhatsApp-Image-2025-05-26-at-09.05.18-1536x1153.jpeg 1536w, https:\/\/fundaciohospitalariesmartorell.org\/entre-tots\/wp-content\/uploads\/2025\/05\/WhatsApp-Image-2025-05-26-at-09.05.18-1320x991.jpeg 1320w\" sizes=\"auto, (max-width: 1600px) 100vw, 1600px\" \/><\/figure><\/div><div class=\"wp-block-getwid-images-slider__item\"><figure><img loading=\"lazy\" decoding=\"async\" width=\"1600\" height=\"1201\" src=\"https:\/\/fundaciohospitalariesmartorell.org\/entre-tots\/wp-content\/uploads\/2025\/05\/WhatsApp-Image-2025-05-26-at-09.05.18-3.jpeg\" data-id=\"11501\" data-link=\"https:\/\/fundaciohospitalariesmartorell.org\/entre-tots\/2025\/05\/laberints-de-lanima-una-jornada-per-aprofundir-en-el-trastorn-limit-de-la-personalitat\/whatsapp-image-2025-05-26-at-09-05-18-3\/\" data-original-link=\"https:\/\/fundaciohospitalariesmartorell.org\/entre-tots\/wp-content\/uploads\/2025\/05\/WhatsApp-Image-2025-05-26-at-09.05.18-3.jpeg\" class=\"wp-block-getwid-images-slider__image wp-image-11501\" srcset=\"https:\/\/fundaciohospitalariesmartorell.org\/entre-tots\/wp-content\/uploads\/2025\/05\/WhatsApp-Image-2025-05-26-at-09.05.18-3.jpeg 1600w, https:\/\/fundaciohospitalariesmartorell.org\/entre-tots\/wp-content\/uploads\/2025\/05\/WhatsApp-Image-2025-05-26-at-09.05.18-3-300x225.jpeg 300w, https:\/\/fundaciohospitalariesmartorell.org\/entre-tots\/wp-content\/uploads\/2025\/05\/WhatsApp-Image-2025-05-26-at-09.05.18-3-1024x769.jpeg 1024w, https:\/\/fundaciohospitalariesmartorell.org\/entre-tots\/wp-content\/uploads\/2025\/05\/WhatsApp-Image-2025-05-26-at-09.05.18-3-768x576.jpeg 768w, https:\/\/fundaciohospitalariesmartorell.org\/entre-tots\/wp-content\/uploads\/2025\/05\/WhatsApp-Image-2025-05-26-at-09.05.18-3-1536x1153.jpeg 1536w, https:\/\/fundaciohospitalariesmartorell.org\/entre-tots\/wp-content\/uploads\/2025\/05\/WhatsApp-Image-2025-05-26-at-09.05.18-3-1320x991.jpeg 1320w\" sizes=\"auto, (max-width: 1600px) 100vw, 1600px\" \/><\/figure><\/div><div class=\"wp-block-getwid-images-slider__item\"><figure><img loading=\"lazy\" decoding=\"async\" width=\"1600\" height=\"1201\" src=\"https:\/\/fundaciohospitalariesmartorell.org\/entre-tots\/wp-content\/uploads\/2025\/05\/WhatsApp-Image-2025-05-26-at-09.05.18-2.jpeg\" data-id=\"11503\" data-link=\"https:\/\/fundaciohospitalariesmartorell.org\/entre-tots\/2025\/05\/laberints-de-lanima-una-jornada-per-aprofundir-en-el-trastorn-limit-de-la-personalitat\/whatsapp-image-2025-05-26-at-09-05-18-2\/\" data-original-link=\"https:\/\/fundaciohospitalariesmartorell.org\/entre-tots\/wp-content\/uploads\/2025\/05\/WhatsApp-Image-2025-05-26-at-09.05.18-2.jpeg\" class=\"wp-block-getwid-images-slider__image wp-image-11503\" srcset=\"https:\/\/fundaciohospitalariesmartorell.org\/entre-tots\/wp-content\/uploads\/2025\/05\/WhatsApp-Image-2025-05-26-at-09.05.18-2.jpeg 1600w, https:\/\/fundaciohospitalariesmartorell.org\/entre-tots\/wp-content\/uploads\/2025\/05\/WhatsApp-Image-2025-05-26-at-09.05.18-2-300x225.jpeg 300w, https:\/\/fundaciohospitalariesmartorell.org\/entre-tots\/wp-content\/uploads\/2025\/05\/WhatsApp-Image-2025-05-26-at-09.05.18-2-1024x769.jpeg 1024w, https:\/\/fundaciohospitalariesmartorell.org\/entre-tots\/wp-content\/uploads\/2025\/05\/WhatsApp-Image-2025-05-26-at-09.05.18-2-768x576.jpeg 768w, https:\/\/fundaciohospitalariesmartorell.org\/entre-tots\/wp-content\/uploads\/2025\/05\/WhatsApp-Image-2025-05-26-at-09.05.18-2-1536x1153.jpeg 1536w, https:\/\/fundaciohospitalariesmartorell.org\/entre-tots\/wp-content\/uploads\/2025\/05\/WhatsApp-Image-2025-05-26-at-09.05.18-2-1320x991.jpeg 1320w\" sizes=\"auto, (max-width: 1600px) 100vw, 1600px\" \/><\/figure><\/div><div class=\"wp-block-getwid-images-slider__item\"><figure><img loading=\"lazy\" decoding=\"async\" width=\"1600\" height=\"1201\" src=\"https:\/\/fundaciohospitalariesmartorell.org\/entre-tots\/wp-content\/uploads\/2025\/05\/WhatsApp-Image-2025-05-26-at-09.05.18-1-1.jpeg\" data-id=\"11504\" data-link=\"https:\/\/fundaciohospitalariesmartorell.org\/entre-tots\/2025\/05\/laberints-de-lanima-una-jornada-per-aprofundir-en-el-trastorn-limit-de-la-personalitat\/whatsapp-image-2025-05-26-at-09-05-18-1-2\/\" data-original-link=\"https:\/\/fundaciohospitalariesmartorell.org\/entre-tots\/wp-content\/uploads\/2025\/05\/WhatsApp-Image-2025-05-26-at-09.05.18-1-1.jpeg\" class=\"wp-block-getwid-images-slider__image wp-image-11504\" srcset=\"https:\/\/fundaciohospitalariesmartorell.org\/entre-tots\/wp-content\/uploads\/2025\/05\/WhatsApp-Image-2025-05-26-at-09.05.18-1-1.jpeg 1600w, https:\/\/fundaciohospitalariesmartorell.org\/entre-tots\/wp-content\/uploads\/2025\/05\/WhatsApp-Image-2025-05-26-at-09.05.18-1-1-300x225.jpeg 300w, https:\/\/fundaciohospitalariesmartorell.org\/entre-tots\/wp-content\/uploads\/2025\/05\/WhatsApp-Image-2025-05-26-at-09.05.18-1-1-1024x769.jpeg 1024w, https:\/\/fundaciohospitalariesmartorell.org\/entre-tots\/wp-content\/uploads\/2025\/05\/WhatsApp-Image-2025-05-26-at-09.05.18-1-1-768x576.jpeg 768w, https:\/\/fundaciohospitalariesmartorell.org\/entre-tots\/wp-content\/uploads\/2025\/05\/WhatsApp-Image-2025-05-26-at-09.05.18-1-1-1536x1153.jpeg 1536w, https:\/\/fundaciohospitalariesmartorell.org\/entre-tots\/wp-content\/uploads\/2025\/05\/WhatsApp-Image-2025-05-26-at-09.05.18-1-1-1320x991.jpeg 1320w\" sizes=\"auto, (max-width: 1600px) 100vw, 1600px\" \/><\/figure><\/div><\/div><\/div>\n\n\n\n<h3 class=\"wp-block-heading\"><strong>Compartint experi\u00e8ncies des de la pr\u00e0ctica cl\u00ednica<\/strong><\/h3>\n\n\n\n<p>La jornada ha continuat a la tarda amb espais de treball en grup petit, refor\u00e7ant el car\u00e0cter participatiu de l\u2019esdeveniment. Ha estat en tres sessions: \u2018Acompanyant grups multidiagn\u00f2stic: reptes i fortaleses\u2019, \u2018Intervenci\u00f3 transdiagn\u00f2stica en cognici\u00f3 social des d\u2019Hospital de Dia\u2019 i \u2018Abordatge psicoterap\u00e8utic del TLP en un Hospital de Dia de psiquiatria\u2019.<\/p>\n\n\n\n<p>Aquestes jornades, organitzades per la Fundaci\u00f3 Hospital\u00e0ries amb el suport de professionals d\u2019arreu del territori, han tingut com a objectiu afavorir una visi\u00f3 integral del Trastorn L\u00edmit de la Personalitat, promoure l\u2019intercanvi de coneixement i posar en valor la tasca dels Hospitals de Dia com a dispositius clau dins la xarxa de salut mental.<\/p>\n\n\n\n<p>Amb una alta participaci\u00f3 i una gran qualitat cient\u00edfica en les intervencions, aquesta cinquena edici\u00f3 consolida el seu paper com a espai de refer\u00e8ncia per a la formaci\u00f3, la reflexi\u00f3 i la millora cont\u00ednua dels serveis assistencials.<\/p>\n","protected":false},"excerpt":{"rendered":"<p>Les V Jornades Catalanes d\u2019Hospitals de Dia d\u2019Adults de Salut Mental reuneixen 140 professionals per reflexionar sobre l\u2019abordatge integral dels trastorns de personalitat Aquest dijous 22 de maig, la Fundaci\u00f3 Hospital\u00e0ries ha acollit a Barcelona les V Jornades Catalanes d\u2019Hospitals de Dia d\u2019Adults de Salut Mental, una trobada que ha reunit m\u00e9s de 140 professionals [&hellip;]<\/p>\n","protected":false},"author":6,"featured_media":11497,"comment_status":"closed","ping_status":"closed","sticky":false,"template":"","format":"standard","meta":{"footnotes":""},"categories":[27],"tags":[],"class_list":["post-11496","post","type-post","status-publish","format-standard","has-post-thumbnail","hentry","category-actualitat"],"blocksy_meta":[],"featured_image_urls_v2":{"full":["https:\/\/fundaciohospitalariesmartorell.org\/entre-tots\/wp-content\/uploads\/2025\/05\/WhatsApp-Image-2025-05-26-at-09.03.21.jpeg",1600,1201,false],"thumbnail":["https:\/\/fundaciohospitalariesmartorell.org\/entre-tots\/wp-content\/uploads\/2025\/05\/WhatsApp-Image-2025-05-26-at-09.03.21-150x150.jpeg",150,150,true],"medium":["https:\/\/fundaciohospitalariesmartorell.org\/entre-tots\/wp-content\/uploads\/2025\/05\/WhatsApp-Image-2025-05-26-at-09.03.21-300x225.jpeg",300,225,true],"medium_large":["https:\/\/fundaciohospitalariesmartorell.org\/entre-tots\/wp-content\/uploads\/2025\/05\/WhatsApp-Image-2025-05-26-at-09.03.21-768x576.jpeg",768,576,true],"large":["https:\/\/fundaciohospitalariesmartorell.org\/entre-tots\/wp-content\/uploads\/2025\/05\/WhatsApp-Image-2025-05-26-at-09.03.21-1024x769.jpeg",1024,769,true],"1536x1536":["https:\/\/fundaciohospitalariesmartorell.org\/entre-tots\/wp-content\/uploads\/2025\/05\/WhatsApp-Image-2025-05-26-at-09.03.21-1536x1153.jpeg",1536,1153,true],"2048x2048":["https:\/\/fundaciohospitalariesmartorell.org\/entre-tots\/wp-content\/uploads\/2025\/05\/WhatsApp-Image-2025-05-26-at-09.03.21.jpeg",1600,1201,false],"mailpoet_newsletter_max":["https:\/\/fundaciohospitalariesmartorell.org\/entre-tots\/wp-content\/uploads\/2025\/05\/WhatsApp-Image-2025-05-26-at-09.03.21-1320x991.jpeg",1320,991,true]},"post_excerpt_stackable_v2":"<p>Les V Jornades Catalanes d\u2019Hospitals de Dia d\u2019Adults de Salut Mental reuneixen 140 professionals per reflexionar sobre l\u2019abordatge integral dels trastorns de personalitat Aquest dijous 22 de maig, la Fundaci\u00f3 Hospital\u00e0ries ha acollit a Barcelona les V Jornades Catalanes d\u2019Hospitals de Dia d\u2019Adults de Salut Mental, una trobada que ha reunit m\u00e9s de 140 professionals del sector sanitari i social. Sota el t\u00edtol \u201cLaberints de l\u2019\u00e0nima: un viatge pel trastorn de la personalitat\u201d, l\u2019edici\u00f3 d\u2019enguany ha centrat el seu focus en els trastorns de personalitat, amb especial atenci\u00f3 al Trastorn L\u00edmit de la Personalitat (TLP). La jornada ha estat inaugurada&hellip;<\/p>\n","category_list_v2":"<a href=\"https:\/\/fundaciohospitalariesmartorell.org\/entre-tots\/category\/actualitat\/\" rel=\"category tag\">ACTUALITAT<\/a>","author_info_v2":{"name":"Martorell_comunicacio","url":"https:\/\/fundaciohospitalariesmartorell.org\/entre-tots\/author\/martorell_comunicacio\/"},"comments_num_v2":"0 comments","_links":{"self":[{"href":"https:\/\/fundaciohospitalariesmartorell.org\/entre-tots\/wp-json\/wp\/v2\/posts\/11496","targetHints":{"allow":["GET"]}}],"collection":[{"href":"https:\/\/fundaciohospitalariesmartorell.org\/entre-tots\/wp-json\/wp\/v2\/posts"}],"about":[{"href":"https:\/\/fundaciohospitalariesmartorell.org\/entre-tots\/wp-json\/wp\/v2\/types\/post"}],"author":[{"embeddable":true,"href":"https:\/\/fundaciohospitalariesmartorell.org\/entre-tots\/wp-json\/wp\/v2\/users\/6"}],"replies":[{"embeddable":true,"href":"https:\/\/fundaciohospitalariesmartorell.org\/entre-tots\/wp-json\/wp\/v2\/comments?post=11496"}],"version-history":[{"count":4,"href":"https:\/\/fundaciohospitalariesmartorell.org\/entre-tots\/wp-json\/wp\/v2\/posts\/11496\/revisions"}],"predecessor-version":[{"id":11509,"href":"https:\/\/fundaciohospitalariesmartorell.org\/entre-tots\/wp-json\/wp\/v2\/posts\/11496\/revisions\/11509"}],"wp:featuredmedia":[{"embeddable":true,"href":"https:\/\/fundaciohospitalariesmartorell.org\/entre-tots\/wp-json\/wp\/v2\/media\/11497"}],"wp:attachment":[{"href":"https:\/\/fundaciohospitalariesmartorell.org\/entre-tots\/wp-json\/wp\/v2\/media?parent=11496"}],"wp:term":[{"taxonomy":"category","embeddable":true,"href":"https:\/\/fundaciohospitalariesmartorell.org\/entre-tots\/wp-json\/wp\/v2\/categories?post=11496"},{"taxonomy":"post_tag","embeddable":true,"href":"https:\/\/fundaciohospitalariesmartorell.org\/entre-tots\/wp-json\/wp\/v2\/tags?post=11496"}],"curies":[{"name":"wp","href":"https:\/\/api.w.org\/{rel}","templated":true}]}}