{"id":11510,"date":"2025-05-26T10:08:38","date_gmt":"2025-05-26T09:08:38","guid":{"rendered":"https:\/\/fundaciohospitalariesmartorell.org\/entre-tots\/?p=11510"},"modified":"2025-05-26T10:24:16","modified_gmt":"2025-05-26T09:24:16","slug":"abel-rivas-exposa-quadres-de-la-historia-de-la-humanitat-al-casal-civic-de-berga","status":"publish","type":"post","link":"https:\/\/fundaciohospitalariesmartorell.org\/entre-tots\/2025\/05\/abel-rivas-exposa-quadres-de-la-historia-de-la-humanitat-al-casal-civic-de-berga\/","title":{"rendered":"Abel Rivas exposa \u201cQuadres de la hist\u00f2ria de la humanitat\u201d al Casal C\u00edvic de Berga"},"content":{"rendered":"\n<figure class=\"wp-block-image size-large\"><img loading=\"lazy\" decoding=\"async\" width=\"1024\" height=\"768\" src=\"https:\/\/fundaciohospitalariesmartorell.org\/entre-tots\/wp-content\/uploads\/2025\/05\/WhatsApp-Image-2025-05-20-at-15.43.41-1024x768.jpeg\" alt=\"\" class=\"wp-image-11511\" srcset=\"https:\/\/fundaciohospitalariesmartorell.org\/entre-tots\/wp-content\/uploads\/2025\/05\/WhatsApp-Image-2025-05-20-at-15.43.41-1024x768.jpeg 1024w, https:\/\/fundaciohospitalariesmartorell.org\/entre-tots\/wp-content\/uploads\/2025\/05\/WhatsApp-Image-2025-05-20-at-15.43.41-300x225.jpeg 300w, https:\/\/fundaciohospitalariesmartorell.org\/entre-tots\/wp-content\/uploads\/2025\/05\/WhatsApp-Image-2025-05-20-at-15.43.41-768x576.jpeg 768w, https:\/\/fundaciohospitalariesmartorell.org\/entre-tots\/wp-content\/uploads\/2025\/05\/WhatsApp-Image-2025-05-20-at-15.43.41-1536x1152.jpeg 1536w, https:\/\/fundaciohospitalariesmartorell.org\/entre-tots\/wp-content\/uploads\/2025\/05\/WhatsApp-Image-2025-05-20-at-15.43.41-1320x990.jpeg 1320w, https:\/\/fundaciohospitalariesmartorell.org\/entre-tots\/wp-content\/uploads\/2025\/05\/WhatsApp-Image-2025-05-20-at-15.43.41.jpeg 1600w\" sizes=\"auto, (max-width: 1024px) 100vw, 1024px\" \/><\/figure>\n\n\n\n<p>Des del passat 21 de maig, el Casal C\u00edvic de Berga acull l\u2019exposici\u00f3 de pintura \u201cQuadres de la hist\u00f2ria de la humanitat\u201d, de l\u2019artista Abel Rivas, vinculat al Servei de Rehabilitaci\u00f3 Comunit\u00e0ria (SRC), on participa activament en el taller de pintura.<\/p>\n\n\n\n<p>Amb una t\u00e8cnica que combina acr\u00edlic, oli i dibuix, l&#8217;Abel representa escenes inspirades en la hist\u00f2ria, la imaginaci\u00f3 i el cinema. \u201cS\u00f3c molt cin\u00e8fil, moltes de les idees les trec de pel\u00b7l\u00edcules, documentals, castells antics o escenes de la vida d\u2019abans\u201d, comenta. L\u2019exposici\u00f3 recull una selecci\u00f3 d\u2019obres creades al llarg de l\u2019any a l\u2019espai de taller del SRC.<\/p>\n\n\n\n<p>L&#8217;Abel va comen\u00e7ar a dibuixar als cinc anys, i va tenir la sort de formar-se amb Angelina, una reconeguda pintora de Berga. Des d\u2019aleshores, la pintura s\u2019ha convertit en una eina d\u2019expressi\u00f3 personal i un canal per compartir la seva mirada sobre el m\u00f3n.<\/p>\n\n\n\n<figure class=\"wp-block-image size-large\"><img loading=\"lazy\" decoding=\"async\" width=\"1024\" height=\"768\" src=\"https:\/\/fundaciohospitalariesmartorell.org\/entre-tots\/wp-content\/uploads\/2025\/05\/WhatsApp-Image-2025-05-21-at-12.10.26-1024x768.jpeg\" alt=\"\" class=\"wp-image-11512\" srcset=\"https:\/\/fundaciohospitalariesmartorell.org\/entre-tots\/wp-content\/uploads\/2025\/05\/WhatsApp-Image-2025-05-21-at-12.10.26-1024x768.jpeg 1024w, https:\/\/fundaciohospitalariesmartorell.org\/entre-tots\/wp-content\/uploads\/2025\/05\/WhatsApp-Image-2025-05-21-at-12.10.26-300x225.jpeg 300w, https:\/\/fundaciohospitalariesmartorell.org\/entre-tots\/wp-content\/uploads\/2025\/05\/WhatsApp-Image-2025-05-21-at-12.10.26-768x576.jpeg 768w, https:\/\/fundaciohospitalariesmartorell.org\/entre-tots\/wp-content\/uploads\/2025\/05\/WhatsApp-Image-2025-05-21-at-12.10.26-1536x1152.jpeg 1536w, https:\/\/fundaciohospitalariesmartorell.org\/entre-tots\/wp-content\/uploads\/2025\/05\/WhatsApp-Image-2025-05-21-at-12.10.26-1320x990.jpeg 1320w, https:\/\/fundaciohospitalariesmartorell.org\/entre-tots\/wp-content\/uploads\/2025\/05\/WhatsApp-Image-2025-05-21-at-12.10.26.jpeg 1600w\" sizes=\"auto, (max-width: 1024px) 100vw, 1024px\" \/><\/figure>\n\n\n\n<p>L\u2019exposici\u00f3 \u00e9s tamb\u00e9 una oportunitat per donar a con\u00e8ixer el seu treball al p\u00fablic de la ciutat. Tal com ell diu, \u201cel Casal C\u00edvic \u00e9s un espai on hi passa gent de totes les edats, \u00e9s un lloc molt viu i social, ideal per mostrar els meus quadres\u201d.<\/p>\n\n\n\n<p>Les obres estan disponibles per a la venda, amb preus que oscil\u00b7len entre els 50 i els 100 euros, per\u00f2 sobretot l\u2019exposici\u00f3 \u00e9s una finestra oberta perqu\u00e8 la gent conegui el seu art i el seu proc\u00e9s creatiu.<\/p>\n\n\n\n<p><\/p>\n","protected":false},"excerpt":{"rendered":"<p>Des del passat 21 de maig, el Casal C\u00edvic de Berga acull l\u2019exposici\u00f3 de pintura \u201cQuadres de la hist\u00f2ria de la humanitat\u201d, de l\u2019artista Abel Rivas, vinculat al Servei de Rehabilitaci\u00f3 Comunit\u00e0ria (SRC), on participa activament en el taller de pintura. Amb una t\u00e8cnica que combina acr\u00edlic, oli i dibuix, l&#8217;Abel representa escenes inspirades en [&hellip;]<\/p>\n","protected":false},"author":6,"featured_media":11511,"comment_status":"closed","ping_status":"closed","sticky":false,"template":"","format":"standard","meta":{"footnotes":""},"categories":[27,57],"tags":[],"class_list":["post-11510","post","type-post","status-publish","format-standard","has-post-thumbnail","hentry","category-actualitat","category-usuaris-es"],"blocksy_meta":[],"featured_image_urls_v2":{"full":["https:\/\/fundaciohospitalariesmartorell.org\/entre-tots\/wp-content\/uploads\/2025\/05\/WhatsApp-Image-2025-05-20-at-15.43.41.jpeg",1600,1200,false],"thumbnail":["https:\/\/fundaciohospitalariesmartorell.org\/entre-tots\/wp-content\/uploads\/2025\/05\/WhatsApp-Image-2025-05-20-at-15.43.41-150x150.jpeg",150,150,true],"medium":["https:\/\/fundaciohospitalariesmartorell.org\/entre-tots\/wp-content\/uploads\/2025\/05\/WhatsApp-Image-2025-05-20-at-15.43.41-300x225.jpeg",300,225,true],"medium_large":["https:\/\/fundaciohospitalariesmartorell.org\/entre-tots\/wp-content\/uploads\/2025\/05\/WhatsApp-Image-2025-05-20-at-15.43.41-768x576.jpeg",768,576,true],"large":["https:\/\/fundaciohospitalariesmartorell.org\/entre-tots\/wp-content\/uploads\/2025\/05\/WhatsApp-Image-2025-05-20-at-15.43.41-1024x768.jpeg",1024,768,true],"1536x1536":["https:\/\/fundaciohospitalariesmartorell.org\/entre-tots\/wp-content\/uploads\/2025\/05\/WhatsApp-Image-2025-05-20-at-15.43.41-1536x1152.jpeg",1536,1152,true],"2048x2048":["https:\/\/fundaciohospitalariesmartorell.org\/entre-tots\/wp-content\/uploads\/2025\/05\/WhatsApp-Image-2025-05-20-at-15.43.41.jpeg",1600,1200,false],"mailpoet_newsletter_max":["https:\/\/fundaciohospitalariesmartorell.org\/entre-tots\/wp-content\/uploads\/2025\/05\/WhatsApp-Image-2025-05-20-at-15.43.41-1320x990.jpeg",1320,990,true]},"post_excerpt_stackable_v2":"<p>Des del passat 21 de maig, el Casal C\u00edvic de Berga acull l\u2019exposici\u00f3 de pintura \u201cQuadres de la hist\u00f2ria de la humanitat\u201d, de l\u2019artista Abel Rivas, vinculat al Servei de Rehabilitaci\u00f3 Comunit\u00e0ria (SRC), on participa activament en el taller de pintura. Amb una t\u00e8cnica que combina acr\u00edlic, oli i dibuix, l&#8217;Abel representa escenes inspirades en la hist\u00f2ria, la imaginaci\u00f3 i el cinema. \u201cS\u00f3c molt cin\u00e8fil, moltes de les idees les trec de pel\u00b7l\u00edcules, documentals, castells antics o escenes de la vida d\u2019abans\u201d, comenta. L\u2019exposici\u00f3 recull una selecci\u00f3 d\u2019obres creades al llarg de l\u2019any a l\u2019espai de taller del SRC. L&#8217;Abel&hellip;<\/p>\n","category_list_v2":"<a href=\"https:\/\/fundaciohospitalariesmartorell.org\/entre-tots\/category\/actualitat\/\" rel=\"category tag\">ACTUALITAT<\/a>, <a href=\"https:\/\/fundaciohospitalariesmartorell.org\/entre-tots\/category\/actualitat\/usuaris-es\/\" rel=\"category tag\">USUARIS\/ES<\/a>","author_info_v2":{"name":"Martorell_comunicacio","url":"https:\/\/fundaciohospitalariesmartorell.org\/entre-tots\/author\/martorell_comunicacio\/"},"comments_num_v2":"0 comments","_links":{"self":[{"href":"https:\/\/fundaciohospitalariesmartorell.org\/entre-tots\/wp-json\/wp\/v2\/posts\/11510","targetHints":{"allow":["GET"]}}],"collection":[{"href":"https:\/\/fundaciohospitalariesmartorell.org\/entre-tots\/wp-json\/wp\/v2\/posts"}],"about":[{"href":"https:\/\/fundaciohospitalariesmartorell.org\/entre-tots\/wp-json\/wp\/v2\/types\/post"}],"author":[{"embeddable":true,"href":"https:\/\/fundaciohospitalariesmartorell.org\/entre-tots\/wp-json\/wp\/v2\/users\/6"}],"replies":[{"embeddable":true,"href":"https:\/\/fundaciohospitalariesmartorell.org\/entre-tots\/wp-json\/wp\/v2\/comments?post=11510"}],"version-history":[{"count":1,"href":"https:\/\/fundaciohospitalariesmartorell.org\/entre-tots\/wp-json\/wp\/v2\/posts\/11510\/revisions"}],"predecessor-version":[{"id":11513,"href":"https:\/\/fundaciohospitalariesmartorell.org\/entre-tots\/wp-json\/wp\/v2\/posts\/11510\/revisions\/11513"}],"wp:featuredmedia":[{"embeddable":true,"href":"https:\/\/fundaciohospitalariesmartorell.org\/entre-tots\/wp-json\/wp\/v2\/media\/11511"}],"wp:attachment":[{"href":"https:\/\/fundaciohospitalariesmartorell.org\/entre-tots\/wp-json\/wp\/v2\/media?parent=11510"}],"wp:term":[{"taxonomy":"category","embeddable":true,"href":"https:\/\/fundaciohospitalariesmartorell.org\/entre-tots\/wp-json\/wp\/v2\/categories?post=11510"},{"taxonomy":"post_tag","embeddable":true,"href":"https:\/\/fundaciohospitalariesmartorell.org\/entre-tots\/wp-json\/wp\/v2\/tags?post=11510"}],"curies":[{"name":"wp","href":"https:\/\/api.w.org\/{rel}","templated":true}]}}