{"id":11529,"date":"2025-05-27T13:23:57","date_gmt":"2025-05-27T12:23:57","guid":{"rendered":"https:\/\/fundaciohospitalariesmartorell.org\/entre-tots\/?p=11529"},"modified":"2025-05-27T13:23:57","modified_gmt":"2025-05-27T12:23:57","slug":"persones-usuaries-de-lhospital-visiten-la-sagrada-familia","status":"publish","type":"post","link":"https:\/\/fundaciohospitalariesmartorell.org\/entre-tots\/2025\/05\/persones-usuaries-de-lhospital-visiten-la-sagrada-familia\/","title":{"rendered":"Persones usu\u00e0ries de l&#8217;hospital visiten la Sagrada Fam\u00edlia\u00a0"},"content":{"rendered":"\n<figure class=\"wp-block-image size-large\"><img loading=\"lazy\" decoding=\"async\" width=\"1024\" height=\"576\" src=\"https:\/\/fundaciohospitalariesmartorell.org\/entre-tots\/wp-content\/uploads\/2025\/05\/image-5-1024x576.png\" alt=\"\" class=\"wp-image-11530\" srcset=\"https:\/\/fundaciohospitalariesmartorell.org\/entre-tots\/wp-content\/uploads\/2025\/05\/image-5-1024x576.png 1024w, https:\/\/fundaciohospitalariesmartorell.org\/entre-tots\/wp-content\/uploads\/2025\/05\/image-5-300x169.png 300w, https:\/\/fundaciohospitalariesmartorell.org\/entre-tots\/wp-content\/uploads\/2025\/05\/image-5-768x432.png 768w, https:\/\/fundaciohospitalariesmartorell.org\/entre-tots\/wp-content\/uploads\/2025\/05\/image-5-1536x865.png 1536w, https:\/\/fundaciohospitalariesmartorell.org\/entre-tots\/wp-content\/uploads\/2025\/05\/image-5-1320x743.png 1320w, https:\/\/fundaciohospitalariesmartorell.org\/entre-tots\/wp-content\/uploads\/2025\/05\/image-5.png 1679w\" sizes=\"auto, (max-width: 1024px) 100vw, 1024px\" \/><\/figure>\n\n\n\n<p>Un grup de persones usu\u00e0ries de la Fundaci\u00f3 Hospital\u00e0ries Martorell va poder gaudir el passat 30 d&#8217;abril d&#8217;una visita cultural a la bas\u00edlica de la Sagrada Fam\u00edlia de Barcelona. Gr\u00e0cies al suport d&#8217;Apropa Cultura i acompanyats per Sor Pilar Urra, un voluntari, i diversos professionals del centre, van poder con\u00e8ixer de prop l&#8217;obra mestra d&#8217;Antoni Gaud\u00ed.<\/p>\n\n\n\n<figure class=\"wp-block-image size-large\"><img loading=\"lazy\" decoding=\"async\" width=\"1024\" height=\"576\" src=\"https:\/\/fundaciohospitalariesmartorell.org\/entre-tots\/wp-content\/uploads\/2025\/05\/image-6-1024x576.png\" alt=\"\" class=\"wp-image-11531\" srcset=\"https:\/\/fundaciohospitalariesmartorell.org\/entre-tots\/wp-content\/uploads\/2025\/05\/image-6-1024x576.png 1024w, https:\/\/fundaciohospitalariesmartorell.org\/entre-tots\/wp-content\/uploads\/2025\/05\/image-6-300x169.png 300w, https:\/\/fundaciohospitalariesmartorell.org\/entre-tots\/wp-content\/uploads\/2025\/05\/image-6-768x432.png 768w, https:\/\/fundaciohospitalariesmartorell.org\/entre-tots\/wp-content\/uploads\/2025\/05\/image-6-1536x865.png 1536w, https:\/\/fundaciohospitalariesmartorell.org\/entre-tots\/wp-content\/uploads\/2025\/05\/image-6-1320x743.png 1320w, https:\/\/fundaciohospitalariesmartorell.org\/entre-tots\/wp-content\/uploads\/2025\/05\/image-6.png 1679w\" sizes=\"auto, (max-width: 1024px) 100vw, 1024px\" \/><\/figure>\n\n\n\n<p>La Gemma, la guia, va explicar amb detall la hist\u00f2ria, l&#8217;arquitectura i els elements simb\u00f2lics del temple. Tots els assistents van mostrar molt d&#8217;inter\u00e8s i curiositat, van fer moltes preguntes i van viure l&#8217;experi\u00e8ncia amb emoci\u00f3 i admiraci\u00f3 per la majestuositat del lloc.<\/p>\n\n\n\n<p>La sortida va finalitzar amb un dinar de germanor, amb un ambient dist\u00e8s i de conviv\u00e8ncia.<\/p>\n\n\n\n<p>Aquest tipus d&#8217;activitats afavoreixen la inclusi\u00f3 social i cultural de les persones atestes, a la vegada que reforcen els vincles entre els usuaris i el personal col\u00b7laborador del nostre hospital.<\/p>\n\n\n\n<figure class=\"wp-block-embed is-type-video is-provider-youtube wp-block-embed-youtube wp-embed-aspect-16-9 wp-has-aspect-ratio\"><div class=\"wp-block-embed__wrapper\">\n<iframe loading=\"lazy\" title=\"Visitem la Sagrada Familia\" width=\"1290\" height=\"726\" src=\"https:\/\/www.youtube.com\/embed\/St86PGVQFLM?feature=oembed\" frameborder=\"0\" allow=\"accelerometer; autoplay; clipboard-write; encrypted-media; gyroscope; picture-in-picture; web-share\" referrerpolicy=\"strict-origin-when-cross-origin\" allowfullscreen><\/iframe>\n<\/div><\/figure>\n","protected":false},"excerpt":{"rendered":"<p>Un grup de persones usu\u00e0ries de la Fundaci\u00f3 Hospital\u00e0ries Martorell va poder gaudir el passat 30 d&#8217;abril d&#8217;una visita cultural a la bas\u00edlica de la Sagrada Fam\u00edlia de Barcelona. Gr\u00e0cies al suport d&#8217;Apropa Cultura i acompanyats per Sor Pilar Urra, un voluntari, i diversos professionals del centre, van poder con\u00e8ixer de prop l&#8217;obra mestra d&#8217;Antoni [&hellip;]<\/p>\n","protected":false},"author":6,"featured_media":11531,"comment_status":"closed","ping_status":"","sticky":false,"template":"","format":"standard","meta":{"footnotes":""},"categories":[27,57],"tags":[],"class_list":["post-11529","post","type-post","status-publish","format-standard","has-post-thumbnail","hentry","category-actualitat","category-usuaris-es"],"blocksy_meta":[],"featured_image_urls_v2":{"full":["https:\/\/fundaciohospitalariesmartorell.org\/entre-tots\/wp-content\/uploads\/2025\/05\/image-6.png",1679,945,false],"thumbnail":["https:\/\/fundaciohospitalariesmartorell.org\/entre-tots\/wp-content\/uploads\/2025\/05\/image-6-150x150.png",150,150,true],"medium":["https:\/\/fundaciohospitalariesmartorell.org\/entre-tots\/wp-content\/uploads\/2025\/05\/image-6-300x169.png",300,169,true],"medium_large":["https:\/\/fundaciohospitalariesmartorell.org\/entre-tots\/wp-content\/uploads\/2025\/05\/image-6-768x432.png",768,432,true],"large":["https:\/\/fundaciohospitalariesmartorell.org\/entre-tots\/wp-content\/uploads\/2025\/05\/image-6-1024x576.png",1024,576,true],"1536x1536":["https:\/\/fundaciohospitalariesmartorell.org\/entre-tots\/wp-content\/uploads\/2025\/05\/image-6-1536x865.png",1536,865,true],"2048x2048":["https:\/\/fundaciohospitalariesmartorell.org\/entre-tots\/wp-content\/uploads\/2025\/05\/image-6.png",1679,945,false],"mailpoet_newsletter_max":["https:\/\/fundaciohospitalariesmartorell.org\/entre-tots\/wp-content\/uploads\/2025\/05\/image-6-1320x743.png",1320,743,true]},"post_excerpt_stackable_v2":"<p>Un grup de persones usu\u00e0ries de la Fundaci\u00f3 Hospital\u00e0ries Martorell va poder gaudir el passat 30 d&#8217;abril d&#8217;una visita cultural a la bas\u00edlica de la Sagrada Fam\u00edlia de Barcelona. Gr\u00e0cies al suport d&#8217;Apropa Cultura i acompanyats per Sor Pilar Urra, un voluntari, i diversos professionals del centre, van poder con\u00e8ixer de prop l&#8217;obra mestra d&#8217;Antoni Gaud\u00ed. La Gemma, la guia, va explicar amb detall la hist\u00f2ria, l&#8217;arquitectura i els elements simb\u00f2lics del temple. Tots els assistents van mostrar molt d&#8217;inter\u00e8s i curiositat, van fer moltes preguntes i van viure l&#8217;experi\u00e8ncia amb emoci\u00f3 i admiraci\u00f3 per la majestuositat del lloc. La&hellip;<\/p>\n","category_list_v2":"<a href=\"https:\/\/fundaciohospitalariesmartorell.org\/entre-tots\/category\/actualitat\/\" rel=\"category tag\">ACTUALITAT<\/a>, <a href=\"https:\/\/fundaciohospitalariesmartorell.org\/entre-tots\/category\/actualitat\/usuaris-es\/\" rel=\"category tag\">USUARIS\/ES<\/a>","author_info_v2":{"name":"Martorell_comunicacio","url":"https:\/\/fundaciohospitalariesmartorell.org\/entre-tots\/author\/martorell_comunicacio\/"},"comments_num_v2":"0 comments","_links":{"self":[{"href":"https:\/\/fundaciohospitalariesmartorell.org\/entre-tots\/wp-json\/wp\/v2\/posts\/11529","targetHints":{"allow":["GET"]}}],"collection":[{"href":"https:\/\/fundaciohospitalariesmartorell.org\/entre-tots\/wp-json\/wp\/v2\/posts"}],"about":[{"href":"https:\/\/fundaciohospitalariesmartorell.org\/entre-tots\/wp-json\/wp\/v2\/types\/post"}],"author":[{"embeddable":true,"href":"https:\/\/fundaciohospitalariesmartorell.org\/entre-tots\/wp-json\/wp\/v2\/users\/6"}],"replies":[{"embeddable":true,"href":"https:\/\/fundaciohospitalariesmartorell.org\/entre-tots\/wp-json\/wp\/v2\/comments?post=11529"}],"version-history":[{"count":1,"href":"https:\/\/fundaciohospitalariesmartorell.org\/entre-tots\/wp-json\/wp\/v2\/posts\/11529\/revisions"}],"predecessor-version":[{"id":11532,"href":"https:\/\/fundaciohospitalariesmartorell.org\/entre-tots\/wp-json\/wp\/v2\/posts\/11529\/revisions\/11532"}],"wp:featuredmedia":[{"embeddable":true,"href":"https:\/\/fundaciohospitalariesmartorell.org\/entre-tots\/wp-json\/wp\/v2\/media\/11531"}],"wp:attachment":[{"href":"https:\/\/fundaciohospitalariesmartorell.org\/entre-tots\/wp-json\/wp\/v2\/media?parent=11529"}],"wp:term":[{"taxonomy":"category","embeddable":true,"href":"https:\/\/fundaciohospitalariesmartorell.org\/entre-tots\/wp-json\/wp\/v2\/categories?post=11529"},{"taxonomy":"post_tag","embeddable":true,"href":"https:\/\/fundaciohospitalariesmartorell.org\/entre-tots\/wp-json\/wp\/v2\/tags?post=11529"}],"curies":[{"name":"wp","href":"https:\/\/api.w.org\/{rel}","templated":true}]}}