{"id":11539,"date":"2025-05-28T10:56:53","date_gmt":"2025-05-28T09:56:53","guid":{"rendered":"https:\/\/fundaciohospitalariesmartorell.org\/entre-tots\/?p=11539"},"modified":"2025-05-28T10:56:53","modified_gmt":"2025-05-28T09:56:53","slug":"la-comunitat-de-germanes-hospitalaries-sacomiada-de-martorell","status":"publish","type":"post","link":"https:\/\/fundaciohospitalariesmartorell.org\/entre-tots\/2025\/05\/la-comunitat-de-germanes-hospitalaries-sacomiada-de-martorell\/","title":{"rendered":"La Comunitat de Germanes Hospital\u00e0ries s&#8217;acomiada de Martorell"},"content":{"rendered":"\n<figure class=\"wp-block-image size-large\"><img loading=\"lazy\" decoding=\"async\" width=\"1024\" height=\"768\" src=\"https:\/\/fundaciohospitalariesmartorell.org\/entre-tots\/wp-content\/uploads\/2025\/05\/IMG_20230827_105756-1024x768.jpg\" alt=\"\" class=\"wp-image-11540\" srcset=\"https:\/\/fundaciohospitalariesmartorell.org\/entre-tots\/wp-content\/uploads\/2025\/05\/IMG_20230827_105756-1024x768.jpg 1024w, https:\/\/fundaciohospitalariesmartorell.org\/entre-tots\/wp-content\/uploads\/2025\/05\/IMG_20230827_105756-300x225.jpg 300w, https:\/\/fundaciohospitalariesmartorell.org\/entre-tots\/wp-content\/uploads\/2025\/05\/IMG_20230827_105756-768x576.jpg 768w, https:\/\/fundaciohospitalariesmartorell.org\/entre-tots\/wp-content\/uploads\/2025\/05\/IMG_20230827_105756-1536x1152.jpg 1536w, https:\/\/fundaciohospitalariesmartorell.org\/entre-tots\/wp-content\/uploads\/2025\/05\/IMG_20230827_105756-2048x1536.jpg 2048w, https:\/\/fundaciohospitalariesmartorell.org\/entre-tots\/wp-content\/uploads\/2025\/05\/IMG_20230827_105756-1320x990.jpg 1320w\" sizes=\"auto, (max-width: 1024px) 100vw, 1024px\" \/><\/figure>\n\n\n\n<p>Despr\u00e9s de m\u00e9s de seixanta anys de servei, dedicaci\u00f3 i pres\u00e8ncia activa al nostre centre, la comunitat de Germanes Hospital\u00e0ries del Sagrat Cor de Jes\u00fas, dins del proc\u00e9s de reconfiguraci\u00f3 de les comunitats que s&#8217;est\u00e0 duent a terme a la Prov\u00edncia d&#8217;Espanya, iniciar\u00e0 un canvi significatiu en la reubicaci\u00f3 de les religioses amb l&#8217;objectiu de donar resposta a les necessitats, demandes i projectes tant de les persones com dels grups existents al nostre pa\u00eds.<\/p>\n\n\n\n<p>Es tracta d&#8217;un proc\u00e9s natural en la vida de la Congregaci\u00f3, que reflecteix la necessitat de fer front als reptes presents i futurs amb noves perspectives i estructures, sense perdre de vista l&#8217;ess\u00e8ncia que les ha guiat des dels inicis.<\/p>\n\n\n\n<p>Amb aquesta reubicaci\u00f3 culmina una etapa hist\u00f2rica que ha deixat un testimoni d&#8217;incalculable valor al nostre hospital, tant en l&#8217;\u00e0mbit professional com en l&#8217;hum\u00e0. Les germanes han estat referents de proximitat, espiritualitat, sensibilitat i comprom\u00eds envers les persones ateses, les seves fam\u00edlies i el personal col\u00b7laborador.<\/p>\n\n\n\n<p>Volem expressar el nostre agra\u00efment a la comunitat de germanes per la seva entrega incondicional, pel seu acompanyament i per l&#8217;impuls constant que han donat al creixement del centre, tant en l&#8217;\u00e0mbit del desenvolupament assistencial com en l&#8217;alta especialitzaci\u00f3 assolida al llarg dels anys. La seva tasca ha estat tamb\u00e9 fonamental en la transmissi\u00f3 dels valors fundacionals, que han sabut encomanar amb generositat i convicci\u00f3 a tot l&#8217;equip professional.<\/p>\n\n\n\n<figure class=\"wp-block-image size-large\"><img loading=\"lazy\" decoding=\"async\" width=\"1920\" height=\"1080\" src=\"https:\/\/fundaciohospitalariesmartorell.org\/entre-tots\/wp-content\/uploads\/2025\/05\/thumbnail_2023-01-23-11.19.47-edited.jpg\" alt=\"\" class=\"wp-image-11542\" srcset=\"https:\/\/fundaciohospitalariesmartorell.org\/entre-tots\/wp-content\/uploads\/2025\/05\/thumbnail_2023-01-23-11.19.47-edited.jpg 1920w, https:\/\/fundaciohospitalariesmartorell.org\/entre-tots\/wp-content\/uploads\/2025\/05\/thumbnail_2023-01-23-11.19.47-edited-300x169.jpg 300w, https:\/\/fundaciohospitalariesmartorell.org\/entre-tots\/wp-content\/uploads\/2025\/05\/thumbnail_2023-01-23-11.19.47-edited-1024x576.jpg 1024w, https:\/\/fundaciohospitalariesmartorell.org\/entre-tots\/wp-content\/uploads\/2025\/05\/thumbnail_2023-01-23-11.19.47-edited-768x432.jpg 768w, https:\/\/fundaciohospitalariesmartorell.org\/entre-tots\/wp-content\/uploads\/2025\/05\/thumbnail_2023-01-23-11.19.47-edited-1536x864.jpg 1536w, https:\/\/fundaciohospitalariesmartorell.org\/entre-tots\/wp-content\/uploads\/2025\/05\/thumbnail_2023-01-23-11.19.47-edited-1320x743.jpg 1320w\" sizes=\"auto, (max-width: 1920px) 100vw, 1920px\" \/><\/figure>\n\n\n\n<p>Divendres 27 de juny a l&#8217;auditori de l&#8217;Hospital a partir de les 11 h tindr\u00e0 lloc, en el marc de la festivitat del Sagrat Cor, un sentit homenatge a la Comunitat de Germanes Hospital\u00e0ries. Us animem a escriure un petit missatge personal dirigit a elles a trav\u00e9s d&#8217;<a href=\"https:\/\/forms.office.com\/Pages\/ResponsePage.aspx?id=n9pJ5pnF-0SFjNlqzjLcVB0esSAccBdPodX-6fenaq9UM0dINTRZWFFERzFBSk9BOU5UTkNFNFMxTS4u\" target=\"_blank\" rel=\"noreferrer noopener\">aquest enlla\u00e7.<\/a> Totes les aportacions formaran part del nostre homenatge col\u00b7lectiu.<\/p>\n","protected":false},"excerpt":{"rendered":"<p>Despr\u00e9s de m\u00e9s de seixanta anys de servei, dedicaci\u00f3 i pres\u00e8ncia activa al nostre centre, la comunitat de Germanes Hospital\u00e0ries del Sagrat Cor de Jes\u00fas, dins del proc\u00e9s de reconfiguraci\u00f3 de les comunitats que s&#8217;est\u00e0 duent a terme a la Prov\u00edncia d&#8217;Espanya, iniciar\u00e0 un canvi significatiu en la reubicaci\u00f3 de les religioses amb l&#8217;objectiu de [&hellip;]<\/p>\n","protected":false},"author":6,"featured_media":11543,"comment_status":"closed","ping_status":"","sticky":false,"template":"","format":"standard","meta":{"footnotes":""},"categories":[27,56],"tags":[],"class_list":["post-11539","post","type-post","status-publish","format-standard","has-post-thumbnail","hentry","category-actualitat","category-bon-govern"],"blocksy_meta":[],"featured_image_urls_v2":{"full":["https:\/\/fundaciohospitalariesmartorell.org\/entre-tots\/wp-content\/uploads\/2025\/05\/Captura-de-pantalla-2025-05-28-115401.png",1116,754,false],"thumbnail":["https:\/\/fundaciohospitalariesmartorell.org\/entre-tots\/wp-content\/uploads\/2025\/05\/Captura-de-pantalla-2025-05-28-115401-150x150.png",150,150,true],"medium":["https:\/\/fundaciohospitalariesmartorell.org\/entre-tots\/wp-content\/uploads\/2025\/05\/Captura-de-pantalla-2025-05-28-115401-300x203.png",300,203,true],"medium_large":["https:\/\/fundaciohospitalariesmartorell.org\/entre-tots\/wp-content\/uploads\/2025\/05\/Captura-de-pantalla-2025-05-28-115401-768x519.png",768,519,true],"large":["https:\/\/fundaciohospitalariesmartorell.org\/entre-tots\/wp-content\/uploads\/2025\/05\/Captura-de-pantalla-2025-05-28-115401-1024x692.png",1024,692,true],"1536x1536":["https:\/\/fundaciohospitalariesmartorell.org\/entre-tots\/wp-content\/uploads\/2025\/05\/Captura-de-pantalla-2025-05-28-115401.png",1116,754,false],"2048x2048":["https:\/\/fundaciohospitalariesmartorell.org\/entre-tots\/wp-content\/uploads\/2025\/05\/Captura-de-pantalla-2025-05-28-115401.png",1116,754,false],"mailpoet_newsletter_max":["https:\/\/fundaciohospitalariesmartorell.org\/entre-tots\/wp-content\/uploads\/2025\/05\/Captura-de-pantalla-2025-05-28-115401.png",1116,754,false]},"post_excerpt_stackable_v2":"<p>Despr\u00e9s de m\u00e9s de seixanta anys de servei, dedicaci\u00f3 i pres\u00e8ncia activa al nostre centre, la comunitat de Germanes Hospital\u00e0ries del Sagrat Cor de Jes\u00fas, dins del proc\u00e9s de reconfiguraci\u00f3 de les comunitats que s&#8217;est\u00e0 duent a terme a la Prov\u00edncia d&#8217;Espanya, iniciar\u00e0 un canvi significatiu en la reubicaci\u00f3 de les religioses amb l&#8217;objectiu de donar resposta a les necessitats, demandes i projectes tant de les persones com dels grups existents al nostre pa\u00eds. Es tracta d&#8217;un proc\u00e9s natural en la vida de la Congregaci\u00f3, que reflecteix la necessitat de fer front als reptes presents i futurs amb noves perspectives&hellip;<\/p>\n","category_list_v2":"<a href=\"https:\/\/fundaciohospitalariesmartorell.org\/entre-tots\/category\/actualitat\/\" rel=\"category tag\">ACTUALITAT<\/a>, <a href=\"https:\/\/fundaciohospitalariesmartorell.org\/entre-tots\/category\/actualitat\/bon-govern\/\" rel=\"category tag\">BON GOVERN<\/a>","author_info_v2":{"name":"Martorell_comunicacio","url":"https:\/\/fundaciohospitalariesmartorell.org\/entre-tots\/author\/martorell_comunicacio\/"},"comments_num_v2":"0 comments","_links":{"self":[{"href":"https:\/\/fundaciohospitalariesmartorell.org\/entre-tots\/wp-json\/wp\/v2\/posts\/11539","targetHints":{"allow":["GET"]}}],"collection":[{"href":"https:\/\/fundaciohospitalariesmartorell.org\/entre-tots\/wp-json\/wp\/v2\/posts"}],"about":[{"href":"https:\/\/fundaciohospitalariesmartorell.org\/entre-tots\/wp-json\/wp\/v2\/types\/post"}],"author":[{"embeddable":true,"href":"https:\/\/fundaciohospitalariesmartorell.org\/entre-tots\/wp-json\/wp\/v2\/users\/6"}],"replies":[{"embeddable":true,"href":"https:\/\/fundaciohospitalariesmartorell.org\/entre-tots\/wp-json\/wp\/v2\/comments?post=11539"}],"version-history":[{"count":1,"href":"https:\/\/fundaciohospitalariesmartorell.org\/entre-tots\/wp-json\/wp\/v2\/posts\/11539\/revisions"}],"predecessor-version":[{"id":11544,"href":"https:\/\/fundaciohospitalariesmartorell.org\/entre-tots\/wp-json\/wp\/v2\/posts\/11539\/revisions\/11544"}],"wp:featuredmedia":[{"embeddable":true,"href":"https:\/\/fundaciohospitalariesmartorell.org\/entre-tots\/wp-json\/wp\/v2\/media\/11543"}],"wp:attachment":[{"href":"https:\/\/fundaciohospitalariesmartorell.org\/entre-tots\/wp-json\/wp\/v2\/media?parent=11539"}],"wp:term":[{"taxonomy":"category","embeddable":true,"href":"https:\/\/fundaciohospitalariesmartorell.org\/entre-tots\/wp-json\/wp\/v2\/categories?post=11539"},{"taxonomy":"post_tag","embeddable":true,"href":"https:\/\/fundaciohospitalariesmartorell.org\/entre-tots\/wp-json\/wp\/v2\/tags?post=11539"}],"curies":[{"name":"wp","href":"https:\/\/api.w.org\/{rel}","templated":true}]}}