{"id":11576,"date":"2025-06-03T07:25:52","date_gmt":"2025-06-03T06:25:52","guid":{"rendered":"https:\/\/fundaciohospitalariesmartorell.org\/entre-tots\/?p=11576"},"modified":"2025-06-03T12:05:55","modified_gmt":"2025-06-03T11:05:55","slug":"convocat-el-vi-premi-literari-en-salut-mental-les-paraules-parlen-per-tu","status":"publish","type":"post","link":"https:\/\/fundaciohospitalariesmartorell.org\/entre-tots\/2025\/06\/convocat-el-vi-premi-literari-en-salut-mental-les-paraules-parlen-per-tu\/","title":{"rendered":"Convocat el VI Premi Literari en Salut Mental \u201cLes Paraules Parlen per Tu\u201d"},"content":{"rendered":"\n<div class=\"wp-block-media-text is-stacked-on-mobile\"><figure class=\"wp-block-media-text__media\"><img loading=\"lazy\" decoding=\"async\" width=\"516\" height=\"894\" src=\"https:\/\/fundaciohospitalariesmartorell.org\/entre-tots\/wp-content\/uploads\/2025\/06\/image.png\" alt=\"\" class=\"wp-image-11579 size-full\" srcset=\"https:\/\/fundaciohospitalariesmartorell.org\/entre-tots\/wp-content\/uploads\/2025\/06\/image.png 516w, https:\/\/fundaciohospitalariesmartorell.org\/entre-tots\/wp-content\/uploads\/2025\/06\/image-173x300.png 173w\" sizes=\"auto, (max-width: 516px) 100vw, 516px\" \/><\/figure><div class=\"wp-block-media-text__content\">\n<p>Amb motiu del Dia Mundial de la Salut Mental 2025, des del Servei de Salut Mental de l\u2019Alt Pened\u00e8s convoquem una nova edici\u00f3 del&nbsp;<strong>Concurs Literari &nbsp;\u201cLes Paraules Parlen per Tu\u201d<\/strong>, que enguany arriba a la seva sisena edici\u00f3.<\/p>\n\n\n\n<p>Aquest concurs \u00e9s un espai de lliure expressi\u00f3 art\u00edstica i liter\u00e0ria que pret\u00e9n fomentar la creativitat, l\u2019expressi\u00f3 escrita i l\u2019apoderament personal de les persones usu\u00e0ries dels serveis de Salut Mental de Catalunya, a partir dels 18 anys.<\/p>\n\n\n\n<p>Es proposen dues categories d\u2019escriptura:<br>1- Liter\u00e0ria. El tema literari \u00e9s la Salut Mental.<br>2- Po\u00e8tica. El tema de la poesia \u00e9s lliure.<\/p>\n<\/div><\/div>\n\n\n\n<p>Els treballs s\u2019hauran de lliurar abans del 21 de setembre 2025 al seg\u00fcent email: srcvilafranca.FHMartorell@fundacionhospitalarias.org amb l\u2019asssumpte de correu: Les Paraules Parlen per Tu 2025.<br><br>Els premis literaris consten:<br>primer premi: 125\u20ac + Visita Cultural + E-Book<br>segon premi: 105\u20ac<br>tercer premi: 95\u20ac<br>tres acc\u00e8ssits, de Lots Culturals.<\/p>\n\n\n\n<p>Trobareu les bases del concurs, <a href=\"https:\/\/fundaciohospitalariesmartorell.org\/entre-tots\/wp-content\/uploads\/2025\/06\/VIconcurs_literari_2025.pdf\">aqu\u00ed.<\/a><\/p>\n\n\n\n<p>L\u2019acte de lliurament de premis tindr\u00e0 lloc el 10 d\u2019octubre de 2025 a les 12:00 h&nbsp;al Vinseum \u2013 Museu de les Cultures del Vi de Catalunya (Vilafranca del Pened\u00e8s). Un cop finalitzat, hi haur\u00e0 un petit refrigeri.<\/p>\n","protected":false},"excerpt":{"rendered":"<p>Amb motiu del Dia Mundial de la Salut Mental 2025, des del Servei de Salut Mental de l\u2019Alt Pened\u00e8s convoquem una nova edici\u00f3 del&nbsp;Concurs Literari &nbsp;\u201cLes Paraules Parlen per Tu\u201d, que enguany arriba a la seva sisena edici\u00f3. Aquest concurs \u00e9s un espai de lliure expressi\u00f3 art\u00edstica i liter\u00e0ria que pret\u00e9n fomentar la creativitat, l\u2019expressi\u00f3 [&hellip;]<\/p>\n","protected":false},"author":6,"featured_media":11582,"comment_status":"closed","ping_status":"closed","sticky":false,"template":"","format":"standard","meta":{"footnotes":""},"categories":[27],"tags":[],"class_list":["post-11576","post","type-post","status-publish","format-standard","has-post-thumbnail","hentry","category-actualitat"],"blocksy_meta":[],"featured_image_urls_v2":{"full":["https:\/\/fundaciohospitalariesmartorell.org\/entre-tots\/wp-content\/uploads\/2025\/06\/Captura-de-pantalla-2025-06-03-082617.png",515,301,false],"thumbnail":["https:\/\/fundaciohospitalariesmartorell.org\/entre-tots\/wp-content\/uploads\/2025\/06\/Captura-de-pantalla-2025-06-03-082617-150x150.png",150,150,true],"medium":["https:\/\/fundaciohospitalariesmartorell.org\/entre-tots\/wp-content\/uploads\/2025\/06\/Captura-de-pantalla-2025-06-03-082617-300x175.png",300,175,true],"medium_large":["https:\/\/fundaciohospitalariesmartorell.org\/entre-tots\/wp-content\/uploads\/2025\/06\/Captura-de-pantalla-2025-06-03-082617.png",515,301,false],"large":["https:\/\/fundaciohospitalariesmartorell.org\/entre-tots\/wp-content\/uploads\/2025\/06\/Captura-de-pantalla-2025-06-03-082617.png",515,301,false],"1536x1536":["https:\/\/fundaciohospitalariesmartorell.org\/entre-tots\/wp-content\/uploads\/2025\/06\/Captura-de-pantalla-2025-06-03-082617.png",515,301,false],"2048x2048":["https:\/\/fundaciohospitalariesmartorell.org\/entre-tots\/wp-content\/uploads\/2025\/06\/Captura-de-pantalla-2025-06-03-082617.png",515,301,false],"mailpoet_newsletter_max":["https:\/\/fundaciohospitalariesmartorell.org\/entre-tots\/wp-content\/uploads\/2025\/06\/Captura-de-pantalla-2025-06-03-082617.png",515,301,false]},"post_excerpt_stackable_v2":"<p>Amb motiu del Dia Mundial de la Salut Mental 2025, des del Servei de Salut Mental de l\u2019Alt Pened\u00e8s convoquem una nova edici\u00f3 del&nbsp;Concurs Literari &nbsp;\u201cLes Paraules Parlen per Tu\u201d, que enguany arriba a la seva sisena edici\u00f3. Aquest concurs \u00e9s un espai de lliure expressi\u00f3 art\u00edstica i liter\u00e0ria que pret\u00e9n fomentar la creativitat, l\u2019expressi\u00f3 escrita i l\u2019apoderament personal de les persones usu\u00e0ries dels serveis de Salut Mental de Catalunya, a partir dels 18 anys. Es proposen dues categories d\u2019escriptura:1- Liter\u00e0ria. El tema literari \u00e9s la Salut Mental.2- Po\u00e8tica. El tema de la poesia \u00e9s lliure. Els treballs s\u2019hauran de&hellip;<\/p>\n","category_list_v2":"<a href=\"https:\/\/fundaciohospitalariesmartorell.org\/entre-tots\/category\/actualitat\/\" rel=\"category tag\">ACTUALITAT<\/a>","author_info_v2":{"name":"Martorell_comunicacio","url":"https:\/\/fundaciohospitalariesmartorell.org\/entre-tots\/author\/martorell_comunicacio\/"},"comments_num_v2":"0 comments","_links":{"self":[{"href":"https:\/\/fundaciohospitalariesmartorell.org\/entre-tots\/wp-json\/wp\/v2\/posts\/11576","targetHints":{"allow":["GET"]}}],"collection":[{"href":"https:\/\/fundaciohospitalariesmartorell.org\/entre-tots\/wp-json\/wp\/v2\/posts"}],"about":[{"href":"https:\/\/fundaciohospitalariesmartorell.org\/entre-tots\/wp-json\/wp\/v2\/types\/post"}],"author":[{"embeddable":true,"href":"https:\/\/fundaciohospitalariesmartorell.org\/entre-tots\/wp-json\/wp\/v2\/users\/6"}],"replies":[{"embeddable":true,"href":"https:\/\/fundaciohospitalariesmartorell.org\/entre-tots\/wp-json\/wp\/v2\/comments?post=11576"}],"version-history":[{"count":2,"href":"https:\/\/fundaciohospitalariesmartorell.org\/entre-tots\/wp-json\/wp\/v2\/posts\/11576\/revisions"}],"predecessor-version":[{"id":11652,"href":"https:\/\/fundaciohospitalariesmartorell.org\/entre-tots\/wp-json\/wp\/v2\/posts\/11576\/revisions\/11652"}],"wp:featuredmedia":[{"embeddable":true,"href":"https:\/\/fundaciohospitalariesmartorell.org\/entre-tots\/wp-json\/wp\/v2\/media\/11582"}],"wp:attachment":[{"href":"https:\/\/fundaciohospitalariesmartorell.org\/entre-tots\/wp-json\/wp\/v2\/media?parent=11576"}],"wp:term":[{"taxonomy":"category","embeddable":true,"href":"https:\/\/fundaciohospitalariesmartorell.org\/entre-tots\/wp-json\/wp\/v2\/categories?post=11576"},{"taxonomy":"post_tag","embeddable":true,"href":"https:\/\/fundaciohospitalariesmartorell.org\/entre-tots\/wp-json\/wp\/v2\/tags?post=11576"}],"curies":[{"name":"wp","href":"https:\/\/api.w.org\/{rel}","templated":true}]}}