{"id":11593,"date":"2025-06-10T07:32:59","date_gmt":"2025-06-10T06:32:59","guid":{"rendered":"https:\/\/fundaciohospitalariesmartorell.org\/entre-tots\/?p=11593"},"modified":"2025-06-10T08:37:56","modified_gmt":"2025-06-10T07:37:56","slug":"exit-de-participacio-i-reflexio-clinica-en-la-29a-jornada-dactualitzacio-en-psicogeriatria","status":"publish","type":"post","link":"https:\/\/fundaciohospitalariesmartorell.org\/entre-tots\/2025\/06\/exit-de-participacio-i-reflexio-clinica-en-la-29a-jornada-dactualitzacio-en-psicogeriatria\/","title":{"rendered":"\u00c8xit de participaci\u00f3 i reflexi\u00f3 cl\u00ednica en la 29a Jornada d\u2019Actualitzaci\u00f3 en Psicogeriatria"},"content":{"rendered":"\n<figure class=\"wp-block-image size-full\"><img loading=\"lazy\" decoding=\"async\" width=\"884\" height=\"466\" src=\"https:\/\/fundaciohospitalariesmartorell.org\/entre-tots\/wp-content\/uploads\/2025\/06\/image-3.png\" alt=\"\" class=\"wp-image-11594\" srcset=\"https:\/\/fundaciohospitalariesmartorell.org\/entre-tots\/wp-content\/uploads\/2025\/06\/image-3.png 884w, https:\/\/fundaciohospitalariesmartorell.org\/entre-tots\/wp-content\/uploads\/2025\/06\/image-3-300x158.png 300w, https:\/\/fundaciohospitalariesmartorell.org\/entre-tots\/wp-content\/uploads\/2025\/06\/image-3-768x405.png 768w\" sizes=\"auto, (max-width: 884px) 100vw, 884px\" \/><\/figure>\n\n\n\n<p><em>Dr. Manel S\u00e1nchez<\/em><\/p>\n\n\n\n<p>El passat 23 de maig va tenir lloc la 29 edici\u00f3 de la Jornada d\u2019Actualitzaci\u00f3 en Psicogeriatria, novament en modalitat presencial i streaming, amb una assist\u00e8ncia total de m\u00e9s de 400 inscrits de tot l\u2019estat i de Llatinoam\u00e8rica. <\/p>\n\n\n\n<p>El programa d\u2019aquesta edici\u00f3 va incloure una estimulant dissertaci\u00f3 sobre els fen\u00f2mens de conversi\u00f3 a l\u2019edat avan\u00e7ada a c\u00e0rrec del professor Germ\u00e1n E. Berrios, Catedr\u00e0tic em\u00e8rit d\u2019epistemologia psiqui\u00e0trica de La Universitat de Cambridge del Regne Unit. <\/p>\n\n\n\n<p>Durant la jornada tamb\u00e9 es van desenvolupar aspectes cl\u00ednics i terap\u00e8utics sobre l\u2019ansietat a l\u2019edat avan\u00e7ada, incloent-hi una pon\u00e8ncia sobre l\u2019ansietat davant la mort impartida pel Dr. Manuel Mart\u00edn Carrasco. <\/p>\n\n\n\n<p>Altres aspectes relacionats amb el deteriorament cognitiu i les dem\u00e8ncies van ser tractats en les situacions de risc que presenten els malalts amb dem\u00e8ncia, en les noves aportacions d\u2019innovaci\u00f3 tecnol\u00f2gica o els nous paradigmes per abordar els trastorns de la conducta comprenent millor all\u00f2 que els motiva, desenvolupat pel Dr. Atul Sunny, de Waterloo, Canad\u00e0. <\/p>\n\n\n\n<p>La Jornada va suposar, en aquesta nova edici\u00f3, una oportunitat m\u00e9s per posar al dia els darrers coneixements en el camp de la Psicogeriatria cl\u00ednica.<\/p>\n\n\n\n<figure class=\"wp-block-image size-large\"><img loading=\"lazy\" decoding=\"async\" width=\"1024\" height=\"771\" src=\"https:\/\/fundaciohospitalariesmartorell.org\/entre-tots\/wp-content\/uploads\/2025\/06\/image-4-1024x771.png\" alt=\"\" class=\"wp-image-11595\" srcset=\"https:\/\/fundaciohospitalariesmartorell.org\/entre-tots\/wp-content\/uploads\/2025\/06\/image-4-1024x771.png 1024w, https:\/\/fundaciohospitalariesmartorell.org\/entre-tots\/wp-content\/uploads\/2025\/06\/image-4-300x226.png 300w, https:\/\/fundaciohospitalariesmartorell.org\/entre-tots\/wp-content\/uploads\/2025\/06\/image-4-768x578.png 768w, https:\/\/fundaciohospitalariesmartorell.org\/entre-tots\/wp-content\/uploads\/2025\/06\/image-4-1536x1157.png 1536w, https:\/\/fundaciohospitalariesmartorell.org\/entre-tots\/wp-content\/uploads\/2025\/06\/image-4-1320x994.png 1320w, https:\/\/fundaciohospitalariesmartorell.org\/entre-tots\/wp-content\/uploads\/2025\/06\/image-4.png 2040w\" sizes=\"auto, (max-width: 1024px) 100vw, 1024px\" \/><\/figure>\n","protected":false},"excerpt":{"rendered":"<p>Dr. Manel S\u00e1nchez El passat 23 de maig va tenir lloc la 29 edici\u00f3 de la Jornada d\u2019Actualitzaci\u00f3 en Psicogeriatria, novament en modalitat presencial i streaming, amb una assist\u00e8ncia total de m\u00e9s de 400 inscrits de tot l\u2019estat i de Llatinoam\u00e8rica. El programa d\u2019aquesta edici\u00f3 va incloure una estimulant dissertaci\u00f3 sobre els fen\u00f2mens de conversi\u00f3 [&hellip;]<\/p>\n","protected":false},"author":6,"featured_media":11595,"comment_status":"closed","ping_status":"closed","sticky":false,"template":"","format":"standard","meta":{"footnotes":""},"categories":[27],"tags":[],"class_list":["post-11593","post","type-post","status-publish","format-standard","has-post-thumbnail","hentry","category-actualitat"],"blocksy_meta":[],"featured_image_urls_v2":{"full":["https:\/\/fundaciohospitalariesmartorell.org\/entre-tots\/wp-content\/uploads\/2025\/06\/image-4.png",2040,1536,false],"thumbnail":["https:\/\/fundaciohospitalariesmartorell.org\/entre-tots\/wp-content\/uploads\/2025\/06\/image-4-150x150.png",150,150,true],"medium":["https:\/\/fundaciohospitalariesmartorell.org\/entre-tots\/wp-content\/uploads\/2025\/06\/image-4-300x226.png",300,226,true],"medium_large":["https:\/\/fundaciohospitalariesmartorell.org\/entre-tots\/wp-content\/uploads\/2025\/06\/image-4-768x578.png",768,578,true],"large":["https:\/\/fundaciohospitalariesmartorell.org\/entre-tots\/wp-content\/uploads\/2025\/06\/image-4-1024x771.png",1024,771,true],"1536x1536":["https:\/\/fundaciohospitalariesmartorell.org\/entre-tots\/wp-content\/uploads\/2025\/06\/image-4-1536x1157.png",1536,1157,true],"2048x2048":["https:\/\/fundaciohospitalariesmartorell.org\/entre-tots\/wp-content\/uploads\/2025\/06\/image-4.png",2040,1536,false],"mailpoet_newsletter_max":["https:\/\/fundaciohospitalariesmartorell.org\/entre-tots\/wp-content\/uploads\/2025\/06\/image-4-1320x994.png",1320,994,true]},"post_excerpt_stackable_v2":"<p>Dr. Manel S\u00e1nchez El passat 23 de maig va tenir lloc la 29 edici\u00f3 de la Jornada d\u2019Actualitzaci\u00f3 en Psicogeriatria, novament en modalitat presencial i streaming, amb una assist\u00e8ncia total de m\u00e9s de 400 inscrits de tot l\u2019estat i de Llatinoam\u00e8rica. El programa d\u2019aquesta edici\u00f3 va incloure una estimulant dissertaci\u00f3 sobre els fen\u00f2mens de conversi\u00f3 a l\u2019edat avan\u00e7ada a c\u00e0rrec del professor Germ\u00e1n E. Berrios, Catedr\u00e0tic em\u00e8rit d\u2019epistemologia psiqui\u00e0trica de La Universitat de Cambridge del Regne Unit. Durant la jornada tamb\u00e9 es van desenvolupar aspectes cl\u00ednics i terap\u00e8utics sobre l\u2019ansietat a l\u2019edat avan\u00e7ada, incloent-hi una pon\u00e8ncia sobre l\u2019ansietat davant la&hellip;<\/p>\n","category_list_v2":"<a href=\"https:\/\/fundaciohospitalariesmartorell.org\/entre-tots\/category\/actualitat\/\" rel=\"category tag\">ACTUALITAT<\/a>","author_info_v2":{"name":"Martorell_comunicacio","url":"https:\/\/fundaciohospitalariesmartorell.org\/entre-tots\/author\/martorell_comunicacio\/"},"comments_num_v2":"0 comments","_links":{"self":[{"href":"https:\/\/fundaciohospitalariesmartorell.org\/entre-tots\/wp-json\/wp\/v2\/posts\/11593","targetHints":{"allow":["GET"]}}],"collection":[{"href":"https:\/\/fundaciohospitalariesmartorell.org\/entre-tots\/wp-json\/wp\/v2\/posts"}],"about":[{"href":"https:\/\/fundaciohospitalariesmartorell.org\/entre-tots\/wp-json\/wp\/v2\/types\/post"}],"author":[{"embeddable":true,"href":"https:\/\/fundaciohospitalariesmartorell.org\/entre-tots\/wp-json\/wp\/v2\/users\/6"}],"replies":[{"embeddable":true,"href":"https:\/\/fundaciohospitalariesmartorell.org\/entre-tots\/wp-json\/wp\/v2\/comments?post=11593"}],"version-history":[{"count":1,"href":"https:\/\/fundaciohospitalariesmartorell.org\/entre-tots\/wp-json\/wp\/v2\/posts\/11593\/revisions"}],"predecessor-version":[{"id":11596,"href":"https:\/\/fundaciohospitalariesmartorell.org\/entre-tots\/wp-json\/wp\/v2\/posts\/11593\/revisions\/11596"}],"wp:featuredmedia":[{"embeddable":true,"href":"https:\/\/fundaciohospitalariesmartorell.org\/entre-tots\/wp-json\/wp\/v2\/media\/11595"}],"wp:attachment":[{"href":"https:\/\/fundaciohospitalariesmartorell.org\/entre-tots\/wp-json\/wp\/v2\/media?parent=11593"}],"wp:term":[{"taxonomy":"category","embeddable":true,"href":"https:\/\/fundaciohospitalariesmartorell.org\/entre-tots\/wp-json\/wp\/v2\/categories?post=11593"},{"taxonomy":"post_tag","embeddable":true,"href":"https:\/\/fundaciohospitalariesmartorell.org\/entre-tots\/wp-json\/wp\/v2\/tags?post=11593"}],"curies":[{"name":"wp","href":"https:\/\/api.w.org\/{rel}","templated":true}]}}