{"id":11597,"date":"2025-06-10T08:37:31","date_gmt":"2025-06-10T07:37:31","guid":{"rendered":"https:\/\/fundaciohospitalariesmartorell.org\/entre-tots\/?p=11597"},"modified":"2025-06-10T08:37:31","modified_gmt":"2025-06-10T07:37:31","slug":"jornada-esportiva-i-ludica-per-celebrar-el-dia-mundial-sense-tabac","status":"publish","type":"post","link":"https:\/\/fundaciohospitalariesmartorell.org\/entre-tots\/2025\/06\/jornada-esportiva-i-ludica-per-celebrar-el-dia-mundial-sense-tabac\/","title":{"rendered":"Jornada esportiva i l\u00fadica per celebrar el Dia Mundial Sense Tabac"},"content":{"rendered":"\n<figure class=\"wp-block-image size-large\"><img loading=\"lazy\" decoding=\"async\" width=\"1600\" height=\"900\" src=\"https:\/\/fundaciohospitalariesmartorell.org\/entre-tots\/wp-content\/uploads\/2025\/06\/WhatsApp-Image-2025-05-30-at-12.41.26-edited.jpeg\" alt=\"\" class=\"wp-image-11599\" srcset=\"https:\/\/fundaciohospitalariesmartorell.org\/entre-tots\/wp-content\/uploads\/2025\/06\/WhatsApp-Image-2025-05-30-at-12.41.26-edited.jpeg 1600w, https:\/\/fundaciohospitalariesmartorell.org\/entre-tots\/wp-content\/uploads\/2025\/06\/WhatsApp-Image-2025-05-30-at-12.41.26-edited-300x169.jpeg 300w, https:\/\/fundaciohospitalariesmartorell.org\/entre-tots\/wp-content\/uploads\/2025\/06\/WhatsApp-Image-2025-05-30-at-12.41.26-edited-1024x576.jpeg 1024w, https:\/\/fundaciohospitalariesmartorell.org\/entre-tots\/wp-content\/uploads\/2025\/06\/WhatsApp-Image-2025-05-30-at-12.41.26-edited-768x432.jpeg 768w, https:\/\/fundaciohospitalariesmartorell.org\/entre-tots\/wp-content\/uploads\/2025\/06\/WhatsApp-Image-2025-05-30-at-12.41.26-edited-1536x864.jpeg 1536w, https:\/\/fundaciohospitalariesmartorell.org\/entre-tots\/wp-content\/uploads\/2025\/06\/WhatsApp-Image-2025-05-30-at-12.41.26-edited-1320x743.jpeg 1320w\" sizes=\"auto, (max-width: 1600px) 100vw, 1600px\" \/><\/figure>\n\n\n\n<p>Amb motiu de la Setmana Sense Fum i del Dia Mundial Sense Tabac, celebrat el passat 31 de maig, la Fundaci\u00f3 Hospital\u00e0ries Martorell va organitzar diverses activitats orientades a sensibilitzar la poblaci\u00f3 sobre la import\u00e0ncia de no iniciar-se en el consum de tabac, abandonar-lo i fomentar entorns lliures de fum.<\/p>\n\n\n\n<p>Durant la setmana, la Comissi\u00f3 Sense Fum de l\u2019hospital va promoure accions dirigides tant a professionals com a usuaris, com ara un concurs de cartells amb missatges de prevenci\u00f3 i una sessi\u00f3 de zumba oberta, per fomentar estils de vida actius i saludables.<\/p>\n\n\n\n<p>A m\u00e9s, els serveis de salut mental del Baix Llobregat Nord van organitzar activitats esportives al centre de Martorell, adre\u00e7ades a persones usu\u00e0ries dels serveis, amb l\u2019objectiu de:<\/p>\n\n\n\n<ul class=\"wp-block-list\">\n<li>Fomentar el benestar f\u00edsic i emocional<\/li>\n\n\n\n<li>Refor\u00e7ar la cohesi\u00f3 social<\/li>\n\n\n\n<li>I conscienciar sobre els riscos del consum de tabac, especialment en col\u00b7lectius vulnerables<\/li>\n<\/ul>\n\n\n\n<p>Aquestes iniciatives es van dur a terme amb l\u2019objectiu de promoure h\u00e0bits saludables i refor\u00e7ar el comprom\u00eds institucional amb la prevenci\u00f3 del tabaquisme, que continua sent una de les principals causes de malaltia i mortalitat evitables.<\/p>\n\n\n\n<div class=\"wp-block-getwid-images-slider has-arrows-inside has-dots-inside has-images-center has-cropped-images\"><div class=\"wp-block-getwid-images-slider__wrapper\" data-effect=\"slide\" data-slides-show=\"1\" data-slides-show-laptop=\"1\" data-slides-show-tablet=\"1\" data-slides-show-mobile=\"1\" data-slides-scroll=\"1\" data-autoplay=\"false\" data-pause-hover=\"false\" data-autoplay-speed=\"6000\" data-infinite=\"true\" data-animation-speed=\"800\" data-center-mode=\"false\" data-variable-width=\"false\" data-arrows=\"inside\" data-dots=\"inside\" data-spacing=\"none\"><div class=\"wp-block-getwid-images-slider__item\"><figure><img loading=\"lazy\" decoding=\"async\" width=\"2048\" height=\"1536\" src=\"https:\/\/fundaciohospitalariesmartorell.org\/entre-tots\/wp-content\/uploads\/2025\/06\/WhatsApp-Image-2025-05-30-at-12.41.27-3.jpeg\" data-id=\"11606\" data-link=\"https:\/\/fundaciohospitalariesmartorell.org\/entre-tots\/?attachment_id=11606\" data-original-link=\"https:\/\/fundaciohospitalariesmartorell.org\/entre-tots\/wp-content\/uploads\/2025\/06\/WhatsApp-Image-2025-05-30-at-12.41.27-3.jpeg\" class=\"wp-block-getwid-images-slider__image wp-image-11606\" srcset=\"https:\/\/fundaciohospitalariesmartorell.org\/entre-tots\/wp-content\/uploads\/2025\/06\/WhatsApp-Image-2025-05-30-at-12.41.27-3.jpeg 2048w, https:\/\/fundaciohospitalariesmartorell.org\/entre-tots\/wp-content\/uploads\/2025\/06\/WhatsApp-Image-2025-05-30-at-12.41.27-3-300x225.jpeg 300w, https:\/\/fundaciohospitalariesmartorell.org\/entre-tots\/wp-content\/uploads\/2025\/06\/WhatsApp-Image-2025-05-30-at-12.41.27-3-1024x768.jpeg 1024w, https:\/\/fundaciohospitalariesmartorell.org\/entre-tots\/wp-content\/uploads\/2025\/06\/WhatsApp-Image-2025-05-30-at-12.41.27-3-768x576.jpeg 768w, https:\/\/fundaciohospitalariesmartorell.org\/entre-tots\/wp-content\/uploads\/2025\/06\/WhatsApp-Image-2025-05-30-at-12.41.27-3-1536x1152.jpeg 1536w, https:\/\/fundaciohospitalariesmartorell.org\/entre-tots\/wp-content\/uploads\/2025\/06\/WhatsApp-Image-2025-05-30-at-12.41.27-3-1320x990.jpeg 1320w\" sizes=\"auto, (max-width: 2048px) 100vw, 2048px\" \/><\/figure><\/div><div class=\"wp-block-getwid-images-slider__item\"><figure><img loading=\"lazy\" decoding=\"async\" width=\"1600\" height=\"1200\" src=\"https:\/\/fundaciohospitalariesmartorell.org\/entre-tots\/wp-content\/uploads\/2025\/06\/WhatsApp-Image-2025-05-30-at-12.41.26-1.jpeg\" data-id=\"11605\" data-link=\"https:\/\/fundaciohospitalariesmartorell.org\/entre-tots\/?attachment_id=11605\" data-original-link=\"https:\/\/fundaciohospitalariesmartorell.org\/entre-tots\/wp-content\/uploads\/2025\/06\/WhatsApp-Image-2025-05-30-at-12.41.26-1.jpeg\" class=\"wp-block-getwid-images-slider__image wp-image-11605\" srcset=\"https:\/\/fundaciohospitalariesmartorell.org\/entre-tots\/wp-content\/uploads\/2025\/06\/WhatsApp-Image-2025-05-30-at-12.41.26-1.jpeg 1600w, https:\/\/fundaciohospitalariesmartorell.org\/entre-tots\/wp-content\/uploads\/2025\/06\/WhatsApp-Image-2025-05-30-at-12.41.26-1-300x225.jpeg 300w, https:\/\/fundaciohospitalariesmartorell.org\/entre-tots\/wp-content\/uploads\/2025\/06\/WhatsApp-Image-2025-05-30-at-12.41.26-1-1024x768.jpeg 1024w, https:\/\/fundaciohospitalariesmartorell.org\/entre-tots\/wp-content\/uploads\/2025\/06\/WhatsApp-Image-2025-05-30-at-12.41.26-1-768x576.jpeg 768w, https:\/\/fundaciohospitalariesmartorell.org\/entre-tots\/wp-content\/uploads\/2025\/06\/WhatsApp-Image-2025-05-30-at-12.41.26-1-1536x1152.jpeg 1536w, https:\/\/fundaciohospitalariesmartorell.org\/entre-tots\/wp-content\/uploads\/2025\/06\/WhatsApp-Image-2025-05-30-at-12.41.26-1-1320x990.jpeg 1320w\" sizes=\"auto, (max-width: 1600px) 100vw, 1600px\" \/><\/figure><\/div><div class=\"wp-block-getwid-images-slider__item\"><figure><img loading=\"lazy\" decoding=\"async\" width=\"1600\" height=\"1204\" src=\"https:\/\/fundaciohospitalariesmartorell.org\/entre-tots\/wp-content\/uploads\/2025\/06\/IMG-20250530-WA0016.jpg\" data-id=\"11601\" data-link=\"https:\/\/fundaciohospitalariesmartorell.org\/entre-tots\/?attachment_id=11601\" data-original-link=\"https:\/\/fundaciohospitalariesmartorell.org\/entre-tots\/wp-content\/uploads\/2025\/06\/IMG-20250530-WA0016.jpg\" class=\"wp-block-getwid-images-slider__image wp-image-11601\" srcset=\"https:\/\/fundaciohospitalariesmartorell.org\/entre-tots\/wp-content\/uploads\/2025\/06\/IMG-20250530-WA0016.jpg 1600w, https:\/\/fundaciohospitalariesmartorell.org\/entre-tots\/wp-content\/uploads\/2025\/06\/IMG-20250530-WA0016-300x226.jpg 300w, https:\/\/fundaciohospitalariesmartorell.org\/entre-tots\/wp-content\/uploads\/2025\/06\/IMG-20250530-WA0016-1024x771.jpg 1024w, https:\/\/fundaciohospitalariesmartorell.org\/entre-tots\/wp-content\/uploads\/2025\/06\/IMG-20250530-WA0016-768x578.jpg 768w, https:\/\/fundaciohospitalariesmartorell.org\/entre-tots\/wp-content\/uploads\/2025\/06\/IMG-20250530-WA0016-1536x1156.jpg 1536w, https:\/\/fundaciohospitalariesmartorell.org\/entre-tots\/wp-content\/uploads\/2025\/06\/IMG-20250530-WA0016-1320x993.jpg 1320w\" sizes=\"auto, (max-width: 1600px) 100vw, 1600px\" \/><\/figure><\/div><div class=\"wp-block-getwid-images-slider__item\"><figure><img loading=\"lazy\" decoding=\"async\" width=\"1600\" height=\"1204\" src=\"https:\/\/fundaciohospitalariesmartorell.org\/entre-tots\/wp-content\/uploads\/2025\/06\/IMG-20250530-WA0006.jpg\" data-id=\"11603\" data-link=\"https:\/\/fundaciohospitalariesmartorell.org\/entre-tots\/?attachment_id=11603\" data-original-link=\"https:\/\/fundaciohospitalariesmartorell.org\/entre-tots\/wp-content\/uploads\/2025\/06\/IMG-20250530-WA0006.jpg\" class=\"wp-block-getwid-images-slider__image wp-image-11603\" srcset=\"https:\/\/fundaciohospitalariesmartorell.org\/entre-tots\/wp-content\/uploads\/2025\/06\/IMG-20250530-WA0006.jpg 1600w, https:\/\/fundaciohospitalariesmartorell.org\/entre-tots\/wp-content\/uploads\/2025\/06\/IMG-20250530-WA0006-300x226.jpg 300w, https:\/\/fundaciohospitalariesmartorell.org\/entre-tots\/wp-content\/uploads\/2025\/06\/IMG-20250530-WA0006-1024x771.jpg 1024w, https:\/\/fundaciohospitalariesmartorell.org\/entre-tots\/wp-content\/uploads\/2025\/06\/IMG-20250530-WA0006-768x578.jpg 768w, https:\/\/fundaciohospitalariesmartorell.org\/entre-tots\/wp-content\/uploads\/2025\/06\/IMG-20250530-WA0006-1536x1156.jpg 1536w, https:\/\/fundaciohospitalariesmartorell.org\/entre-tots\/wp-content\/uploads\/2025\/06\/IMG-20250530-WA0006-1320x993.jpg 1320w\" sizes=\"auto, (max-width: 1600px) 100vw, 1600px\" \/><\/figure><\/div><\/div><\/div>\n\n\n\n<div class=\"wp-block-getwid-images-slider has-arrows-inside has-dots-inside has-images-center has-cropped-images\"><div class=\"wp-block-getwid-images-slider__wrapper\" data-effect=\"slide\" data-slides-show=\"1\" data-slides-show-laptop=\"1\" data-slides-show-tablet=\"1\" data-slides-show-mobile=\"1\" data-slides-scroll=\"1\" data-autoplay=\"false\" data-pause-hover=\"false\" data-autoplay-speed=\"6000\" data-infinite=\"true\" data-animation-speed=\"800\" data-center-mode=\"false\" data-variable-width=\"false\" data-arrows=\"inside\" data-dots=\"inside\" data-spacing=\"none\"><div class=\"wp-block-getwid-images-slider__item\"><figure><img loading=\"lazy\" decoding=\"async\" width=\"1148\" height=\"2040\" src=\"https:\/\/fundaciohospitalariesmartorell.org\/entre-tots\/wp-content\/uploads\/2025\/06\/20250530_113750-rotated.jpg\" data-id=\"11607\" data-link=\"https:\/\/fundaciohospitalariesmartorell.org\/entre-tots\/?attachment_id=11607\" data-original-link=\"https:\/\/fundaciohospitalariesmartorell.org\/entre-tots\/wp-content\/uploads\/2025\/06\/20250530_113750-rotated.jpg\" class=\"wp-block-getwid-images-slider__image wp-image-11607\" srcset=\"https:\/\/fundaciohospitalariesmartorell.org\/entre-tots\/wp-content\/uploads\/2025\/06\/20250530_113750-rotated.jpg 1148w, https:\/\/fundaciohospitalariesmartorell.org\/entre-tots\/wp-content\/uploads\/2025\/06\/20250530_113750-169x300.jpg 169w, https:\/\/fundaciohospitalariesmartorell.org\/entre-tots\/wp-content\/uploads\/2025\/06\/20250530_113750-576x1024.jpg 576w, https:\/\/fundaciohospitalariesmartorell.org\/entre-tots\/wp-content\/uploads\/2025\/06\/20250530_113750-768x1365.jpg 768w, https:\/\/fundaciohospitalariesmartorell.org\/entre-tots\/wp-content\/uploads\/2025\/06\/20250530_113750-864x1536.jpg 864w\" sizes=\"auto, (max-width: 1148px) 100vw, 1148px\" \/><\/figure><\/div><div class=\"wp-block-getwid-images-slider__item\"><figure><img loading=\"lazy\" decoding=\"async\" width=\"1204\" height=\"1600\" src=\"https:\/\/fundaciohospitalariesmartorell.org\/entre-tots\/wp-content\/uploads\/2025\/06\/IMG-20250530-WA0002.jpg\" data-id=\"11604\" data-link=\"https:\/\/fundaciohospitalariesmartorell.org\/entre-tots\/?attachment_id=11604\" data-original-link=\"https:\/\/fundaciohospitalariesmartorell.org\/entre-tots\/wp-content\/uploads\/2025\/06\/IMG-20250530-WA0002.jpg\" class=\"wp-block-getwid-images-slider__image wp-image-11604\" srcset=\"https:\/\/fundaciohospitalariesmartorell.org\/entre-tots\/wp-content\/uploads\/2025\/06\/IMG-20250530-WA0002.jpg 1204w, https:\/\/fundaciohospitalariesmartorell.org\/entre-tots\/wp-content\/uploads\/2025\/06\/IMG-20250530-WA0002-226x300.jpg 226w, https:\/\/fundaciohospitalariesmartorell.org\/entre-tots\/wp-content\/uploads\/2025\/06\/IMG-20250530-WA0002-771x1024.jpg 771w, https:\/\/fundaciohospitalariesmartorell.org\/entre-tots\/wp-content\/uploads\/2025\/06\/IMG-20250530-WA0002-768x1021.jpg 768w, https:\/\/fundaciohospitalariesmartorell.org\/entre-tots\/wp-content\/uploads\/2025\/06\/IMG-20250530-WA0002-1156x1536.jpg 1156w\" sizes=\"auto, (max-width: 1204px) 100vw, 1204px\" \/><\/figure><\/div><div class=\"wp-block-getwid-images-slider__item\"><figure><img loading=\"lazy\" decoding=\"async\" width=\"1204\" height=\"1600\" src=\"https:\/\/fundaciohospitalariesmartorell.org\/entre-tots\/wp-content\/uploads\/2025\/06\/IMG-20250530-WA0013.jpg\" data-id=\"11600\" data-link=\"https:\/\/fundaciohospitalariesmartorell.org\/entre-tots\/?attachment_id=11600\" data-original-link=\"https:\/\/fundaciohospitalariesmartorell.org\/entre-tots\/wp-content\/uploads\/2025\/06\/IMG-20250530-WA0013.jpg\" class=\"wp-block-getwid-images-slider__image wp-image-11600\" srcset=\"https:\/\/fundaciohospitalariesmartorell.org\/entre-tots\/wp-content\/uploads\/2025\/06\/IMG-20250530-WA0013.jpg 1204w, https:\/\/fundaciohospitalariesmartorell.org\/entre-tots\/wp-content\/uploads\/2025\/06\/IMG-20250530-WA0013-226x300.jpg 226w, https:\/\/fundaciohospitalariesmartorell.org\/entre-tots\/wp-content\/uploads\/2025\/06\/IMG-20250530-WA0013-771x1024.jpg 771w, https:\/\/fundaciohospitalariesmartorell.org\/entre-tots\/wp-content\/uploads\/2025\/06\/IMG-20250530-WA0013-768x1021.jpg 768w, https:\/\/fundaciohospitalariesmartorell.org\/entre-tots\/wp-content\/uploads\/2025\/06\/IMG-20250530-WA0013-1156x1536.jpg 1156w\" sizes=\"auto, (max-width: 1204px) 100vw, 1204px\" \/><\/figure><\/div><div class=\"wp-block-getwid-images-slider__item\"><figure><img loading=\"lazy\" decoding=\"async\" width=\"1148\" height=\"2040\" src=\"https:\/\/fundaciohospitalariesmartorell.org\/entre-tots\/wp-content\/uploads\/2025\/06\/20250530_120016-rotated.jpg\" data-id=\"11602\" data-link=\"https:\/\/fundaciohospitalariesmartorell.org\/entre-tots\/?attachment_id=11602\" data-original-link=\"https:\/\/fundaciohospitalariesmartorell.org\/entre-tots\/wp-content\/uploads\/2025\/06\/20250530_120016-rotated.jpg\" class=\"wp-block-getwid-images-slider__image wp-image-11602\" srcset=\"https:\/\/fundaciohospitalariesmartorell.org\/entre-tots\/wp-content\/uploads\/2025\/06\/20250530_120016-rotated.jpg 1148w, https:\/\/fundaciohospitalariesmartorell.org\/entre-tots\/wp-content\/uploads\/2025\/06\/20250530_120016-169x300.jpg 169w, https:\/\/fundaciohospitalariesmartorell.org\/entre-tots\/wp-content\/uploads\/2025\/06\/20250530_120016-576x1024.jpg 576w, https:\/\/fundaciohospitalariesmartorell.org\/entre-tots\/wp-content\/uploads\/2025\/06\/20250530_120016-768x1365.jpg 768w, https:\/\/fundaciohospitalariesmartorell.org\/entre-tots\/wp-content\/uploads\/2025\/06\/20250530_120016-864x1536.jpg 864w\" sizes=\"auto, (max-width: 1148px) 100vw, 1148px\" \/><\/figure><\/div><div class=\"wp-block-getwid-images-slider__item\"><figure><img loading=\"lazy\" decoding=\"async\" width=\"1920\" height=\"2560\" src=\"https:\/\/fundaciohospitalariesmartorell.org\/entre-tots\/wp-content\/uploads\/2025\/06\/IMG_7056-scaled.jpeg\" data-id=\"11609\" data-link=\"https:\/\/fundaciohospitalariesmartorell.org\/entre-tots\/?attachment_id=11609\" data-original-link=\"https:\/\/fundaciohospitalariesmartorell.org\/entre-tots\/wp-content\/uploads\/2025\/06\/IMG_7056-scaled.jpeg\" class=\"wp-block-getwid-images-slider__image wp-image-11609\" srcset=\"https:\/\/fundaciohospitalariesmartorell.org\/entre-tots\/wp-content\/uploads\/2025\/06\/IMG_7056-scaled.jpeg 1920w, https:\/\/fundaciohospitalariesmartorell.org\/entre-tots\/wp-content\/uploads\/2025\/06\/IMG_7056-225x300.jpeg 225w, https:\/\/fundaciohospitalariesmartorell.org\/entre-tots\/wp-content\/uploads\/2025\/06\/IMG_7056-768x1024.jpeg 768w, https:\/\/fundaciohospitalariesmartorell.org\/entre-tots\/wp-content\/uploads\/2025\/06\/IMG_7056-1152x1536.jpeg 1152w, https:\/\/fundaciohospitalariesmartorell.org\/entre-tots\/wp-content\/uploads\/2025\/06\/IMG_7056-1536x2048.jpeg 1536w, https:\/\/fundaciohospitalariesmartorell.org\/entre-tots\/wp-content\/uploads\/2025\/06\/IMG_7056-1320x1760.jpeg 1320w\" sizes=\"auto, (max-width: 1920px) 100vw, 1920px\" \/><\/figure><\/div><\/div><\/div>\n","protected":false},"excerpt":{"rendered":"<p>Amb motiu de la Setmana Sense Fum i del Dia Mundial Sense Tabac, celebrat el passat 31 de maig, la Fundaci\u00f3 Hospital\u00e0ries Martorell va organitzar diverses activitats orientades a sensibilitzar la poblaci\u00f3 sobre la import\u00e0ncia de no iniciar-se en el consum de tabac, abandonar-lo i fomentar entorns lliures de fum. Durant la setmana, la Comissi\u00f3 [&hellip;]<\/p>\n","protected":false},"author":6,"featured_media":11606,"comment_status":"closed","ping_status":"","sticky":false,"template":"","format":"standard","meta":{"footnotes":""},"categories":[27,60,57],"tags":[],"class_list":["post-11597","post","type-post","status-publish","format-standard","has-post-thumbnail","hentry","category-actualitat","category-medi-ambient","category-usuaris-es"],"blocksy_meta":[],"featured_image_urls_v2":{"full":["https:\/\/fundaciohospitalariesmartorell.org\/entre-tots\/wp-content\/uploads\/2025\/06\/WhatsApp-Image-2025-05-30-at-12.41.27-3.jpeg",2048,1536,false],"thumbnail":["https:\/\/fundaciohospitalariesmartorell.org\/entre-tots\/wp-content\/uploads\/2025\/06\/WhatsApp-Image-2025-05-30-at-12.41.27-3-150x150.jpeg",150,150,true],"medium":["https:\/\/fundaciohospitalariesmartorell.org\/entre-tots\/wp-content\/uploads\/2025\/06\/WhatsApp-Image-2025-05-30-at-12.41.27-3-300x225.jpeg",300,225,true],"medium_large":["https:\/\/fundaciohospitalariesmartorell.org\/entre-tots\/wp-content\/uploads\/2025\/06\/WhatsApp-Image-2025-05-30-at-12.41.27-3-768x576.jpeg",768,576,true],"large":["https:\/\/fundaciohospitalariesmartorell.org\/entre-tots\/wp-content\/uploads\/2025\/06\/WhatsApp-Image-2025-05-30-at-12.41.27-3-1024x768.jpeg",1024,768,true],"1536x1536":["https:\/\/fundaciohospitalariesmartorell.org\/entre-tots\/wp-content\/uploads\/2025\/06\/WhatsApp-Image-2025-05-30-at-12.41.27-3-1536x1152.jpeg",1536,1152,true],"2048x2048":["https:\/\/fundaciohospitalariesmartorell.org\/entre-tots\/wp-content\/uploads\/2025\/06\/WhatsApp-Image-2025-05-30-at-12.41.27-3.jpeg",2048,1536,false],"mailpoet_newsletter_max":["https:\/\/fundaciohospitalariesmartorell.org\/entre-tots\/wp-content\/uploads\/2025\/06\/WhatsApp-Image-2025-05-30-at-12.41.27-3-1320x990.jpeg",1320,990,true]},"post_excerpt_stackable_v2":"<p>Amb motiu de la Setmana Sense Fum i del Dia Mundial Sense Tabac, celebrat el passat 31 de maig, la Fundaci\u00f3 Hospital\u00e0ries Martorell va organitzar diverses activitats orientades a sensibilitzar la poblaci\u00f3 sobre la import\u00e0ncia de no iniciar-se en el consum de tabac, abandonar-lo i fomentar entorns lliures de fum. Durant la setmana, la Comissi\u00f3 Sense Fum de l\u2019hospital va promoure accions dirigides tant a professionals com a usuaris, com ara un concurs de cartells amb missatges de prevenci\u00f3 i una sessi\u00f3 de zumba oberta, per fomentar estils de vida actius i saludables. A m\u00e9s, els serveis de salut mental&hellip;<\/p>\n","category_list_v2":"<a href=\"https:\/\/fundaciohospitalariesmartorell.org\/entre-tots\/category\/actualitat\/\" rel=\"category tag\">ACTUALITAT<\/a>, <a href=\"https:\/\/fundaciohospitalariesmartorell.org\/entre-tots\/category\/actualitat\/medi-ambient\/\" rel=\"category tag\">MEDI AMBIENT<\/a>, <a href=\"https:\/\/fundaciohospitalariesmartorell.org\/entre-tots\/category\/actualitat\/usuaris-es\/\" rel=\"category tag\">USUARIS\/ES<\/a>","author_info_v2":{"name":"Martorell_comunicacio","url":"https:\/\/fundaciohospitalariesmartorell.org\/entre-tots\/author\/martorell_comunicacio\/"},"comments_num_v2":"0 comments","_links":{"self":[{"href":"https:\/\/fundaciohospitalariesmartorell.org\/entre-tots\/wp-json\/wp\/v2\/posts\/11597","targetHints":{"allow":["GET"]}}],"collection":[{"href":"https:\/\/fundaciohospitalariesmartorell.org\/entre-tots\/wp-json\/wp\/v2\/posts"}],"about":[{"href":"https:\/\/fundaciohospitalariesmartorell.org\/entre-tots\/wp-json\/wp\/v2\/types\/post"}],"author":[{"embeddable":true,"href":"https:\/\/fundaciohospitalariesmartorell.org\/entre-tots\/wp-json\/wp\/v2\/users\/6"}],"replies":[{"embeddable":true,"href":"https:\/\/fundaciohospitalariesmartorell.org\/entre-tots\/wp-json\/wp\/v2\/comments?post=11597"}],"version-history":[{"count":1,"href":"https:\/\/fundaciohospitalariesmartorell.org\/entre-tots\/wp-json\/wp\/v2\/posts\/11597\/revisions"}],"predecessor-version":[{"id":11610,"href":"https:\/\/fundaciohospitalariesmartorell.org\/entre-tots\/wp-json\/wp\/v2\/posts\/11597\/revisions\/11610"}],"wp:featuredmedia":[{"embeddable":true,"href":"https:\/\/fundaciohospitalariesmartorell.org\/entre-tots\/wp-json\/wp\/v2\/media\/11606"}],"wp:attachment":[{"href":"https:\/\/fundaciohospitalariesmartorell.org\/entre-tots\/wp-json\/wp\/v2\/media?parent=11597"}],"wp:term":[{"taxonomy":"category","embeddable":true,"href":"https:\/\/fundaciohospitalariesmartorell.org\/entre-tots\/wp-json\/wp\/v2\/categories?post=11597"},{"taxonomy":"post_tag","embeddable":true,"href":"https:\/\/fundaciohospitalariesmartorell.org\/entre-tots\/wp-json\/wp\/v2\/tags?post=11597"}],"curies":[{"name":"wp","href":"https:\/\/api.w.org\/{rel}","templated":true}]}}