{"id":11612,"date":"2025-06-10T08:46:54","date_gmt":"2025-06-10T07:46:54","guid":{"rendered":"https:\/\/fundaciohospitalariesmartorell.org\/entre-tots\/?p=11612"},"modified":"2025-06-18T09:34:18","modified_gmt":"2025-06-18T08:34:18","slug":"nou-llibre-del-psicoleg-pau-martinez-pensando-la-esquizofrenia-una-mirada-profunda-a-traves-de-la-vida-del-premi-nobel-john-nash","status":"publish","type":"post","link":"https:\/\/fundaciohospitalariesmartorell.org\/entre-tots\/2025\/06\/nou-llibre-del-psicoleg-pau-martinez-pensando-la-esquizofrenia-una-mirada-profunda-a-traves-de-la-vida-del-premi-nobel-john-nash\/","title":{"rendered":"Nou llibre del psic\u00f2leg Pau Mart\u00ednez: &#8220;Pensando la esquizofrenia&#8221;, una mirada profunda a trav\u00e9s de la vida del Premi Nobel John Nash"},"content":{"rendered":"\n<div class=\"wp-block-media-text is-stacked-on-mobile\"><figure class=\"wp-block-media-text__media\"><img decoding=\"async\" src=\"https:\/\/fundaciohospitalariesmartorell.org\/entre-tots\/wp-content\/uploads\/2025\/06\/image.jpg\" alt=\"\" class=\"wp-image-11613 size-full\"\/><\/figure><div class=\"wp-block-media-text__content\">\n<p>El psic\u00f2leg Pau Mart\u00ednez, professional del CSMA de Sant Feliu, ha publicat recentment el llibre <em>Pensando la esquizofrenia<\/em>, un assaig que proposa un rigor\u00f3s an\u00e0lisi sobre l\u2019esquizofr\u00e8nia a trav\u00e9s de la vida del matem\u00e0tic i Premi Nobel John Forbes Nash.<\/p>\n\n\n\n<p>L\u2019obra, que us podeu descarregar gratu\u00eftament en format PDF a trav\u00e9s de <a class=\"\" href=\"https:\/\/dialnet.unirioja.es\/servlet\/libro?codigo=1001313\">Dialnet<\/a>, s\u2019articula al voltant de la biografia escrita per Sylvia Nasar, que el cinema va portar a la gran pantalla amb el t\u00edtol <em>Una ment meravellosa<\/em> (Ron Howard, 2002).<\/p>\n<\/div><\/div>\n\n\n\n<p>Nash va ser diagnosticat d\u2019esquizofr\u00e8nia als 31 anys i va viure una traject\u00f2ria personal i cient\u00edfica marcada per l\u2019a\u00efllament, la lucidesa, les recaigudes i, finalment, la recuperaci\u00f3. El llibre analitza no nom\u00e9s l\u2019impacte de la malaltia en la vida d\u2019aquest geni de la teoria de jocs, sin\u00f3 tamb\u00e9 els m\u00faltiples factors \u2014socials, emocionals i institucionals\u2014 que van facilitar el seu proc\u00e9s de recuperaci\u00f3 i reintegraci\u00f3 a la vida acad\u00e8mica i personal.<\/p>\n\n\n\n<p>Pau Mart\u00ednez utilitza el cas de Nash com a exemple paradigm\u00e0tic per repensar l\u2019esquizofr\u00e8nia, un concepte sovint abordat de forma estigmatitzadora. El llibre planteja preguntes sobre els l\u00edmits entre ra\u00f3 i deliri, sobre les xarxes de suport hum\u00e0 i sobre el paper que pot tenir la passi\u00f3 \u2014en aquest cas, les matem\u00e0tiques\u2014 com a pont cap al m\u00f3n i cap als altres.<\/p>\n\n\n\n<p>El text combina rigor cl\u00ednic, mirada humanista i capacitat divulgativa, i ofereix una lectura estimulant tant per a professionals de la salut mental com per a qualsevol persona interessada a comprendre millor aquesta realitat complexa.<\/p>\n\n\n\n<p>Des d\u2019aqu\u00ed felicitem en Pau Mart\u00ednez per aquest treball!<\/p>\n\n\n\n<figure class=\"wp-block-embed is-type-video is-provider-youtube wp-block-embed-youtube wp-embed-aspect-16-9 wp-has-aspect-ratio\"><div class=\"wp-block-embed__wrapper\">\n<iframe loading=\"lazy\" title=\"Nou llibre del psic\u00f2leg Pau Mart\u00ednez: \u201cPensando la esquizofrenia\u201d\" width=\"1290\" height=\"726\" src=\"https:\/\/www.youtube.com\/embed\/cQVyV5FlXn0?feature=oembed\" frameborder=\"0\" allow=\"accelerometer; autoplay; clipboard-write; encrypted-media; gyroscope; picture-in-picture; web-share\" referrerpolicy=\"strict-origin-when-cross-origin\" allowfullscreen><\/iframe>\n<\/div><\/figure>\n","protected":false},"excerpt":{"rendered":"<p>El psic\u00f2leg Pau Mart\u00ednez, professional del CSMA de Sant Feliu, ha publicat recentment el llibre Pensando la esquizofrenia, un assaig que proposa un rigor\u00f3s an\u00e0lisi sobre l\u2019esquizofr\u00e8nia a trav\u00e9s de la vida del matem\u00e0tic i Premi Nobel John Forbes Nash. L\u2019obra, que us podeu descarregar gratu\u00eftament en format PDF a trav\u00e9s de Dialnet, s\u2019articula al [&hellip;]<\/p>\n","protected":false},"author":6,"featured_media":11613,"comment_status":"closed","ping_status":"closed","sticky":false,"template":"","format":"standard","meta":{"footnotes":""},"categories":[27,58],"tags":[],"class_list":["post-11612","post","type-post","status-publish","format-standard","has-post-thumbnail","hentry","category-actualitat","category-collaboradors-es"],"blocksy_meta":[],"featured_image_urls_v2":{"full":["https:\/\/fundaciohospitalariesmartorell.org\/entre-tots\/wp-content\/uploads\/2025\/06\/image-e1749541597425.jpg",368,280,false],"thumbnail":["https:\/\/fundaciohospitalariesmartorell.org\/entre-tots\/wp-content\/uploads\/2025\/06\/image-e1749541597425-150x150.jpg",150,150,true],"medium":["https:\/\/fundaciohospitalariesmartorell.org\/entre-tots\/wp-content\/uploads\/2025\/06\/image-e1749541597425-300x228.jpg",300,228,true],"medium_large":["https:\/\/fundaciohospitalariesmartorell.org\/entre-tots\/wp-content\/uploads\/2025\/06\/image-e1749541597425.jpg",368,280,false],"large":["https:\/\/fundaciohospitalariesmartorell.org\/entre-tots\/wp-content\/uploads\/2025\/06\/image-e1749541597425.jpg",368,280,false],"1536x1536":["https:\/\/fundaciohospitalariesmartorell.org\/entre-tots\/wp-content\/uploads\/2025\/06\/image-e1749541597425.jpg",368,280,false],"2048x2048":["https:\/\/fundaciohospitalariesmartorell.org\/entre-tots\/wp-content\/uploads\/2025\/06\/image-e1749541597425.jpg",368,280,false],"mailpoet_newsletter_max":["https:\/\/fundaciohospitalariesmartorell.org\/entre-tots\/wp-content\/uploads\/2025\/06\/image-e1749541597425.jpg",368,280,false]},"post_excerpt_stackable_v2":"<p>El psic\u00f2leg Pau Mart\u00ednez, professional del CSMA de Sant Feliu, ha publicat recentment el llibre Pensando la esquizofrenia, un assaig que proposa un rigor\u00f3s an\u00e0lisi sobre l\u2019esquizofr\u00e8nia a trav\u00e9s de la vida del matem\u00e0tic i Premi Nobel John Forbes Nash. L\u2019obra, que us podeu descarregar gratu\u00eftament en format PDF a trav\u00e9s de Dialnet, s\u2019articula al voltant de la biografia escrita per Sylvia Nasar, que el cinema va portar a la gran pantalla amb el t\u00edtol Una ment meravellosa (Ron Howard, 2002). Nash va ser diagnosticat d\u2019esquizofr\u00e8nia als 31 anys i va viure una traject\u00f2ria personal i cient\u00edfica marcada per l\u2019a\u00efllament,&hellip;<\/p>\n","category_list_v2":"<a href=\"https:\/\/fundaciohospitalariesmartorell.org\/entre-tots\/category\/actualitat\/\" rel=\"category tag\">ACTUALITAT<\/a>, <a href=\"https:\/\/fundaciohospitalariesmartorell.org\/entre-tots\/category\/actualitat\/col%c2%b7laboradors-es\/\" rel=\"category tag\">COL\u00b7LABORADORS\/ES<\/a>","author_info_v2":{"name":"Martorell_comunicacio","url":"https:\/\/fundaciohospitalariesmartorell.org\/entre-tots\/author\/martorell_comunicacio\/"},"comments_num_v2":"0 comments","_links":{"self":[{"href":"https:\/\/fundaciohospitalariesmartorell.org\/entre-tots\/wp-json\/wp\/v2\/posts\/11612","targetHints":{"allow":["GET"]}}],"collection":[{"href":"https:\/\/fundaciohospitalariesmartorell.org\/entre-tots\/wp-json\/wp\/v2\/posts"}],"about":[{"href":"https:\/\/fundaciohospitalariesmartorell.org\/entre-tots\/wp-json\/wp\/v2\/types\/post"}],"author":[{"embeddable":true,"href":"https:\/\/fundaciohospitalariesmartorell.org\/entre-tots\/wp-json\/wp\/v2\/users\/6"}],"replies":[{"embeddable":true,"href":"https:\/\/fundaciohospitalariesmartorell.org\/entre-tots\/wp-json\/wp\/v2\/comments?post=11612"}],"version-history":[{"count":4,"href":"https:\/\/fundaciohospitalariesmartorell.org\/entre-tots\/wp-json\/wp\/v2\/posts\/11612\/revisions"}],"predecessor-version":[{"id":11640,"href":"https:\/\/fundaciohospitalariesmartorell.org\/entre-tots\/wp-json\/wp\/v2\/posts\/11612\/revisions\/11640"}],"wp:featuredmedia":[{"embeddable":true,"href":"https:\/\/fundaciohospitalariesmartorell.org\/entre-tots\/wp-json\/wp\/v2\/media\/11613"}],"wp:attachment":[{"href":"https:\/\/fundaciohospitalariesmartorell.org\/entre-tots\/wp-json\/wp\/v2\/media?parent=11612"}],"wp:term":[{"taxonomy":"category","embeddable":true,"href":"https:\/\/fundaciohospitalariesmartorell.org\/entre-tots\/wp-json\/wp\/v2\/categories?post=11612"},{"taxonomy":"post_tag","embeddable":true,"href":"https:\/\/fundaciohospitalariesmartorell.org\/entre-tots\/wp-json\/wp\/v2\/tags?post=11612"}],"curies":[{"name":"wp","href":"https:\/\/api.w.org\/{rel}","templated":true}]}}