{"id":11615,"date":"2025-06-10T08:51:10","date_gmt":"2025-06-10T07:51:10","guid":{"rendered":"https:\/\/fundaciohospitalariesmartorell.org\/entre-tots\/?p=11615"},"modified":"2025-06-10T08:51:10","modified_gmt":"2025-06-10T07:51:10","slug":"les-i-jornades-nacionals-dinfermeria-de-la-fundacio-hospitalaries-congreguen-125-professionals","status":"publish","type":"post","link":"https:\/\/fundaciohospitalariesmartorell.org\/entre-tots\/2025\/06\/les-i-jornades-nacionals-dinfermeria-de-la-fundacio-hospitalaries-congreguen-125-professionals\/","title":{"rendered":"Les I Jornades Nacionals d\u2019Infermeria de la Fundaci\u00f3 Hospital\u00e0ries congreguen 125 professionals"},"content":{"rendered":"\n<figure class=\"wp-block-image size-large\"><img loading=\"lazy\" decoding=\"async\" width=\"1024\" height=\"512\" src=\"https:\/\/fundaciohospitalariesmartorell.org\/entre-tots\/wp-content\/uploads\/2025\/06\/image-5-1024x512.png\" alt=\"\" class=\"wp-image-11616\" srcset=\"https:\/\/fundaciohospitalariesmartorell.org\/entre-tots\/wp-content\/uploads\/2025\/06\/image-5-1024x512.png 1024w, https:\/\/fundaciohospitalariesmartorell.org\/entre-tots\/wp-content\/uploads\/2025\/06\/image-5-300x150.png 300w, https:\/\/fundaciohospitalariesmartorell.org\/entre-tots\/wp-content\/uploads\/2025\/06\/image-5-768x384.png 768w, https:\/\/fundaciohospitalariesmartorell.org\/entre-tots\/wp-content\/uploads\/2025\/06\/image-5-1536x768.png 1536w, https:\/\/fundaciohospitalariesmartorell.org\/entre-tots\/wp-content\/uploads\/2025\/06\/image-5-1320x660.png 1320w, https:\/\/fundaciohospitalariesmartorell.org\/entre-tots\/wp-content\/uploads\/2025\/06\/image-5.png 1600w\" sizes=\"auto, (max-width: 1024px) 100vw, 1024px\" \/><\/figure>\n\n\n\n<p>Les I Jornades Nacionals d\u2019Infermeria de la Fundaci\u00f3 Hospital\u00e0ries, que es van celebrar el 4 de juny a la Fundaci\u00f3 Hospital\u00e0ries Barcelona, van congregar 125 professionals. L\u2019objectiu de la trobada era posar en valor el paper fonamental de les infermeres i els infermers en el sistema sanitari, especialment en \u00e0rees com la gesti\u00f3, la humanitzaci\u00f3 i la innovaci\u00f3.<\/p>\n\n\n\n<p>Amb el lema \u201cCuidant des del cor\u201d, l\u2019acte es va iniciar amb unes paraules de benvinguda Miriam Algarra, directora d\u2019infermeria de la Fundaci\u00f3 Hospital\u00e0ries Barcelona, i de Josep Tristany, director del Pla Director de Salut Mental i Addiccions de Catalunya. <\/p>\n\n\n\n<p>Posteriorment, va tenir lloc la confer\u00e8ncia inaugural titulada \u201cLideratge infermer dirigit al desenvolupament cient\u00edfic de la infermeria\u201d, a c\u00e0rrec de M. Teresa Lluch, degana de la Facultat d\u2019Infermeria de la Universitat de Barcelona. En la seva intervenci\u00f3, Lluch va destacar la import\u00e0ncia de la formaci\u00f3 permanent dels i les l\u00edders i de la motivaci\u00f3 del col\u00b7lectiu d\u2019infermeria.<\/p>\n\n\n\n<p>Trobareu la cr\u00f2nica sencera de la jornada, <a href=\"https:\/\/fundaciohospitalariesmartorell.org\/les-i-jornades-nacionals-dinfermeria-de-la-fundacio-hospitalaries-congreguen-125-professionals\/\">aqu\u00ed<\/a>.<\/p>\n\n\n\n<figure class=\"wp-block-image size-full\"><img loading=\"lazy\" decoding=\"async\" width=\"1024\" height=\"512\" src=\"https:\/\/fundaciohospitalariesmartorell.org\/entre-tots\/wp-content\/uploads\/2025\/06\/image-6.png\" alt=\"\" class=\"wp-image-11617\" srcset=\"https:\/\/fundaciohospitalariesmartorell.org\/entre-tots\/wp-content\/uploads\/2025\/06\/image-6.png 1024w, https:\/\/fundaciohospitalariesmartorell.org\/entre-tots\/wp-content\/uploads\/2025\/06\/image-6-300x150.png 300w, https:\/\/fundaciohospitalariesmartorell.org\/entre-tots\/wp-content\/uploads\/2025\/06\/image-6-768x384.png 768w\" sizes=\"auto, (max-width: 1024px) 100vw, 1024px\" \/><\/figure>\n\n\n\n<p><\/p>\n","protected":false},"excerpt":{"rendered":"<p>Les I Jornades Nacionals d\u2019Infermeria de la Fundaci\u00f3 Hospital\u00e0ries, que es van celebrar el 4 de juny a la Fundaci\u00f3 Hospital\u00e0ries Barcelona, van congregar 125 professionals. L\u2019objectiu de la trobada era posar en valor el paper fonamental de les infermeres i els infermers en el sistema sanitari, especialment en \u00e0rees com la gesti\u00f3, la humanitzaci\u00f3 [&hellip;]<\/p>\n","protected":false},"author":6,"featured_media":11616,"comment_status":"closed","ping_status":"","sticky":false,"template":"","format":"standard","meta":{"footnotes":""},"categories":[27,61],"tags":[],"class_list":["post-11615","post","type-post","status-publish","format-standard","has-post-thumbnail","hentry","category-actualitat","category-societat"],"blocksy_meta":[],"featured_image_urls_v2":{"full":["https:\/\/fundaciohospitalariesmartorell.org\/entre-tots\/wp-content\/uploads\/2025\/06\/image-5.png",1600,800,false],"thumbnail":["https:\/\/fundaciohospitalariesmartorell.org\/entre-tots\/wp-content\/uploads\/2025\/06\/image-5-150x150.png",150,150,true],"medium":["https:\/\/fundaciohospitalariesmartorell.org\/entre-tots\/wp-content\/uploads\/2025\/06\/image-5-300x150.png",300,150,true],"medium_large":["https:\/\/fundaciohospitalariesmartorell.org\/entre-tots\/wp-content\/uploads\/2025\/06\/image-5-768x384.png",768,384,true],"large":["https:\/\/fundaciohospitalariesmartorell.org\/entre-tots\/wp-content\/uploads\/2025\/06\/image-5-1024x512.png",1024,512,true],"1536x1536":["https:\/\/fundaciohospitalariesmartorell.org\/entre-tots\/wp-content\/uploads\/2025\/06\/image-5-1536x768.png",1536,768,true],"2048x2048":["https:\/\/fundaciohospitalariesmartorell.org\/entre-tots\/wp-content\/uploads\/2025\/06\/image-5.png",1600,800,false],"mailpoet_newsletter_max":["https:\/\/fundaciohospitalariesmartorell.org\/entre-tots\/wp-content\/uploads\/2025\/06\/image-5-1320x660.png",1320,660,true]},"post_excerpt_stackable_v2":"<p>Les I Jornades Nacionals d\u2019Infermeria de la Fundaci\u00f3 Hospital\u00e0ries, que es van celebrar el 4 de juny a la Fundaci\u00f3 Hospital\u00e0ries Barcelona, van congregar 125 professionals. L\u2019objectiu de la trobada era posar en valor el paper fonamental de les infermeres i els infermers en el sistema sanitari, especialment en \u00e0rees com la gesti\u00f3, la humanitzaci\u00f3 i la innovaci\u00f3. Amb el lema \u201cCuidant des del cor\u201d, l\u2019acte es va iniciar amb unes paraules de benvinguda Miriam Algarra, directora d\u2019infermeria de la Fundaci\u00f3 Hospital\u00e0ries Barcelona, i de Josep Tristany, director del Pla Director de Salut Mental i Addiccions de Catalunya. Posteriorment, va&hellip;<\/p>\n","category_list_v2":"<a href=\"https:\/\/fundaciohospitalariesmartorell.org\/entre-tots\/category\/actualitat\/\" rel=\"category tag\">ACTUALITAT<\/a>, <a href=\"https:\/\/fundaciohospitalariesmartorell.org\/entre-tots\/category\/actualitat\/societat\/\" rel=\"category tag\">SOCIETAT<\/a>","author_info_v2":{"name":"Martorell_comunicacio","url":"https:\/\/fundaciohospitalariesmartorell.org\/entre-tots\/author\/martorell_comunicacio\/"},"comments_num_v2":"0 comments","_links":{"self":[{"href":"https:\/\/fundaciohospitalariesmartorell.org\/entre-tots\/wp-json\/wp\/v2\/posts\/11615","targetHints":{"allow":["GET"]}}],"collection":[{"href":"https:\/\/fundaciohospitalariesmartorell.org\/entre-tots\/wp-json\/wp\/v2\/posts"}],"about":[{"href":"https:\/\/fundaciohospitalariesmartorell.org\/entre-tots\/wp-json\/wp\/v2\/types\/post"}],"author":[{"embeddable":true,"href":"https:\/\/fundaciohospitalariesmartorell.org\/entre-tots\/wp-json\/wp\/v2\/users\/6"}],"replies":[{"embeddable":true,"href":"https:\/\/fundaciohospitalariesmartorell.org\/entre-tots\/wp-json\/wp\/v2\/comments?post=11615"}],"version-history":[{"count":1,"href":"https:\/\/fundaciohospitalariesmartorell.org\/entre-tots\/wp-json\/wp\/v2\/posts\/11615\/revisions"}],"predecessor-version":[{"id":11618,"href":"https:\/\/fundaciohospitalariesmartorell.org\/entre-tots\/wp-json\/wp\/v2\/posts\/11615\/revisions\/11618"}],"wp:featuredmedia":[{"embeddable":true,"href":"https:\/\/fundaciohospitalariesmartorell.org\/entre-tots\/wp-json\/wp\/v2\/media\/11616"}],"wp:attachment":[{"href":"https:\/\/fundaciohospitalariesmartorell.org\/entre-tots\/wp-json\/wp\/v2\/media?parent=11615"}],"wp:term":[{"taxonomy":"category","embeddable":true,"href":"https:\/\/fundaciohospitalariesmartorell.org\/entre-tots\/wp-json\/wp\/v2\/categories?post=11615"},{"taxonomy":"post_tag","embeddable":true,"href":"https:\/\/fundaciohospitalariesmartorell.org\/entre-tots\/wp-json\/wp\/v2\/tags?post=11615"}],"curies":[{"name":"wp","href":"https:\/\/api.w.org\/{rel}","templated":true}]}}