{"id":11620,"date":"2025-06-10T10:44:05","date_gmt":"2025-06-10T09:44:05","guid":{"rendered":"https:\/\/fundaciohospitalariesmartorell.org\/entre-tots\/?p=11620"},"modified":"2025-06-10T10:44:05","modified_gmt":"2025-06-10T09:44:05","slug":"donem-la-benvinguda-als-nous-residents-2","status":"publish","type":"post","link":"https:\/\/fundaciohospitalariesmartorell.org\/entre-tots\/2025\/06\/donem-la-benvinguda-als-nous-residents-2\/","title":{"rendered":"Donem la benvinguda als nous residents"},"content":{"rendered":"\n<figure class=\"wp-block-image size-large\"><img loading=\"lazy\" decoding=\"async\" width=\"1024\" height=\"577\" src=\"https:\/\/fundaciohospitalariesmartorell.org\/entre-tots\/wp-content\/uploads\/2025\/06\/image-7-1024x577.png\" alt=\"\" class=\"wp-image-11621\" srcset=\"https:\/\/fundaciohospitalariesmartorell.org\/entre-tots\/wp-content\/uploads\/2025\/06\/image-7-1024x577.png 1024w, https:\/\/fundaciohospitalariesmartorell.org\/entre-tots\/wp-content\/uploads\/2025\/06\/image-7-300x169.png 300w, https:\/\/fundaciohospitalariesmartorell.org\/entre-tots\/wp-content\/uploads\/2025\/06\/image-7-768x432.png 768w, https:\/\/fundaciohospitalariesmartorell.org\/entre-tots\/wp-content\/uploads\/2025\/06\/image-7-1536x865.png 1536w, https:\/\/fundaciohospitalariesmartorell.org\/entre-tots\/wp-content\/uploads\/2025\/06\/image-7-1320x743.png 1320w, https:\/\/fundaciohospitalariesmartorell.org\/entre-tots\/wp-content\/uploads\/2025\/06\/image-7.png 2000w\" sizes=\"auto, (max-width: 1024px) 100vw, 1024px\" \/><\/figure>\n\n\n\n<p>El passat divendres 6 de juny, a la Fundaci\u00f3 Hospital\u00e0ries Martorell vam donar la benvinguda oficial als nous residents de psiquiatria, psicologia cl\u00ednica i infermeria, que s\u2019incorporen a la nostra instituci\u00f3 per iniciar el seu per\u00edode de formaci\u00f3 especialitzada.<\/p>\n\n\n\n<p>Procedents de diferents indrets, tots ells comparteixen un mateix punt de partida: l\u2019inici d\u2019una nova aventura professional i vital en l\u2019\u00e0mbit de la salut mental i l\u2019atenci\u00f3 interm\u00e8dia. Comencen un cam\u00ed d\u2019aprenentatge que, sens dubte, els far\u00e0 cr\u00e9ixer no nom\u00e9s des del punt de vista professional, sin\u00f3 tamb\u00e9 personal.<\/p>\n\n\n\n<p>\ud83d\udc69\u200d\u2695\ufe0f\ud83d\udc68\u200d\u2695\ufe0f <strong>Nous residents 2025:<\/strong><\/p>\n\n\n\n<ul class=\"wp-block-list\">\n<li><strong>Psiquiatria:<\/strong> Martin Eduardo Plazenzotti i Angie Pab\u00f3n<\/li>\n\n\n\n<li><strong>Psicologia cl\u00ednica:<\/strong> Vicente Garc\u00eda <\/li>\n\n\n\n<li><strong>Infermeria<\/strong>: Noelia Molero i Miriam G\u00f3mez<\/li>\n<\/ul>\n\n\n\n<p>Els rebem amb els bra\u00e7os oberts i la m\u00e0xima il\u00b7lusi\u00f3, compromesos a acompanyar-los i formar-los en una atenci\u00f3 humana, integral i centrada en la persona, des d\u2019una mirada \u00e8tica, integradora i transformadora.<\/p>\n\n\n\n<p>Benvinguts a casa vostra!<\/p>\n\n\n\n<p><\/p>\n","protected":false},"excerpt":{"rendered":"<p>El passat divendres 6 de juny, a la Fundaci\u00f3 Hospital\u00e0ries Martorell vam donar la benvinguda oficial als nous residents de psiquiatria, psicologia cl\u00ednica i infermeria, que s\u2019incorporen a la nostra instituci\u00f3 per iniciar el seu per\u00edode de formaci\u00f3 especialitzada. Procedents de diferents indrets, tots ells comparteixen un mateix punt de partida: l\u2019inici d\u2019una nova aventura [&hellip;]<\/p>\n","protected":false},"author":6,"featured_media":11621,"comment_status":"closed","ping_status":"","sticky":false,"template":"","format":"standard","meta":{"footnotes":""},"categories":[27,58],"tags":[],"class_list":["post-11620","post","type-post","status-publish","format-standard","has-post-thumbnail","hentry","category-actualitat","category-collaboradors-es"],"blocksy_meta":[],"featured_image_urls_v2":{"full":["https:\/\/fundaciohospitalariesmartorell.org\/entre-tots\/wp-content\/uploads\/2025\/06\/image-7.png",2000,1126,false],"thumbnail":["https:\/\/fundaciohospitalariesmartorell.org\/entre-tots\/wp-content\/uploads\/2025\/06\/image-7-150x150.png",150,150,true],"medium":["https:\/\/fundaciohospitalariesmartorell.org\/entre-tots\/wp-content\/uploads\/2025\/06\/image-7-300x169.png",300,169,true],"medium_large":["https:\/\/fundaciohospitalariesmartorell.org\/entre-tots\/wp-content\/uploads\/2025\/06\/image-7-768x432.png",768,432,true],"large":["https:\/\/fundaciohospitalariesmartorell.org\/entre-tots\/wp-content\/uploads\/2025\/06\/image-7-1024x577.png",1024,577,true],"1536x1536":["https:\/\/fundaciohospitalariesmartorell.org\/entre-tots\/wp-content\/uploads\/2025\/06\/image-7-1536x865.png",1536,865,true],"2048x2048":["https:\/\/fundaciohospitalariesmartorell.org\/entre-tots\/wp-content\/uploads\/2025\/06\/image-7.png",2000,1126,false],"mailpoet_newsletter_max":["https:\/\/fundaciohospitalariesmartorell.org\/entre-tots\/wp-content\/uploads\/2025\/06\/image-7-1320x743.png",1320,743,true]},"post_excerpt_stackable_v2":"<p>El passat divendres 6 de juny, a la Fundaci\u00f3 Hospital\u00e0ries Martorell vam donar la benvinguda oficial als nous residents de psiquiatria, psicologia cl\u00ednica i infermeria, que s\u2019incorporen a la nostra instituci\u00f3 per iniciar el seu per\u00edode de formaci\u00f3 especialitzada. Procedents de diferents indrets, tots ells comparteixen un mateix punt de partida: l\u2019inici d\u2019una nova aventura professional i vital en l\u2019\u00e0mbit de la salut mental i l\u2019atenci\u00f3 interm\u00e8dia. Comencen un cam\u00ed d\u2019aprenentatge que, sens dubte, els far\u00e0 cr\u00e9ixer no nom\u00e9s des del punt de vista professional, sin\u00f3 tamb\u00e9 personal. \ud83d\udc69\u200d\u2695\ufe0f\ud83d\udc68\u200d\u2695\ufe0f Nous residents 2025: Psiquiatria: Martin Eduardo Plazenzotti i Angie Pab\u00f3n Psicologia&hellip;<\/p>\n","category_list_v2":"<a href=\"https:\/\/fundaciohospitalariesmartorell.org\/entre-tots\/category\/actualitat\/\" rel=\"category tag\">ACTUALITAT<\/a>, <a href=\"https:\/\/fundaciohospitalariesmartorell.org\/entre-tots\/category\/actualitat\/col%c2%b7laboradors-es\/\" rel=\"category tag\">COL\u00b7LABORADORS\/ES<\/a>","author_info_v2":{"name":"Martorell_comunicacio","url":"https:\/\/fundaciohospitalariesmartorell.org\/entre-tots\/author\/martorell_comunicacio\/"},"comments_num_v2":"0 comments","_links":{"self":[{"href":"https:\/\/fundaciohospitalariesmartorell.org\/entre-tots\/wp-json\/wp\/v2\/posts\/11620","targetHints":{"allow":["GET"]}}],"collection":[{"href":"https:\/\/fundaciohospitalariesmartorell.org\/entre-tots\/wp-json\/wp\/v2\/posts"}],"about":[{"href":"https:\/\/fundaciohospitalariesmartorell.org\/entre-tots\/wp-json\/wp\/v2\/types\/post"}],"author":[{"embeddable":true,"href":"https:\/\/fundaciohospitalariesmartorell.org\/entre-tots\/wp-json\/wp\/v2\/users\/6"}],"replies":[{"embeddable":true,"href":"https:\/\/fundaciohospitalariesmartorell.org\/entre-tots\/wp-json\/wp\/v2\/comments?post=11620"}],"version-history":[{"count":1,"href":"https:\/\/fundaciohospitalariesmartorell.org\/entre-tots\/wp-json\/wp\/v2\/posts\/11620\/revisions"}],"predecessor-version":[{"id":11622,"href":"https:\/\/fundaciohospitalariesmartorell.org\/entre-tots\/wp-json\/wp\/v2\/posts\/11620\/revisions\/11622"}],"wp:featuredmedia":[{"embeddable":true,"href":"https:\/\/fundaciohospitalariesmartorell.org\/entre-tots\/wp-json\/wp\/v2\/media\/11621"}],"wp:attachment":[{"href":"https:\/\/fundaciohospitalariesmartorell.org\/entre-tots\/wp-json\/wp\/v2\/media?parent=11620"}],"wp:term":[{"taxonomy":"category","embeddable":true,"href":"https:\/\/fundaciohospitalariesmartorell.org\/entre-tots\/wp-json\/wp\/v2\/categories?post=11620"},{"taxonomy":"post_tag","embeddable":true,"href":"https:\/\/fundaciohospitalariesmartorell.org\/entre-tots\/wp-json\/wp\/v2\/tags?post=11620"}],"curies":[{"name":"wp","href":"https:\/\/api.w.org\/{rel}","templated":true}]}}