{"id":11641,"date":"2025-06-19T11:38:08","date_gmt":"2025-06-19T10:38:08","guid":{"rendered":"https:\/\/fundaciohospitalariesmartorell.org\/entre-tots\/?p=11641"},"modified":"2025-06-23T10:58:08","modified_gmt":"2025-06-23T09:58:08","slug":"exit-de-la-jornada-de-donacio-de-sang-a-la-fundacio-hospitalaries-martorell","status":"publish","type":"post","link":"https:\/\/fundaciohospitalariesmartorell.org\/entre-tots\/2025\/06\/exit-de-la-jornada-de-donacio-de-sang-a-la-fundacio-hospitalaries-martorell\/","title":{"rendered":"Una trentena de persones participen en la 2a  jornada de donaci\u00f3 de sang"},"content":{"rendered":"\n<figure class=\"wp-block-image size-large\"><img loading=\"lazy\" decoding=\"async\" width=\"1200\" height=\"900\" src=\"https:\/\/fundaciohospitalariesmartorell.org\/entre-tots\/wp-content\/uploads\/2025\/06\/WhatsApp-Image-2025-06-16-at-13.03.31-4-edited.jpeg\" alt=\"\" class=\"wp-image-11644\" srcset=\"https:\/\/fundaciohospitalariesmartorell.org\/entre-tots\/wp-content\/uploads\/2025\/06\/WhatsApp-Image-2025-06-16-at-13.03.31-4-edited.jpeg 1200w, https:\/\/fundaciohospitalariesmartorell.org\/entre-tots\/wp-content\/uploads\/2025\/06\/WhatsApp-Image-2025-06-16-at-13.03.31-4-edited-300x225.jpeg 300w, https:\/\/fundaciohospitalariesmartorell.org\/entre-tots\/wp-content\/uploads\/2025\/06\/WhatsApp-Image-2025-06-16-at-13.03.31-4-edited-1024x768.jpeg 1024w, https:\/\/fundaciohospitalariesmartorell.org\/entre-tots\/wp-content\/uploads\/2025\/06\/WhatsApp-Image-2025-06-16-at-13.03.31-4-edited-768x576.jpeg 768w\" sizes=\"auto, (max-width: 1200px) 100vw, 1200px\" \/><\/figure>\n\n\n\n<p>El passat dilluns 16 de juny, en commemoraci\u00f3 del Dia Mundial del Donant de Sang, que se celebra el 14 de juny, la comissi\u00f3\u00a0<em>Cuida\u2019t x Cuidar<\/em>, en col\u00b7laboraci\u00f3 amb el <a href=\"https:\/\/www.bancsang.net\/ca\/\" data-type=\"link\" data-id=\"https:\/\/www.bancsang.net\/ca\/\">Banc de Sang i Teixits<\/a>, va organitzar una nova jornada de donaci\u00f3 de sang a la\u00a0Fundaci\u00f3 Hospital\u00e0ries Martorell.<\/p>\n\n\n\n<p>Aquesta ha estat la segona vegada que s\u2019ha dut a terme una activitat d\u2019aquest tipus al nostre centre, despr\u00e9s de l\u2019\u00e8xit de la <a href=\"https:\/\/fundaciohospitalariesmartorell.org\/entre-tots\/2024\/06\/gran-exit-de-participacio-en-la-primera-campanya-de-donacio-de-sang-de-lhospital-sagrat-cor\/\" data-type=\"post\" data-id=\"9477\">primera edici\u00f3<\/a>.<\/p>\n\n\n\n<p>Una vegada m\u00e9s, una unitat m\u00f2bil del Banc de Sang es va instal\u00b7lar al costat del p\u00e0rquing, a l\u2019entrada de l\u2019Hospital de Dia, facilitant l\u2019acc\u00e9s a tothom que hi volgu\u00e9s participar. L\u2019activitat va ser tot un \u00e8xit, amb una alta participaci\u00f3 de la comunitat hospital\u00e0ria: un total de 30 persones es van apropar a fer la seva donaci\u00f3.<\/p>\n\n\n\n<p>Gr\u00e0cies a aquestes donacions, fins a 75 pacients es podran beneficiar d\u2019aquesta acci\u00f3 solid\u00e0ria. Aquest resultat posa de manifest, una vegada m\u00e9s, la solidaritat, la implicaci\u00f3 i el comprom\u00eds de la nostra comunitat amb la salut i el benestar de les persones.<\/p>\n\n\n\n<p>Des de la Fundaci\u00f3, volem agrair sincerament a totes les persones participants, aix\u00ed com al Banc de Sang i Teixits, per la seva col\u00b7laboraci\u00f3 i suport en fer possible aquesta iniciativa.<\/p>\n\n\n\n<figure class=\"wp-block-embed is-type-video is-provider-youtube wp-block-embed-youtube wp-embed-aspect-16-9 wp-has-aspect-ratio\"><div class=\"wp-block-embed__wrapper\">\n<iframe loading=\"lazy\" title=\"Jornada de donaci\u00f3 de sang 2025\" width=\"1290\" height=\"726\" src=\"https:\/\/www.youtube.com\/embed\/zSwRbg24lYY?feature=oembed\" frameborder=\"0\" allow=\"accelerometer; autoplay; clipboard-write; encrypted-media; gyroscope; picture-in-picture; web-share\" referrerpolicy=\"strict-origin-when-cross-origin\" allowfullscreen><\/iframe>\n<\/div><\/figure>\n","protected":false},"excerpt":{"rendered":"<p>El passat dilluns 16 de juny, en commemoraci\u00f3 del Dia Mundial del Donant de Sang, que se celebra el 14 de juny, la comissi\u00f3\u00a0Cuida\u2019t x Cuidar, en col\u00b7laboraci\u00f3 amb el Banc de Sang i Teixits, va organitzar una nova jornada de donaci\u00f3 de sang a la\u00a0Fundaci\u00f3 Hospital\u00e0ries Martorell. Aquesta ha estat la segona vegada que [&hellip;]<\/p>\n","protected":false},"author":6,"featured_media":11644,"comment_status":"closed","ping_status":"closed","sticky":false,"template":"","format":"standard","meta":{"footnotes":""},"categories":[27,58,61],"tags":[],"class_list":["post-11641","post","type-post","status-publish","format-standard","has-post-thumbnail","hentry","category-actualitat","category-collaboradors-es","category-societat"],"blocksy_meta":[],"featured_image_urls_v2":{"full":["https:\/\/fundaciohospitalariesmartorell.org\/entre-tots\/wp-content\/uploads\/2025\/06\/WhatsApp-Image-2025-06-16-at-13.03.31-4-edited.jpeg",1200,900,false],"thumbnail":["https:\/\/fundaciohospitalariesmartorell.org\/entre-tots\/wp-content\/uploads\/2025\/06\/WhatsApp-Image-2025-06-16-at-13.03.31-4-edited-150x150.jpeg",150,150,true],"medium":["https:\/\/fundaciohospitalariesmartorell.org\/entre-tots\/wp-content\/uploads\/2025\/06\/WhatsApp-Image-2025-06-16-at-13.03.31-4-edited-300x225.jpeg",300,225,true],"medium_large":["https:\/\/fundaciohospitalariesmartorell.org\/entre-tots\/wp-content\/uploads\/2025\/06\/WhatsApp-Image-2025-06-16-at-13.03.31-4-edited-768x576.jpeg",768,576,true],"large":["https:\/\/fundaciohospitalariesmartorell.org\/entre-tots\/wp-content\/uploads\/2025\/06\/WhatsApp-Image-2025-06-16-at-13.03.31-4-edited-1024x768.jpeg",1024,768,true],"1536x1536":["https:\/\/fundaciohospitalariesmartorell.org\/entre-tots\/wp-content\/uploads\/2025\/06\/WhatsApp-Image-2025-06-16-at-13.03.31-4-edited.jpeg",1200,900,false],"2048x2048":["https:\/\/fundaciohospitalariesmartorell.org\/entre-tots\/wp-content\/uploads\/2025\/06\/WhatsApp-Image-2025-06-16-at-13.03.31-4-edited.jpeg",1200,900,false],"mailpoet_newsletter_max":["https:\/\/fundaciohospitalariesmartorell.org\/entre-tots\/wp-content\/uploads\/2025\/06\/WhatsApp-Image-2025-06-16-at-13.03.31-4-edited.jpeg",1200,900,false]},"post_excerpt_stackable_v2":"<p>El passat dilluns 16 de juny, en commemoraci\u00f3 del Dia Mundial del Donant de Sang, que se celebra el 14 de juny, la comissi\u00f3\u00a0Cuida\u2019t x Cuidar, en col\u00b7laboraci\u00f3 amb el Banc de Sang i Teixits, va organitzar una nova jornada de donaci\u00f3 de sang a la\u00a0Fundaci\u00f3 Hospital\u00e0ries Martorell. Aquesta ha estat la segona vegada que s\u2019ha dut a terme una activitat d\u2019aquest tipus al nostre centre, despr\u00e9s de l\u2019\u00e8xit de la primera edici\u00f3. Una vegada m\u00e9s, una unitat m\u00f2bil del Banc de Sang es va instal\u00b7lar al costat del p\u00e0rquing, a l\u2019entrada de l\u2019Hospital de Dia, facilitant l\u2019acc\u00e9s a tothom&hellip;<\/p>\n","category_list_v2":"<a href=\"https:\/\/fundaciohospitalariesmartorell.org\/entre-tots\/category\/actualitat\/\" rel=\"category tag\">ACTUALITAT<\/a>, <a href=\"https:\/\/fundaciohospitalariesmartorell.org\/entre-tots\/category\/actualitat\/col%c2%b7laboradors-es\/\" rel=\"category tag\">COL\u00b7LABORADORS\/ES<\/a>, <a href=\"https:\/\/fundaciohospitalariesmartorell.org\/entre-tots\/category\/actualitat\/societat\/\" rel=\"category tag\">SOCIETAT<\/a>","author_info_v2":{"name":"Martorell_comunicacio","url":"https:\/\/fundaciohospitalariesmartorell.org\/entre-tots\/author\/martorell_comunicacio\/"},"comments_num_v2":"0 comments","_links":{"self":[{"href":"https:\/\/fundaciohospitalariesmartorell.org\/entre-tots\/wp-json\/wp\/v2\/posts\/11641","targetHints":{"allow":["GET"]}}],"collection":[{"href":"https:\/\/fundaciohospitalariesmartorell.org\/entre-tots\/wp-json\/wp\/v2\/posts"}],"about":[{"href":"https:\/\/fundaciohospitalariesmartorell.org\/entre-tots\/wp-json\/wp\/v2\/types\/post"}],"author":[{"embeddable":true,"href":"https:\/\/fundaciohospitalariesmartorell.org\/entre-tots\/wp-json\/wp\/v2\/users\/6"}],"replies":[{"embeddable":true,"href":"https:\/\/fundaciohospitalariesmartorell.org\/entre-tots\/wp-json\/wp\/v2\/comments?post=11641"}],"version-history":[{"count":3,"href":"https:\/\/fundaciohospitalariesmartorell.org\/entre-tots\/wp-json\/wp\/v2\/posts\/11641\/revisions"}],"predecessor-version":[{"id":11653,"href":"https:\/\/fundaciohospitalariesmartorell.org\/entre-tots\/wp-json\/wp\/v2\/posts\/11641\/revisions\/11653"}],"wp:featuredmedia":[{"embeddable":true,"href":"https:\/\/fundaciohospitalariesmartorell.org\/entre-tots\/wp-json\/wp\/v2\/media\/11644"}],"wp:attachment":[{"href":"https:\/\/fundaciohospitalariesmartorell.org\/entre-tots\/wp-json\/wp\/v2\/media?parent=11641"}],"wp:term":[{"taxonomy":"category","embeddable":true,"href":"https:\/\/fundaciohospitalariesmartorell.org\/entre-tots\/wp-json\/wp\/v2\/categories?post=11641"},{"taxonomy":"post_tag","embeddable":true,"href":"https:\/\/fundaciohospitalariesmartorell.org\/entre-tots\/wp-json\/wp\/v2\/tags?post=11641"}],"curies":[{"name":"wp","href":"https:\/\/api.w.org\/{rel}","templated":true}]}}