{"id":11655,"date":"2025-06-25T12:26:03","date_gmt":"2025-06-25T11:26:03","guid":{"rendered":"https:\/\/fundaciohospitalariesmartorell.org\/entre-tots\/?p=11655"},"modified":"2025-06-30T10:44:50","modified_gmt":"2025-06-30T09:44:50","slug":"acte-en-homenatge-a-les-germanes-hospitalaries-de-martorell","status":"publish","type":"post","link":"https:\/\/fundaciohospitalariesmartorell.org\/entre-tots\/2025\/06\/acte-en-homenatge-a-les-germanes-hospitalaries-de-martorell\/","title":{"rendered":"V\u00eddeo en homenatge a les Germanes Hospital\u00e0ries de Martorell"},"content":{"rendered":"\n<figure class=\"wp-block-embed is-type-video is-provider-youtube wp-block-embed-youtube wp-embed-aspect-16-9 wp-has-aspect-ratio\"><div class=\"wp-block-embed__wrapper\">\n<iframe loading=\"lazy\" title=\"Acte en homenatge a les Germanes Hospital\u00e0ries de Martorell\" width=\"1290\" height=\"726\" src=\"https:\/\/www.youtube.com\/embed\/poOFAwebVNU?feature=oembed\" frameborder=\"0\" allow=\"accelerometer; autoplay; clipboard-write; encrypted-media; gyroscope; picture-in-picture; web-share\" referrerpolicy=\"strict-origin-when-cross-origin\" allowfullscreen><\/iframe>\n<\/div><\/figure>\n\n\n\n<p>1. <strong>Introducci\u00f3: vocaci\u00f3 de servei<\/strong><\/p>\n\n\n\n<p>En temps dif\u00edcils, quan la necessitat \u00e9s urgent, tamb\u00e9 hi neixen grans compromisos.<\/p>\n\n\n\n<p>A principis dels anys seixanta, l&#8217;Institut Psiqui\u00e0tric per a Dones de Sant Boi de Llobregat, gestionat per les Germanes Hospital\u00e0ries del Sagrat Cor, acollia prop de 2.000 pacients. Tot i l&#8217;esfor\u00e7 de la comunitat, el personal m\u00e8dic i religi\u00f3s era clarament insuficient per fer front a les necessitats creixents.<\/p>\n\n\n\n<p>Davant d&#8217;aquesta realitat, va n\u00e9ixer un somni: crear un centre modern, hum\u00e0 i obert al m\u00f3n. Aix\u00ed va comen\u00e7ar a gestar-se el Centre Neuropsiqui\u00e0tric Sagrat Cor de Jes\u00fas, a Martorell.<\/p>\n\n\n\n<p>2. <strong>Els or\u00edgens: visi\u00f3 i determinaci\u00f3<\/strong><\/p>\n\n\n\n<p>L&#8217;any 1960, es va adquirir un terreny de m\u00e9s de nou hect\u00e0rees a la zona coneguda&nbsp;com a&nbsp;&#8220;Manso&nbsp;T\u00edo&#8221;, a tocar de la carretera N-II i molt a prop del nucli de Martorell. La ubicaci\u00f3, ben comunicada, era ideal per al projecte que estava a punt de n\u00e9ixer.<\/p>\n\n\n\n<p>Tot i el a mort tr\u00e0gica de Sor&nbsp;Mar\u00eda&nbsp;Inviolata, superiora de la comunitat de Sant Boi, en un accident de tr\u00e0nsit, el projecte no es va aturar. Al contrari: va agafar embranzida. Sota la direcci\u00f3 de l&#8217;arquitecte Armand Mas Tulla, el disseny del nou hospital trencava amb els models assistencials tradicionals.<\/p>\n\n\n\n<p>L&#8217;hospital es va concebre sense grans barreres, fugint dels espais comuns impersonals. Es va apostar per habitacions petites, c\u00e0lides i acollidores, on la intimitat de les persones fos respectada. Una arquitectura pensada per a la recuperaci\u00f3 i la reintegraci\u00f3 social. Un model pioner a Espanya.<\/p>\n\n\n\n<p>Com es recull en la cr\u00f2nica del 28 d&#8217;abril de 1963:<br>&#8220;<em>Mansi\u00f3 de pau i de llum, una casa que b\u00e9 mereix el qualificatiu de palau de vidre, que obre les seves vidrieres per acollir, curar i assistir centenars de malaltes.&#8221;<\/em><\/p>\n\n\n\n<p>3. <strong>L\u2019any clau: 1963<\/strong><\/p>\n\n\n\n<p>L\u2019abril de 1963 es va formar la primera comunitat de Germanes Hospital\u00e0ries a Martorell. Deu religioses hi van arribar amb una missi\u00f3 clara: <strong>cuidar amb el cor<\/strong>. El 17 d\u2019abril s\u2019hi va celebrar la primera missa i es va reservar el Sant\u00edssim en una petita habitaci\u00f3. Pocs dies despr\u00e9s, el 25 d\u2019abril, es va autoritzar oficialment l\u2019obertura del centre.<\/p>\n\n\n\n<p>Aquell primer grup de germanes ho va donar tot des del primer moment. Malgrat els recursos escassos i les grans dificultats, la seva entrega va ser total: una dedicaci\u00f3 incondicional i una vocaci\u00f3 inq\u00fcestionable.<\/p>\n\n\n\n<p>Nom\u00e9s un any despr\u00e9s, ja eren disset. Vivien amb senzillesa, treballaven incansablement i atenien cada dona amb tendresa i respecte, des d\u2019una mirada profundament cristiana i humanista.<\/p>\n\n\n\n<p>4. <strong>L&#8217;impuls m\u00e8dic: el Dr. Alfredo Rego<\/strong><\/p>\n\n\n\n<p>L\u2019abril de 1963 es va formar la primera comunitat de Germanes Hospital\u00e0ries a Martorell. Deu religioses hi van arribar amb una missi\u00f3 clara: <strong>cuidar amb el cor<\/strong>. El 17 d\u2019abril s\u2019hi va celebrar la primera missa i es va reservar el Sant\u00edssim en una petita habitaci\u00f3. Pocs dies despr\u00e9s, el 25 d\u2019abril, es va autoritzar oficialment l\u2019obertura del centre.<\/p>\n\n\n\n<p>Aquell primer grup de germanes ho va donar tot des del primer moment. Malgrat els recursos escassos i les grans dificultats, la seva entrega va ser total: una dedicaci\u00f3 incondicional i una vocaci\u00f3 inq\u00fcestionable.<\/p>\n\n\n\n<p>Nom\u00e9s un any despr\u00e9s, ja eren disset. Vivien amb senzillesa, treballaven incansablement i atenien cada dona amb tendresa i respecte, des d\u2019una mirada profundament cristiana i humanista.<\/p>\n\n\n\n<p>5. <strong>Transformaci\u00f3 i expansi\u00f3: cap a una xarxa d&#8217;atenci\u00f3 integral<\/strong><\/p>\n\n\n\n<p>En els anys 80, la demanda va augmentar, sobretot en zones afectades per crisis econ\u00f2miques com el Bergued\u00e0. El Centre Neuropsiqui\u00e0tric Sagrat Cor va deixar de ser nom\u00e9s un hospital per a convertir-se en el nucli d&#8217;una xarxa de serveis comunitaris. Es van obrir centres a Berga, Sant Feliu i Martorell i es van crear centres de dia. Aix\u00f2 va permetre una atenci\u00f3 m\u00e9s pr\u00f2xima, evitant despla\u00e7ament a l&#8217;hospital.<\/p>\n\n\n\n<p>\u00b7 L\u2019any 1987 va n\u00e9ixer la Unitat Terap\u00e8utica d&#8217;Hospitalitzaci\u00f3, per a crisis agudes.<\/p>\n\n\n\n<p>\u00b7 Poc despr\u00e9s, la Unitat Residencial de Rehabilitaci\u00f3, per a persones amb llargues estades, orientada a recuperar autonomia.<\/p>\n\n\n\n<p>\u00b7 Finalment, es va crear la primera Unitat de Psicogeriatria del pa\u00eds, especialitzada en persones majors amb trastorns mentals.<\/p>\n\n\n\n<p>L\u2019any 1995, el centre va canviar el seu nom a Sagrat Cor \u2013 Serveis de Salut Mental, reflectint la seva nova identitat, comunit\u00e0ria i integral.<\/p>\n\n\n\n<p>6. <strong>Evoluci\u00f3 recent: atenci\u00f3 centrada en la persona<\/strong><\/p>\n\n\n\n<p>Amb els anys, el Sagrat Cor va continuar evolucionant cap a un model centrat en la persona. Avui, l&#8217;atenci\u00f3 s&#8217;ofereix en l&#8217;entorn quotidi\u00e0 de cada pacient: la seva comunitat, casa seva, la seva vida.<\/p>\n\n\n\n<p>Aquest enfocament permet respectar els seus vincles i fomentar l&#8217;autonomia, sense a\u00efllaments ni institucionalitzacions innecess\u00e0ries. En 2012, el centre va adoptar oficialment el nom d&#8217;Hospital Sagrat Cor, que ha portat fins a l&#8217;1 de gener de 2025, quan va entrar a formar part de la Fundaci\u00f3 Hospital\u00e0ries.<\/p>\n\n\n\n<p>La formaci\u00f3 continuada, la doc\u00e8ncia i innovaci\u00f3, recerca, l&#8217;\u00e8tica i una assist\u00e8ncia centrada en les persones i amb un model de recuperaci\u00f3 continuen sent pilars essencials.<\/p>\n\n\n\n<p>7. <strong>Pres\u00e8ncia viva: ahir i avui<\/strong><\/p>\n\n\n\n<p>Des de 1963 fins avui, les Germanes del Sagrat Cor han estat sempre presents. Amb coratge i tendresa, han acompanyat a milers de persones amb malaltia mental, dem\u00e8ncia o altres malalties. La missi\u00f3 continua viva: acollir, cuidar, sanar. Sempre des del cor i des de l&#8217;hospitalitat del nostre fundador, Sant Benito Menni, i les nostres fundadores, Mar\u00eda Josefa Recio i Mar\u00eda Angustias Gim\u00e9nez.<\/p>\n\n\n\n<p>8. <strong>Tancament: una hist\u00f2ria d&#8217;amor i fe<\/strong><\/p>\n\n\n\n<p>La nostra hist\u00f2ria no \u00e9s nom\u00e9s la hist\u00f2ria d&#8217;un centre sanitari. \u00c9s la hist\u00f2ria d&#8217;una comunitat que va decidir estimar quan m\u00e9s es necessitava. Una llum que segueix i continuar\u00e0 viva. Un cor sense fronteres.<\/p>\n\n\n\n<p>Aquest ahir \u00e9s un present viscut amb passi\u00f3 i entusiasme en una missi\u00f3 que encarna i expressa el carisma en uns valors que se sintetitzen en un nom\u00e9s: HOSPITALITAT.<\/p>\n\n\n\n<p><\/p>\n","protected":false},"excerpt":{"rendered":"<p>1. Introducci\u00f3: vocaci\u00f3 de servei En temps dif\u00edcils, quan la necessitat \u00e9s urgent, tamb\u00e9 hi neixen grans compromisos. A principis dels anys seixanta, l&#8217;Institut Psiqui\u00e0tric per a Dones de Sant Boi de Llobregat, gestionat per les Germanes Hospital\u00e0ries del Sagrat Cor, acollia prop de 2.000 pacients. Tot i l&#8217;esfor\u00e7 de la comunitat, el personal m\u00e8dic [&hellip;]<\/p>\n","protected":false},"author":6,"featured_media":11662,"comment_status":"closed","ping_status":"closed","sticky":false,"template":"","format":"standard","meta":{"footnotes":""},"categories":[28],"tags":[],"class_list":["post-11655","post","type-post","status-publish","format-standard","has-post-thumbnail","hentry","category-tot-aixo-es-nostre"],"blocksy_meta":[],"featured_image_urls_v2":{"full":["https:\/\/fundaciohospitalariesmartorell.org\/entre-tots\/wp-content\/uploads\/2025\/06\/Acte-en-homenatge-a-les-Germanes-Hospitalaries-de-Martorell-1-e1750851542415.png",1296,1080,false],"thumbnail":["https:\/\/fundaciohospitalariesmartorell.org\/entre-tots\/wp-content\/uploads\/2025\/06\/Acte-en-homenatge-a-les-Germanes-Hospitalaries-de-Martorell-1-e1750851542415-150x150.png",150,150,true],"medium":["https:\/\/fundaciohospitalariesmartorell.org\/entre-tots\/wp-content\/uploads\/2025\/06\/Acte-en-homenatge-a-les-Germanes-Hospitalaries-de-Martorell-1-e1750851542415-300x250.png",300,250,true],"medium_large":["https:\/\/fundaciohospitalariesmartorell.org\/entre-tots\/wp-content\/uploads\/2025\/06\/Acte-en-homenatge-a-les-Germanes-Hospitalaries-de-Martorell-1-e1750851542415-768x640.png",768,640,true],"large":["https:\/\/fundaciohospitalariesmartorell.org\/entre-tots\/wp-content\/uploads\/2025\/06\/Acte-en-homenatge-a-les-Germanes-Hospitalaries-de-Martorell-1-e1750851542415-1024x853.png",1024,853,true],"1536x1536":["https:\/\/fundaciohospitalariesmartorell.org\/entre-tots\/wp-content\/uploads\/2025\/06\/Acte-en-homenatge-a-les-Germanes-Hospitalaries-de-Martorell-1-1536x864.png",1536,864,true],"2048x2048":["https:\/\/fundaciohospitalariesmartorell.org\/entre-tots\/wp-content\/uploads\/2025\/06\/Acte-en-homenatge-a-les-Germanes-Hospitalaries-de-Martorell-1-e1750851542415.png",1296,1080,false],"mailpoet_newsletter_max":["https:\/\/fundaciohospitalariesmartorell.org\/entre-tots\/wp-content\/uploads\/2025\/06\/Acte-en-homenatge-a-les-Germanes-Hospitalaries-de-Martorell-1-1320x743.png",1320,743,true]},"post_excerpt_stackable_v2":"<p>1. Introducci\u00f3: vocaci\u00f3 de servei En temps dif\u00edcils, quan la necessitat \u00e9s urgent, tamb\u00e9 hi neixen grans compromisos. A principis dels anys seixanta, l&#8217;Institut Psiqui\u00e0tric per a Dones de Sant Boi de Llobregat, gestionat per les Germanes Hospital\u00e0ries del Sagrat Cor, acollia prop de 2.000 pacients. Tot i l&#8217;esfor\u00e7 de la comunitat, el personal m\u00e8dic i religi\u00f3s era clarament insuficient per fer front a les necessitats creixents. Davant d&#8217;aquesta realitat, va n\u00e9ixer un somni: crear un centre modern, hum\u00e0 i obert al m\u00f3n. Aix\u00ed va comen\u00e7ar a gestar-se el Centre Neuropsiqui\u00e0tric Sagrat Cor de Jes\u00fas, a Martorell. 2. Els or\u00edgens:&hellip;<\/p>\n","category_list_v2":"<a href=\"https:\/\/fundaciohospitalariesmartorell.org\/entre-tots\/category\/tot-aixo-es-nostre\/\" rel=\"category tag\">TOT AIX\u00d2 \u00c9S NOSTRE<\/a>","author_info_v2":{"name":"Martorell_comunicacio","url":"https:\/\/fundaciohospitalariesmartorell.org\/entre-tots\/author\/martorell_comunicacio\/"},"comments_num_v2":"0 comments","_links":{"self":[{"href":"https:\/\/fundaciohospitalariesmartorell.org\/entre-tots\/wp-json\/wp\/v2\/posts\/11655","targetHints":{"allow":["GET"]}}],"collection":[{"href":"https:\/\/fundaciohospitalariesmartorell.org\/entre-tots\/wp-json\/wp\/v2\/posts"}],"about":[{"href":"https:\/\/fundaciohospitalariesmartorell.org\/entre-tots\/wp-json\/wp\/v2\/types\/post"}],"author":[{"embeddable":true,"href":"https:\/\/fundaciohospitalariesmartorell.org\/entre-tots\/wp-json\/wp\/v2\/users\/6"}],"replies":[{"embeddable":true,"href":"https:\/\/fundaciohospitalariesmartorell.org\/entre-tots\/wp-json\/wp\/v2\/comments?post=11655"}],"version-history":[{"count":7,"href":"https:\/\/fundaciohospitalariesmartorell.org\/entre-tots\/wp-json\/wp\/v2\/posts\/11655\/revisions"}],"predecessor-version":[{"id":11668,"href":"https:\/\/fundaciohospitalariesmartorell.org\/entre-tots\/wp-json\/wp\/v2\/posts\/11655\/revisions\/11668"}],"wp:featuredmedia":[{"embeddable":true,"href":"https:\/\/fundaciohospitalariesmartorell.org\/entre-tots\/wp-json\/wp\/v2\/media\/11662"}],"wp:attachment":[{"href":"https:\/\/fundaciohospitalariesmartorell.org\/entre-tots\/wp-json\/wp\/v2\/media?parent=11655"}],"wp:term":[{"taxonomy":"category","embeddable":true,"href":"https:\/\/fundaciohospitalariesmartorell.org\/entre-tots\/wp-json\/wp\/v2\/categories?post=11655"},{"taxonomy":"post_tag","embeddable":true,"href":"https:\/\/fundaciohospitalariesmartorell.org\/entre-tots\/wp-json\/wp\/v2\/tags?post=11655"}],"curies":[{"name":"wp","href":"https:\/\/api.w.org\/{rel}","templated":true}]}}