{"id":11669,"date":"2025-06-30T11:24:11","date_gmt":"2025-06-30T10:24:11","guid":{"rendered":"https:\/\/fundaciohospitalariesmartorell.org\/entre-tots\/?p=11669"},"modified":"2025-07-02T09:32:46","modified_gmt":"2025-07-02T08:32:46","slug":"martorell-acomiada-amb-gratitud-la-comunitat-de-germanes-hospitalaries-del-sagrat-cor-de-jesus-despres-de-62-anys-dedicats-a-la-cura-de-persones-amb-problemes-de-salut-mental","status":"publish","type":"post","link":"https:\/\/fundaciohospitalariesmartorell.org\/entre-tots\/2025\/06\/martorell-acomiada-amb-gratitud-la-comunitat-de-germanes-hospitalaries-del-sagrat-cor-de-jesus-despres-de-62-anys-dedicats-a-la-cura-de-persones-amb-problemes-de-salut-mental\/","title":{"rendered":"Martorell acomiada amb gratitud la comunitat de Germanes despr\u00e9s de 62 anys de servei"},"content":{"rendered":"\n<figure class=\"wp-block-image size-large\"><img decoding=\"async\" src=\"https:\/\/fundaciohospitalariesmartorell.org\/entre-tots\/wp-content\/uploads\/2025\/06\/WhatsApp-Image-2025-06-30-at-09.21.05-edited.jpeg\" alt=\"\" class=\"wp-image-11692\"\/><\/figure>\n\n\n\n<p>La Fundaci\u00f3 Hospital\u00e0ries Martorell va rebre un sentit homenatge, el passat divendres 27 de juny, a la Comunitat de Germanes Hospital\u00e0ries del Sagrat Cor de Jes\u00fas, que, despr\u00e9s de m\u00e9s de sis d\u00e8cades de pres\u00e8ncia i testimoni d&#8217;acompanyament, entrega i proximitat, s&#8217;acomiada de l&#8217;hospital, concloent aix\u00ed una etapa hist\u00f2rica al capdavant de la instituci\u00f3.<\/p>\n\n\n\n<p>Com a part del proc\u00e9s de reorganitzaci\u00f3 que viu la congregaci\u00f3 a tot Espanya, les germanes es reubicaran en altres comunitats, portant amb elles l&#8217;empremta d&#8217;una missi\u00f3 viscuda amb vocaci\u00f3, humilitat i un profund sentit de servei, tal com va recordar la Superiora Provincial, Sor Fuencisla Mart\u00edn.<\/p>\n\n\n\n<p>Coincidint amb la festivitat del Sagrat Cor, l&#8217;acte va incloure una eucaristia solemne, intervencions institucionals, un <a href=\"https:\/\/fundaciohospitalariesmartorell.org\/entre-tots\/2025\/06\/acte-en-homenatge-a-les-germanes-hospitalaries-de-martorell\/\" data-type=\"post\" data-id=\"11655\">v\u00eddeo conmemoratiu<\/a>, un homenatge a les persones jubilades i la benedicci\u00f3 d&#8217;una nova placa commemorativa, a c\u00e0rrec del bisbe de la Di\u00f2cesi de Sant Feliu, Mons. Xabier G\u00f3mez, qui va assegurar que \u201c<em>en un m\u00f3n amb tanta falta de cor, les Germanes han estat precisament aix\u00f2: cor. Un cor de caritat, amabilitat i generositat. Aquest \u00e9s el llegat m\u00e9s gran que ens deixen.<\/em>\u201d<\/p>\n\n\n\n<p>El bisbe tamb\u00e9 va destacar que \u201c<em>l\u2019Hospitalitat \u00e9s una gran convicci\u00f3, la revoluci\u00f3 que m\u00e9s necessita el nostre m\u00f3n<\/em>\u201d, i va recordar que enmig de l&#8217;escassetat de vocacions i la falta de relleu a l&#8217;Esgl\u00e9sia \u201cl<em>a vida consagrada val la pena, perqu\u00e8 \u00e9s servir a l&#8217;altre des del cor de Crist<\/em>\u201d.<\/p>\n\n\n\n<h3 class=\"wp-block-heading\"><strong>Un comiat que mira al futur<\/strong><\/h3>\n\n\n\n<p>La reubicaci\u00f3 de les religioses s&#8217;emmarca en el proc\u00e9s de reconfiguraci\u00f3 de comunitats que est\u00e0 impulsant la Prov\u00edncia d&#8217;Espanya de les Germanes Hospital\u00e0ries, amb l&#8217;objectiu d&#8217;adaptar-se als reptes actuals i poder enfortir la missi\u00f3 en nous contextos. Aquesta transici\u00f3, natural en la vida de la Congregaci\u00f3, no suposa una ruptura, sin\u00f3 una transformaci\u00f3 que garanteix la continu\u00eftat del carisma hospitalari. Durant l&#8217;acte, el Dr. Jes\u00fas Ezquerra, gerent del centre, va expressar que \u201c<em>m\u00e9s de sis d\u00e8cades de pres\u00e8ncia de la comunitat religiosa a Martorell han marcat profundament la hist\u00f2ria i la identitat d&#8217;aquest hospital. Les germanes han estat referents d&#8217;humanitat, sensibilitat i entrega, i aix\u00f2 queda per sempre en la nostra mem\u00f2ria i en la nostra manera de fer.<\/em>\u201d<\/p>\n\n\n\n<p>El Dr. Ezquerra va agrair especialment la figura de Sor Isabel Bl\u00e1zquez, \u00faltima Superiora local, \u201c<em>per la seva proximitat, la seva capacitat d&#8217;escolta i el seu optimisme contagi\u00f3s<\/em>\u201d, i va reafirmar el comprom\u00eds de l&#8217;equip directiu per mantenir viu l&#8217;esperit fundacional que les germanes han encarnat durant m\u00e9s de sis d\u00e8cades.<\/p>\n\n\n\n<h3 class=\"wp-block-heading\"><strong>Un tancament d&#8217;etapa amb vocaci\u00f3 de continu\u00eftat<\/strong><\/h3>\n\n\n\n<p>Durant la seva intervenci\u00f3, Sor Isabel Bl\u00e1zquez va recordar el valor espiritual de la missi\u00f3 hospital\u00e0ria i la import\u00e0ncia de continuar caminant &#8220;<em>lleugeres d&#8217;equipatge, obertes al canvi, disponibles per a acollir al desconegut i continuar l&#8217;obra amb esperan\u00e7a<\/em>&#8220;. &#8220;<em>Despr\u00e9s de 62 anys, la comunitat de Martorell s&#8217;acomiada, per\u00f2 la missi\u00f3 continua. Ens emportem el cor ple de gratitud i deixem una her\u00e8ncia que us convidem a cuidar: el llegat de Sant Benito Menni i de les nostres fundadores, la for\u00e7a de l&#8217;Hospitalitat i la fe compartida amb tantes persones al llarg del temps.<\/em>&#8220;<\/p>\n\n\n\n<p>Sor Isabel va tenir tamb\u00e9 paraules d&#8217;agra\u00efment per als pacients, &#8220;<em>els nostres veritables mestres<\/em>&#8220;, i per a totes les Germanes que han format part d&#8217;aquesta comunitat, moltes d&#8217;elles presents en l&#8217;acte.<\/p>\n\n\n\n<p>Des de l&#8217;Ajuntament de Martorell, l&#8217;alcalde accidental, Sr. Llu\u00eds Amat, tamb\u00e9 es va voler sumar a l&#8217;homenatge amb unes paraules d&#8217;agra\u00efment i reconeixement a la Comunitat de Germanes, destacant el paper fonamental que han exercit en la vida social i espiritual del municipi, i posant en valor el seu llegat de proximitat, comprom\u00eds i atenci\u00f3 als m\u00e9s vulnerables.<\/p>\n\n\n\n<figure class=\"wp-block-image size-large\"><img loading=\"lazy\" decoding=\"async\" width=\"1024\" height=\"577\" src=\"https:\/\/fundaciohospitalariesmartorell.org\/entre-tots\/wp-content\/uploads\/2025\/06\/WhatsApp-Image-2025-06-30-at-09.22.38-2-1024x577.jpeg\" alt=\"\" class=\"wp-image-11680\" srcset=\"https:\/\/fundaciohospitalariesmartorell.org\/entre-tots\/wp-content\/uploads\/2025\/06\/WhatsApp-Image-2025-06-30-at-09.22.38-2-1024x577.jpeg 1024w, https:\/\/fundaciohospitalariesmartorell.org\/entre-tots\/wp-content\/uploads\/2025\/06\/WhatsApp-Image-2025-06-30-at-09.22.38-2-300x169.jpeg 300w, https:\/\/fundaciohospitalariesmartorell.org\/entre-tots\/wp-content\/uploads\/2025\/06\/WhatsApp-Image-2025-06-30-at-09.22.38-2-768x432.jpeg 768w, https:\/\/fundaciohospitalariesmartorell.org\/entre-tots\/wp-content\/uploads\/2025\/06\/WhatsApp-Image-2025-06-30-at-09.22.38-2-1536x865.jpeg 1536w, https:\/\/fundaciohospitalariesmartorell.org\/entre-tots\/wp-content\/uploads\/2025\/06\/WhatsApp-Image-2025-06-30-at-09.22.38-2-1320x743.jpeg 1320w, https:\/\/fundaciohospitalariesmartorell.org\/entre-tots\/wp-content\/uploads\/2025\/06\/WhatsApp-Image-2025-06-30-at-09.22.38-2.jpeg 2000w\" sizes=\"auto, (max-width: 1024px) 100vw, 1024px\" \/><\/figure>\n\n\n\n<figure class=\"wp-block-image size-large\"><img loading=\"lazy\" decoding=\"async\" width=\"1024\" height=\"577\" src=\"https:\/\/fundaciohospitalariesmartorell.org\/entre-tots\/wp-content\/uploads\/2025\/06\/WhatsApp-Image-2025-06-30-at-09.22.38-1-1024x577.jpeg\" alt=\"\" class=\"wp-image-11681\" srcset=\"https:\/\/fundaciohospitalariesmartorell.org\/entre-tots\/wp-content\/uploads\/2025\/06\/WhatsApp-Image-2025-06-30-at-09.22.38-1-1024x577.jpeg 1024w, https:\/\/fundaciohospitalariesmartorell.org\/entre-tots\/wp-content\/uploads\/2025\/06\/WhatsApp-Image-2025-06-30-at-09.22.38-1-300x169.jpeg 300w, https:\/\/fundaciohospitalariesmartorell.org\/entre-tots\/wp-content\/uploads\/2025\/06\/WhatsApp-Image-2025-06-30-at-09.22.38-1-768x432.jpeg 768w, https:\/\/fundaciohospitalariesmartorell.org\/entre-tots\/wp-content\/uploads\/2025\/06\/WhatsApp-Image-2025-06-30-at-09.22.38-1-1536x865.jpeg 1536w, https:\/\/fundaciohospitalariesmartorell.org\/entre-tots\/wp-content\/uploads\/2025\/06\/WhatsApp-Image-2025-06-30-at-09.22.38-1-1320x743.jpeg 1320w, https:\/\/fundaciohospitalariesmartorell.org\/entre-tots\/wp-content\/uploads\/2025\/06\/WhatsApp-Image-2025-06-30-at-09.22.38-1.jpeg 2000w\" sizes=\"auto, (max-width: 1024px) 100vw, 1024px\" \/><\/figure>\n\n\n\n<h3 class=\"wp-block-heading\"><strong>Una flama que seguir\u00e0 viva<\/strong><\/h3>\n\n\n\n<p>En un acte carregat de simbolisme, Sor Isabel va lliurar al Dr. Jes\u00fas Ezquerra una espelma, representant la flama viva i permanent de l&#8217;Hospitalitat, el carisma que ha guiat durant m\u00e9s de sis d\u00e8cades a la comunitat. Aquest gest va simbolitzar la continu\u00eftat i el comprom\u00eds de mantenir encesa aquesta llum de cura, proximitat i servei a la Fundaci\u00f3 Hospital\u00e0ries Martorell.<\/p>\n\n\n\n<figure class=\"wp-block-image size-large\"><img loading=\"lazy\" decoding=\"async\" width=\"1200\" height=\"675\" src=\"https:\/\/fundaciohospitalariesmartorell.org\/entre-tots\/wp-content\/uploads\/2025\/07\/WhatsApp-Image-2025-06-30-at-09.22.38-edited-1.jpeg\" alt=\"\" class=\"wp-image-11703\" srcset=\"https:\/\/fundaciohospitalariesmartorell.org\/entre-tots\/wp-content\/uploads\/2025\/07\/WhatsApp-Image-2025-06-30-at-09.22.38-edited-1.jpeg 1200w, https:\/\/fundaciohospitalariesmartorell.org\/entre-tots\/wp-content\/uploads\/2025\/07\/WhatsApp-Image-2025-06-30-at-09.22.38-edited-1-300x169.jpeg 300w, https:\/\/fundaciohospitalariesmartorell.org\/entre-tots\/wp-content\/uploads\/2025\/07\/WhatsApp-Image-2025-06-30-at-09.22.38-edited-1-1024x576.jpeg 1024w, https:\/\/fundaciohospitalariesmartorell.org\/entre-tots\/wp-content\/uploads\/2025\/07\/WhatsApp-Image-2025-06-30-at-09.22.38-edited-1-768x432.jpeg 768w\" sizes=\"auto, (max-width: 1200px) 100vw, 1200px\" \/><\/figure>\n\n\n\n<h3 class=\"wp-block-heading\"><strong>Homenatge a les persones jubilades el 2024<\/strong><\/h3>\n\n\n\n<p>La festivitat del Sagrat Cor va incloure, tamb\u00e9, la celebraci\u00f3 de l&#8217;acte en homenatge a les persones jubilades, persones que &#8220;d<em>espr\u00e9s d&#8217;anys de professi\u00f3, comprom\u00eds i vocaci\u00f3, han tancat una etapa professional per a comen\u00e7ar-ne una altra, igualment valuosa, en la seva vida personal<\/em>&#8220;, va explicar Hort\u00e8nsia P\u00e9rez, directora de l&#8217;\u00c0rea de Persones.<\/p>\n\n\n\n<p>&#8220;Cadascuna de les persones que avui homenatgem ha contribu\u00eft amb el seu treball al bon funcionament d&#8217;aquest hospital. Tots, sense excepci\u00f3, han estat part d&#8217;un mateix prop\u00f2sit com\u00fa, dispensar la millor cura i acompanyament a les persones usu\u00e0ries&#8221;, va afegir.<\/p>\n\n\n\n<p>Podeu veure totes les imatges de l&#8217;homenatge en aquest <a href=\"https:\/\/flic.kr\/s\/aHBqjCjQAe\">enlla\u00e7<\/a>.<\/p>\n\n\n\n<div class=\"wp-block-getwid-images-slider has-arrows-inside has-dots-inside has-images-center has-cropped-images\"><div class=\"wp-block-getwid-images-slider__wrapper\" data-effect=\"fade\" data-slides-show=\"1\" data-slides-show-laptop=\"1\" data-slides-show-tablet=\"1\" data-slides-show-mobile=\"1\" data-slides-scroll=\"1\" data-autoplay=\"false\" data-pause-hover=\"false\" data-autoplay-speed=\"6000\" data-infinite=\"true\" data-animation-speed=\"800\" data-center-mode=\"false\" data-variable-width=\"false\" data-arrows=\"inside\" data-dots=\"inside\" data-spacing=\"none\"><div class=\"wp-block-getwid-images-slider__item\"><figure><img loading=\"lazy\" decoding=\"async\" width=\"2000\" height=\"1126\" src=\"https:\/\/fundaciohospitalariesmartorell.org\/entre-tots\/wp-content\/uploads\/2025\/06\/WhatsApp-Image-2025-06-30-at-09.24.55.jpeg\" alt=\"\" data-id=\"11688\" data-link=\"https:\/\/fundaciohospitalariesmartorell.org\/entre-tots\/?attachment_id=11688\" data-original-link=\"https:\/\/fundaciohospitalariesmartorell.org\/entre-tots\/wp-content\/uploads\/2025\/06\/WhatsApp-Image-2025-06-30-at-09.24.55.jpeg\" class=\"wp-block-getwid-images-slider__image wp-image-11688\" srcset=\"https:\/\/fundaciohospitalariesmartorell.org\/entre-tots\/wp-content\/uploads\/2025\/06\/WhatsApp-Image-2025-06-30-at-09.24.55.jpeg 2000w, https:\/\/fundaciohospitalariesmartorell.org\/entre-tots\/wp-content\/uploads\/2025\/06\/WhatsApp-Image-2025-06-30-at-09.24.55-300x169.jpeg 300w, https:\/\/fundaciohospitalariesmartorell.org\/entre-tots\/wp-content\/uploads\/2025\/06\/WhatsApp-Image-2025-06-30-at-09.24.55-1024x577.jpeg 1024w, https:\/\/fundaciohospitalariesmartorell.org\/entre-tots\/wp-content\/uploads\/2025\/06\/WhatsApp-Image-2025-06-30-at-09.24.55-768x432.jpeg 768w, https:\/\/fundaciohospitalariesmartorell.org\/entre-tots\/wp-content\/uploads\/2025\/06\/WhatsApp-Image-2025-06-30-at-09.24.55-1536x865.jpeg 1536w, https:\/\/fundaciohospitalariesmartorell.org\/entre-tots\/wp-content\/uploads\/2025\/06\/WhatsApp-Image-2025-06-30-at-09.24.55-1320x743.jpeg 1320w\" sizes=\"auto, (max-width: 2000px) 100vw, 2000px\" \/><\/figure><\/div><div class=\"wp-block-getwid-images-slider__item\"><figure><img loading=\"lazy\" decoding=\"async\" width=\"2000\" height=\"1126\" src=\"https:\/\/fundaciohospitalariesmartorell.org\/entre-tots\/wp-content\/uploads\/2025\/06\/WhatsApp-Image-2025-06-30-at-09.24.59-8.jpeg\" alt=\"\" data-id=\"11686\" data-link=\"https:\/\/fundaciohospitalariesmartorell.org\/entre-tots\/?attachment_id=11686\" data-original-link=\"https:\/\/fundaciohospitalariesmartorell.org\/entre-tots\/wp-content\/uploads\/2025\/06\/WhatsApp-Image-2025-06-30-at-09.24.59-8.jpeg\" class=\"wp-block-getwid-images-slider__image wp-image-11686\" srcset=\"https:\/\/fundaciohospitalariesmartorell.org\/entre-tots\/wp-content\/uploads\/2025\/06\/WhatsApp-Image-2025-06-30-at-09.24.59-8.jpeg 2000w, https:\/\/fundaciohospitalariesmartorell.org\/entre-tots\/wp-content\/uploads\/2025\/06\/WhatsApp-Image-2025-06-30-at-09.24.59-8-300x169.jpeg 300w, https:\/\/fundaciohospitalariesmartorell.org\/entre-tots\/wp-content\/uploads\/2025\/06\/WhatsApp-Image-2025-06-30-at-09.24.59-8-1024x577.jpeg 1024w, https:\/\/fundaciohospitalariesmartorell.org\/entre-tots\/wp-content\/uploads\/2025\/06\/WhatsApp-Image-2025-06-30-at-09.24.59-8-768x432.jpeg 768w, https:\/\/fundaciohospitalariesmartorell.org\/entre-tots\/wp-content\/uploads\/2025\/06\/WhatsApp-Image-2025-06-30-at-09.24.59-8-1536x865.jpeg 1536w, https:\/\/fundaciohospitalariesmartorell.org\/entre-tots\/wp-content\/uploads\/2025\/06\/WhatsApp-Image-2025-06-30-at-09.24.59-8-1320x743.jpeg 1320w\" sizes=\"auto, (max-width: 2000px) 100vw, 2000px\" \/><\/figure><\/div><div class=\"wp-block-getwid-images-slider__item\"><figure><img loading=\"lazy\" decoding=\"async\" width=\"2000\" height=\"1126\" src=\"https:\/\/fundaciohospitalariesmartorell.org\/entre-tots\/wp-content\/uploads\/2025\/06\/WhatsApp-Image-2025-06-30-at-09.24.58.jpeg\" alt=\"\" data-id=\"11687\" data-link=\"https:\/\/fundaciohospitalariesmartorell.org\/entre-tots\/?attachment_id=11687\" data-original-link=\"https:\/\/fundaciohospitalariesmartorell.org\/entre-tots\/wp-content\/uploads\/2025\/06\/WhatsApp-Image-2025-06-30-at-09.24.58.jpeg\" class=\"wp-block-getwid-images-slider__image wp-image-11687\" srcset=\"https:\/\/fundaciohospitalariesmartorell.org\/entre-tots\/wp-content\/uploads\/2025\/06\/WhatsApp-Image-2025-06-30-at-09.24.58.jpeg 2000w, https:\/\/fundaciohospitalariesmartorell.org\/entre-tots\/wp-content\/uploads\/2025\/06\/WhatsApp-Image-2025-06-30-at-09.24.58-300x169.jpeg 300w, https:\/\/fundaciohospitalariesmartorell.org\/entre-tots\/wp-content\/uploads\/2025\/06\/WhatsApp-Image-2025-06-30-at-09.24.58-1024x577.jpeg 1024w, https:\/\/fundaciohospitalariesmartorell.org\/entre-tots\/wp-content\/uploads\/2025\/06\/WhatsApp-Image-2025-06-30-at-09.24.58-768x432.jpeg 768w, https:\/\/fundaciohospitalariesmartorell.org\/entre-tots\/wp-content\/uploads\/2025\/06\/WhatsApp-Image-2025-06-30-at-09.24.58-1536x865.jpeg 1536w, https:\/\/fundaciohospitalariesmartorell.org\/entre-tots\/wp-content\/uploads\/2025\/06\/WhatsApp-Image-2025-06-30-at-09.24.58-1320x743.jpeg 1320w\" sizes=\"auto, (max-width: 2000px) 100vw, 2000px\" \/><\/figure><\/div><div class=\"wp-block-getwid-images-slider__item\"><figure><img loading=\"lazy\" decoding=\"async\" width=\"1600\" height=\"1200\" src=\"https:\/\/fundaciohospitalariesmartorell.org\/entre-tots\/wp-content\/uploads\/2025\/06\/WhatsApp-Image-2025-06-30-at-11.00.31.jpeg\" alt=\"\" data-id=\"11684\" data-link=\"https:\/\/fundaciohospitalariesmartorell.org\/entre-tots\/?attachment_id=11684\" data-original-link=\"https:\/\/fundaciohospitalariesmartorell.org\/entre-tots\/wp-content\/uploads\/2025\/06\/WhatsApp-Image-2025-06-30-at-11.00.31.jpeg\" class=\"wp-block-getwid-images-slider__image wp-image-11684\" srcset=\"https:\/\/fundaciohospitalariesmartorell.org\/entre-tots\/wp-content\/uploads\/2025\/06\/WhatsApp-Image-2025-06-30-at-11.00.31.jpeg 1600w, https:\/\/fundaciohospitalariesmartorell.org\/entre-tots\/wp-content\/uploads\/2025\/06\/WhatsApp-Image-2025-06-30-at-11.00.31-300x225.jpeg 300w, https:\/\/fundaciohospitalariesmartorell.org\/entre-tots\/wp-content\/uploads\/2025\/06\/WhatsApp-Image-2025-06-30-at-11.00.31-1024x768.jpeg 1024w, https:\/\/fundaciohospitalariesmartorell.org\/entre-tots\/wp-content\/uploads\/2025\/06\/WhatsApp-Image-2025-06-30-at-11.00.31-768x576.jpeg 768w, https:\/\/fundaciohospitalariesmartorell.org\/entre-tots\/wp-content\/uploads\/2025\/06\/WhatsApp-Image-2025-06-30-at-11.00.31-1536x1152.jpeg 1536w, https:\/\/fundaciohospitalariesmartorell.org\/entre-tots\/wp-content\/uploads\/2025\/06\/WhatsApp-Image-2025-06-30-at-11.00.31-1320x990.jpeg 1320w\" sizes=\"auto, (max-width: 1600px) 100vw, 1600px\" \/><\/figure><\/div><div class=\"wp-block-getwid-images-slider__item\"><figure><img loading=\"lazy\" decoding=\"async\" width=\"1600\" height=\"1200\" src=\"https:\/\/fundaciohospitalariesmartorell.org\/entre-tots\/wp-content\/uploads\/2025\/06\/WhatsApp-Image-2025-06-30-at-09.26.23.jpeg\" alt=\"\" data-id=\"11683\" data-link=\"https:\/\/fundaciohospitalariesmartorell.org\/entre-tots\/?attachment_id=11683\" data-original-link=\"https:\/\/fundaciohospitalariesmartorell.org\/entre-tots\/wp-content\/uploads\/2025\/06\/WhatsApp-Image-2025-06-30-at-09.26.23.jpeg\" class=\"wp-block-getwid-images-slider__image wp-image-11683\" srcset=\"https:\/\/fundaciohospitalariesmartorell.org\/entre-tots\/wp-content\/uploads\/2025\/06\/WhatsApp-Image-2025-06-30-at-09.26.23.jpeg 1600w, https:\/\/fundaciohospitalariesmartorell.org\/entre-tots\/wp-content\/uploads\/2025\/06\/WhatsApp-Image-2025-06-30-at-09.26.23-300x225.jpeg 300w, https:\/\/fundaciohospitalariesmartorell.org\/entre-tots\/wp-content\/uploads\/2025\/06\/WhatsApp-Image-2025-06-30-at-09.26.23-1024x768.jpeg 1024w, https:\/\/fundaciohospitalariesmartorell.org\/entre-tots\/wp-content\/uploads\/2025\/06\/WhatsApp-Image-2025-06-30-at-09.26.23-768x576.jpeg 768w, https:\/\/fundaciohospitalariesmartorell.org\/entre-tots\/wp-content\/uploads\/2025\/06\/WhatsApp-Image-2025-06-30-at-09.26.23-1536x1152.jpeg 1536w, https:\/\/fundaciohospitalariesmartorell.org\/entre-tots\/wp-content\/uploads\/2025\/06\/WhatsApp-Image-2025-06-30-at-09.26.23-1320x990.jpeg 1320w\" sizes=\"auto, (max-width: 1600px) 100vw, 1600px\" \/><\/figure><\/div><\/div><\/div>\n\n\n\n<figure class=\"wp-block-embed is-type-video is-provider-youtube wp-block-embed-youtube wp-embed-aspect-16-9 wp-has-aspect-ratio\"><div class=\"wp-block-embed__wrapper\">\n<iframe loading=\"lazy\" title=\"Martorell acomiada la comunitat de Germanes\" width=\"1290\" height=\"726\" src=\"https:\/\/www.youtube.com\/embed\/pylw9uJqltI?feature=oembed\" frameborder=\"0\" allow=\"accelerometer; autoplay; clipboard-write; encrypted-media; gyroscope; picture-in-picture; web-share\" referrerpolicy=\"strict-origin-when-cross-origin\" allowfullscreen><\/iframe>\n<\/div><\/figure>\n","protected":false},"excerpt":{"rendered":"<p>La Fundaci\u00f3 Hospital\u00e0ries Martorell va rebre un sentit homenatge, el passat divendres 27 de juny, a la Comunitat de Germanes Hospital\u00e0ries del Sagrat Cor de Jes\u00fas, que, despr\u00e9s de m\u00e9s de sis d\u00e8cades de pres\u00e8ncia i testimoni d&#8217;acompanyament, entrega i proximitat, s&#8217;acomiada de l&#8217;hospital, concloent aix\u00ed una etapa hist\u00f2rica al capdavant de la instituci\u00f3. Com [&hellip;]<\/p>\n","protected":false},"author":6,"featured_media":11676,"comment_status":"closed","ping_status":"closed","sticky":false,"template":"","format":"standard","meta":{"footnotes":""},"categories":[27],"tags":[],"class_list":["post-11669","post","type-post","status-publish","format-standard","has-post-thumbnail","hentry","category-actualitat"],"blocksy_meta":[],"featured_image_urls_v2":{"full":["https:\/\/fundaciohospitalariesmartorell.org\/entre-tots\/wp-content\/uploads\/2025\/06\/WhatsApp-Image-2025-06-30-at-09.21.05-e1751279364629.jpeg",1713,1126,false],"thumbnail":["https:\/\/fundaciohospitalariesmartorell.org\/entre-tots\/wp-content\/uploads\/2025\/06\/WhatsApp-Image-2025-06-30-at-09.21.05-e1751279364629-150x150.jpeg",150,150,true],"medium":["https:\/\/fundaciohospitalariesmartorell.org\/entre-tots\/wp-content\/uploads\/2025\/06\/WhatsApp-Image-2025-06-30-at-09.21.05-e1751279364629-300x197.jpeg",300,197,true],"medium_large":["https:\/\/fundaciohospitalariesmartorell.org\/entre-tots\/wp-content\/uploads\/2025\/06\/WhatsApp-Image-2025-06-30-at-09.21.05-e1751279364629-768x505.jpeg",768,505,true],"large":["https:\/\/fundaciohospitalariesmartorell.org\/entre-tots\/wp-content\/uploads\/2025\/06\/WhatsApp-Image-2025-06-30-at-09.21.05-e1751279364629-1024x673.jpeg",1024,673,true],"1536x1536":["https:\/\/fundaciohospitalariesmartorell.org\/entre-tots\/wp-content\/uploads\/2025\/06\/WhatsApp-Image-2025-06-30-at-09.21.05-e1751279364629-1536x1010.jpeg",1536,1010,true],"2048x2048":["https:\/\/fundaciohospitalariesmartorell.org\/entre-tots\/wp-content\/uploads\/2025\/06\/WhatsApp-Image-2025-06-30-at-09.21.05-e1751279364629.jpeg",1713,1126,false],"mailpoet_newsletter_max":["https:\/\/fundaciohospitalariesmartorell.org\/entre-tots\/wp-content\/uploads\/2025\/06\/WhatsApp-Image-2025-06-30-at-09.21.05-e1751279364629-1320x868.jpeg",1320,868,true]},"post_excerpt_stackable_v2":"<p>La Fundaci\u00f3 Hospital\u00e0ries Martorell va rebre un sentit homenatge, el passat divendres 27 de juny, a la Comunitat de Germanes Hospital\u00e0ries del Sagrat Cor de Jes\u00fas, que, despr\u00e9s de m\u00e9s de sis d\u00e8cades de pres\u00e8ncia i testimoni d&#8217;acompanyament, entrega i proximitat, s&#8217;acomiada de l&#8217;hospital, concloent aix\u00ed una etapa hist\u00f2rica al capdavant de la instituci\u00f3. Com a part del proc\u00e9s de reorganitzaci\u00f3 que viu la congregaci\u00f3 a tot Espanya, les germanes es reubicaran en altres comunitats, portant amb elles l&#8217;empremta d&#8217;una missi\u00f3 viscuda amb vocaci\u00f3, humilitat i un profund sentit de servei, tal com va recordar la Superiora Provincial, Sor Fuencisla&hellip;<\/p>\n","category_list_v2":"<a href=\"https:\/\/fundaciohospitalariesmartorell.org\/entre-tots\/category\/actualitat\/\" rel=\"category tag\">ACTUALITAT<\/a>","author_info_v2":{"name":"Martorell_comunicacio","url":"https:\/\/fundaciohospitalariesmartorell.org\/entre-tots\/author\/martorell_comunicacio\/"},"comments_num_v2":"0 comments","_links":{"self":[{"href":"https:\/\/fundaciohospitalariesmartorell.org\/entre-tots\/wp-json\/wp\/v2\/posts\/11669","targetHints":{"allow":["GET"]}}],"collection":[{"href":"https:\/\/fundaciohospitalariesmartorell.org\/entre-tots\/wp-json\/wp\/v2\/posts"}],"about":[{"href":"https:\/\/fundaciohospitalariesmartorell.org\/entre-tots\/wp-json\/wp\/v2\/types\/post"}],"author":[{"embeddable":true,"href":"https:\/\/fundaciohospitalariesmartorell.org\/entre-tots\/wp-json\/wp\/v2\/users\/6"}],"replies":[{"embeddable":true,"href":"https:\/\/fundaciohospitalariesmartorell.org\/entre-tots\/wp-json\/wp\/v2\/comments?post=11669"}],"version-history":[{"count":10,"href":"https:\/\/fundaciohospitalariesmartorell.org\/entre-tots\/wp-json\/wp\/v2\/posts\/11669\/revisions"}],"predecessor-version":[{"id":11741,"href":"https:\/\/fundaciohospitalariesmartorell.org\/entre-tots\/wp-json\/wp\/v2\/posts\/11669\/revisions\/11741"}],"wp:featuredmedia":[{"embeddable":true,"href":"https:\/\/fundaciohospitalariesmartorell.org\/entre-tots\/wp-json\/wp\/v2\/media\/11676"}],"wp:attachment":[{"href":"https:\/\/fundaciohospitalariesmartorell.org\/entre-tots\/wp-json\/wp\/v2\/media?parent=11669"}],"wp:term":[{"taxonomy":"category","embeddable":true,"href":"https:\/\/fundaciohospitalariesmartorell.org\/entre-tots\/wp-json\/wp\/v2\/categories?post=11669"},{"taxonomy":"post_tag","embeddable":true,"href":"https:\/\/fundaciohospitalariesmartorell.org\/entre-tots\/wp-json\/wp\/v2\/tags?post=11669"}],"curies":[{"name":"wp","href":"https:\/\/api.w.org\/{rel}","templated":true}]}}