{"id":11673,"date":"2025-06-30T11:05:38","date_gmt":"2025-06-30T10:05:38","guid":{"rendered":"https:\/\/fundaciohospitalariesmartorell.org\/entre-tots\/?p=11673"},"modified":"2025-07-01T07:42:08","modified_gmt":"2025-07-01T06:42:08","slug":"com-puc-detectar-de-manera-precoc-el-cancer-de-pell","status":"publish","type":"post","link":"https:\/\/fundaciohospitalariesmartorell.org\/entre-tots\/2025\/06\/com-puc-detectar-de-manera-precoc-el-cancer-de-pell\/","title":{"rendered":"Com puc detectar de manera preco\u00e7 el c\u00e0ncer de pell?"},"content":{"rendered":"\n<figure class=\"wp-block-image size-large\"><img loading=\"lazy\" decoding=\"async\" width=\"1024\" height=\"768\" src=\"https:\/\/fundaciohospitalariesmartorell.org\/entre-tots\/wp-content\/uploads\/2025\/06\/image-10-1024x768.png\" alt=\"\" class=\"wp-image-11685\" srcset=\"https:\/\/fundaciohospitalariesmartorell.org\/entre-tots\/wp-content\/uploads\/2025\/06\/image-10-1024x768.png 1024w, https:\/\/fundaciohospitalariesmartorell.org\/entre-tots\/wp-content\/uploads\/2025\/06\/image-10-300x225.png 300w, https:\/\/fundaciohospitalariesmartorell.org\/entre-tots\/wp-content\/uploads\/2025\/06\/image-10-768x576.png 768w, https:\/\/fundaciohospitalariesmartorell.org\/entre-tots\/wp-content\/uploads\/2025\/06\/image-10-1536x1152.png 1536w, https:\/\/fundaciohospitalariesmartorell.org\/entre-tots\/wp-content\/uploads\/2025\/06\/image-10-1320x990.png 1320w, https:\/\/fundaciohospitalariesmartorell.org\/entre-tots\/wp-content\/uploads\/2025\/06\/image-10.png 1600w\" sizes=\"auto, (max-width: 1024px) 100vw, 1024px\" \/><\/figure>\n\n\n\n<p>El passat 20 de juny, la Comissi\u00f3\u00a0Cuida\u2019t X Cuidar\u00a0va organitzar, dins\u00a0de\u00a0la dimensi\u00f3\u00a0<em>FES SALUT<\/em>\u00a0un\u00a0taller per a la prevenci\u00f3\u00a0del c\u00e0ncer\u00a0de\u00a0pell\u00a0que va consistir en una xerrada a c\u00e0rrec\u00a0de\u00a0la Dra. Maria Rosa Tesas, metgessa\u00a0del Servei\u00a0de\u00a0Dermatologia\u00a0de\u00a0Fundaci\u00f3 Hospital\u00e0ries Barcelona i, posteriorment, visites individualitzades.<\/p>\n\n\n\n<p>La Dra. Tesas ens ha compartit aquest interessant article per millorar la detecci\u00f3 preco\u00e7 del c\u00e0ncer de pell: <\/p>\n\n\n\n<p>Antes de empezar a hablar sobre cuales son los signos y s\u00edntomas de alarma del c\u00e1ncer de piel tenemos que explicar que existen distintos tipos de c\u00e1ncer cut\u00e1neo. Los distintos tipos de c\u00e1ncer de piel se clasifican en dos grupos:<\/p>\n\n\n\n<ol class=\"wp-block-list\">\n<li>Melanoma<\/li>\n\n\n\n<li>C\u00e1ncer de piel no melanoma:<\/li>\n<\/ol>\n\n\n\n<ul class=\"wp-block-list\">\n<li>Carcinoma de c\u00e9lulas escamosas o carcinoma escamocelular.<\/li>\n\n\n\n<li>Carcinoma de c\u00e9lulas basales o carcinoma basocelular.<\/li>\n\n\n\n<li>Otros tipos de c\u00e1ncer cut\u00e1neo menos frecuentes:<\/li>\n\n\n\n<li>Carcinoma de c\u00e9lulas de Merkel,<\/li>\n\n\n\n<li>Linfoma cut\u00e1neo,<\/li>\n\n\n\n<li>Sarcomas de Kaposi<\/li>\n\n\n\n<li>Tumores de los anexos de la piel.<\/li>\n\n\n\n<li>Angiosarcomas<\/li>\n\n\n\n<li>Enfermedad de Paget<\/li>\n\n\n\n<li>Histiocistoma maligno<\/li>\n<\/ul>\n\n\n\n<p>En el caso del MELANOMA, principal responsable de las muertes por c\u00e1ncer de piel es muy \u00fatil la <strong>regla ABCDE<\/strong>:<\/p>\n\n\n\n<p>&#8211; <strong>A de Asimetr\u00eda<\/strong>: un nevus o lunar debe ser sim\u00e9trico, no es \u201cbueno\u201d que un lunar tenga una forma irregular.<\/p>\n\n\n\n<p>&#8211; <strong>B de Bordes<\/strong>: un nevus o lunar debe tener los bordes bien definidos, no es \u201cbueno\u201d que los bordes sean irregulares o borrosos.<\/p>\n\n\n\n<p>&#8211; <strong>C de Color<\/strong>: un nevus o lunar debe tener un color uniforme, no es \u201cbueno\u201d que veamos varios colores que pueden ir del marr\u00f3n al negro o zonas de color blanco, rojo o azul.<\/p>\n\n\n\n<p>&#8211; <strong>D de Dimensiones<\/strong>: es \u201cbueno\u201d que un nevus o lunar tenga menos de 6mm de di\u00e1metro<\/p>\n\n\n\n<p>&#8211; <strong>E de Evoluci\u00f3n<\/strong>: no es \u201cbueno\u201d que un nevus o lunar cambie, ya sea su forma, tama\u00f1o o color, aunque lo tengamos de toda la vida.<\/p>\n\n\n\n<p>Tanto la aparici\u00f3n de nuevos lunares, o cambios en los ya existentes, ya sea un aumento de tama\u00f1o, cambios en su forma o color, sangrado o sensibilidad o dolor que persiste sin una causa o aparici\u00f3n de una protuberancia deben alertarnos y acudir a nuestro m\u00e9dico para consultarlo.<\/p>\n\n\n\n<p>El CARCINOMA BASOCELULAR es el c\u00e1ncer mas com\u00fan de todos los canceres, suponen m\u00e1s del 60% de todos los diagn\u00f3sticos de c\u00e1ncer cut\u00e1neo y aunque no suele dar met\u00e1stasis tambi\u00e9n es importante diagnosticarlos y tratarlos precozmente.<\/p>\n\n\n\n<p>Tienen varias presentaciones cl\u00ednicas: nodular, superficial, infiltrativo, pigmentado, \u2026 esto hace que pueda ser dif\u00edcil identificarlos. Entonces, \u00bfque deber\u00eda llamar nuestra atenci\u00f3n?<\/p>\n\n\n\n<ul class=\"wp-block-list\">\n<li>La aparici\u00f3n de un peque\u00f1o n\u00f3dulo rojo o rosado, bien definido, con un aspecto transl\u00facido o perlado y cubierto de telangiectasias o peque\u00f1os vasos. Puede estar ulcerado.<\/li>\n\n\n\n<li>La aparici\u00f3n de una macula o mancha de color rosado con bordes elevados, muchas veces con una escama.<\/li>\n\n\n\n<li>La aparici\u00f3n de una peque\u00f1a ulcera que no se cura pasadas 6-8 semanas.<\/li>\n\n\n\n<li>La aparici\u00f3n de una peque\u00f1a placa indurada, blanquecina o marfil, que recuerdan a una cicatriz.<\/li>\n<\/ul>\n\n\n\n<figure class=\"wp-block-image size-large\"><img loading=\"lazy\" decoding=\"async\" width=\"1024\" height=\"269\" src=\"https:\/\/fundaciohospitalariesmartorell.org\/entre-tots\/wp-content\/uploads\/2025\/06\/image-8-1024x269.png\" alt=\"\" class=\"wp-image-11674\" srcset=\"https:\/\/fundaciohospitalariesmartorell.org\/entre-tots\/wp-content\/uploads\/2025\/06\/image-8-1024x269.png 1024w, https:\/\/fundaciohospitalariesmartorell.org\/entre-tots\/wp-content\/uploads\/2025\/06\/image-8-300x79.png 300w, https:\/\/fundaciohospitalariesmartorell.org\/entre-tots\/wp-content\/uploads\/2025\/06\/image-8-768x202.png 768w, https:\/\/fundaciohospitalariesmartorell.org\/entre-tots\/wp-content\/uploads\/2025\/06\/image-8.png 1104w\" sizes=\"auto, (max-width: 1024px) 100vw, 1024px\" \/><\/figure>\n\n\n\n<p>El CARCINOMA ESCAMOCELULAR es el segundo m\u00e1s frecuente despu\u00e9s del Carcinoma Basocelular. Puede presentarse tanto en la piel como a nivel intraoral y anogenital. Tiene un 95% de curaci\u00f3n detectado y tratado adecuadamente.<\/p>\n\n\n\n<p>La presentaci\u00f3n m\u00e1s habitual va asociada a queratosis act\u00ednicas y cl\u00ednicamente se manifiesta por el crecimiento r\u00e1pido de una lesi\u00f3n vegetante, friable con erosiones y bordes indurados.<\/p>\n\n\n\n<p>A nivel intraoral y anogenital se caracteriza por lesiones eritematosas, friables, muy a menudo erosivas o ulceradas.<\/p>\n\n\n\n<p>As\u00ed en el caso de los Carcinomas Escamocelulares \u00bfque debe llamar nuestra atenci\u00f3n?<\/p>\n\n\n\n<ul class=\"wp-block-list\">\n<li>Zonas \u00e1speras al tacto, rojizas y costrosas que sangran f\u00e1cilmente.<\/li>\n\n\n\n<li>Aparici\u00f3n o crecimiento de lesiones tumorales, a menudo con el centro hundido y costroso.<\/li>\n\n\n\n<li>Llagas o ulceras que no curan.<\/li>\n<\/ul>\n\n\n\n<figure class=\"wp-block-image size-large\"><img loading=\"lazy\" decoding=\"async\" width=\"1024\" height=\"253\" src=\"https:\/\/fundaciohospitalariesmartorell.org\/entre-tots\/wp-content\/uploads\/2025\/06\/image-9-1024x253.png\" alt=\"\" class=\"wp-image-11675\" srcset=\"https:\/\/fundaciohospitalariesmartorell.org\/entre-tots\/wp-content\/uploads\/2025\/06\/image-9-1024x253.png 1024w, https:\/\/fundaciohospitalariesmartorell.org\/entre-tots\/wp-content\/uploads\/2025\/06\/image-9-300x74.png 300w, https:\/\/fundaciohospitalariesmartorell.org\/entre-tots\/wp-content\/uploads\/2025\/06\/image-9-768x190.png 768w, https:\/\/fundaciohospitalariesmartorell.org\/entre-tots\/wp-content\/uploads\/2025\/06\/image-9.png 1124w\" sizes=\"auto, (max-width: 1024px) 100vw, 1024px\" \/><\/figure>\n\n\n\n<p>Cualquier profesional de la salud puede contribuir a la detecci\u00f3n precoz del c\u00e1ncer de piel:<\/p>\n\n\n\n<ul class=\"wp-block-list\">\n<li>Educando a sus pacientes sobre la importancia de los h\u00e1bitos de protecci\u00f3n solar y<\/li>\n\n\n\n<li>Detectando pacientes con factores que aumenten su riesgo de padecer un c\u00e1ncer de piel como fototipo, numero de nevus, antecedentes personales o familiares de c\u00e1ncer cut\u00e1neo, tabaquismo, inmunosupresi\u00f3n, \u2026 y aconsej\u00e1ndoles una visita de control con su dermat\u00f3logo<\/li>\n\n\n\n<li>Educando a sus pacientes en la importancia de la autoexploraci\u00f3n.<\/li>\n\n\n\n<li>Aprovechando las revisiones m\u00e9dicas para detectar lesiones cut\u00e1neas malignas o premalignas y derivarlo a su dermat\u00f3logo.<\/li>\n<\/ul>\n\n\n\n<p>En este sentido es muy destacable el papel del m\u00e9dico de familia que en los \u00faltimos a\u00f1os ha realizado un importante esfuerzo formativo en la detecci\u00f3n precoz del c\u00e1ncer de piel mediante la dermatoscopia.<\/p>\n\n\n\n<p>No hay que olvidar que la mortalidad por c\u00e1ncer cut\u00e1neo es una realidad. Melanoma es responsable de un 75% de las muertes por c\u00e1ncer cut\u00e1neo y el carcinoma escamocelular metast\u00e1sico de casi un 20%.<\/p>\n\n\n\n<p>Ambos pueden tener una curaci\u00f3n completa si se diagnostican precozmente y se tratan en sus fases iniciale<\/p>\n","protected":false},"excerpt":{"rendered":"<p>El passat 20 de juny, la Comissi\u00f3\u00a0Cuida\u2019t X Cuidar\u00a0va organitzar, dins\u00a0de\u00a0la dimensi\u00f3\u00a0FES SALUT\u00a0un\u00a0taller per a la prevenci\u00f3\u00a0del c\u00e0ncer\u00a0de\u00a0pell\u00a0que va consistir en una xerrada a c\u00e0rrec\u00a0de\u00a0la Dra. Maria Rosa Tesas, metgessa\u00a0del Servei\u00a0de\u00a0Dermatologia\u00a0de\u00a0Fundaci\u00f3 Hospital\u00e0ries Barcelona i, posteriorment, visites individualitzades. La Dra. Tesas ens ha compartit aquest interessant article per millorar la detecci\u00f3 preco\u00e7 del c\u00e0ncer de pell: [&hellip;]<\/p>\n","protected":false},"author":7,"featured_media":11685,"comment_status":"closed","ping_status":"closed","sticky":false,"template":"","format":"standard","meta":{"footnotes":""},"categories":[27,61],"tags":[],"class_list":["post-11673","post","type-post","status-publish","format-standard","has-post-thumbnail","hentry","category-actualitat","category-societat"],"blocksy_meta":[],"featured_image_urls_v2":{"full":["https:\/\/fundaciohospitalariesmartorell.org\/entre-tots\/wp-content\/uploads\/2025\/06\/image-10.png",1600,1200,false],"thumbnail":["https:\/\/fundaciohospitalariesmartorell.org\/entre-tots\/wp-content\/uploads\/2025\/06\/image-10-150x150.png",150,150,true],"medium":["https:\/\/fundaciohospitalariesmartorell.org\/entre-tots\/wp-content\/uploads\/2025\/06\/image-10-300x225.png",300,225,true],"medium_large":["https:\/\/fundaciohospitalariesmartorell.org\/entre-tots\/wp-content\/uploads\/2025\/06\/image-10-768x576.png",768,576,true],"large":["https:\/\/fundaciohospitalariesmartorell.org\/entre-tots\/wp-content\/uploads\/2025\/06\/image-10-1024x768.png",1024,768,true],"1536x1536":["https:\/\/fundaciohospitalariesmartorell.org\/entre-tots\/wp-content\/uploads\/2025\/06\/image-10-1536x1152.png",1536,1152,true],"2048x2048":["https:\/\/fundaciohospitalariesmartorell.org\/entre-tots\/wp-content\/uploads\/2025\/06\/image-10.png",1600,1200,false],"mailpoet_newsletter_max":["https:\/\/fundaciohospitalariesmartorell.org\/entre-tots\/wp-content\/uploads\/2025\/06\/image-10-1320x990.png",1320,990,true]},"post_excerpt_stackable_v2":"<p>El passat 20 de juny, la Comissi\u00f3\u00a0Cuida\u2019t X Cuidar\u00a0va organitzar, dins\u00a0de\u00a0la dimensi\u00f3\u00a0FES SALUT\u00a0un\u00a0taller per a la prevenci\u00f3\u00a0del c\u00e0ncer\u00a0de\u00a0pell\u00a0que va consistir en una xerrada a c\u00e0rrec\u00a0de\u00a0la Dra. Maria Rosa Tesas, metgessa\u00a0del Servei\u00a0de\u00a0Dermatologia\u00a0de\u00a0Fundaci\u00f3 Hospital\u00e0ries Barcelona i, posteriorment, visites individualitzades. La Dra. Tesas ens ha compartit aquest interessant article per millorar la detecci\u00f3 preco\u00e7 del c\u00e0ncer de pell: Antes de empezar a hablar sobre cuales son los signos y s\u00edntomas de alarma del c\u00e1ncer de piel tenemos que explicar que existen distintos tipos de c\u00e1ncer cut\u00e1neo. Los distintos tipos de c\u00e1ncer de piel se clasifican en dos grupos: Melanoma C\u00e1ncer de piel no&hellip;<\/p>\n","category_list_v2":"<a href=\"https:\/\/fundaciohospitalariesmartorell.org\/entre-tots\/category\/actualitat\/\" rel=\"category tag\">ACTUALITAT<\/a>, <a href=\"https:\/\/fundaciohospitalariesmartorell.org\/entre-tots\/category\/actualitat\/societat\/\" rel=\"category tag\">SOCIETAT<\/a>","author_info_v2":{"name":"ALBA_FELIP","url":"https:\/\/fundaciohospitalariesmartorell.org\/entre-tots\/author\/alba_felip\/"},"comments_num_v2":"0 comments","_links":{"self":[{"href":"https:\/\/fundaciohospitalariesmartorell.org\/entre-tots\/wp-json\/wp\/v2\/posts\/11673","targetHints":{"allow":["GET"]}}],"collection":[{"href":"https:\/\/fundaciohospitalariesmartorell.org\/entre-tots\/wp-json\/wp\/v2\/posts"}],"about":[{"href":"https:\/\/fundaciohospitalariesmartorell.org\/entre-tots\/wp-json\/wp\/v2\/types\/post"}],"author":[{"embeddable":true,"href":"https:\/\/fundaciohospitalariesmartorell.org\/entre-tots\/wp-json\/wp\/v2\/users\/7"}],"replies":[{"embeddable":true,"href":"https:\/\/fundaciohospitalariesmartorell.org\/entre-tots\/wp-json\/wp\/v2\/comments?post=11673"}],"version-history":[{"count":1,"href":"https:\/\/fundaciohospitalariesmartorell.org\/entre-tots\/wp-json\/wp\/v2\/posts\/11673\/revisions"}],"predecessor-version":[{"id":11689,"href":"https:\/\/fundaciohospitalariesmartorell.org\/entre-tots\/wp-json\/wp\/v2\/posts\/11673\/revisions\/11689"}],"wp:featuredmedia":[{"embeddable":true,"href":"https:\/\/fundaciohospitalariesmartorell.org\/entre-tots\/wp-json\/wp\/v2\/media\/11685"}],"wp:attachment":[{"href":"https:\/\/fundaciohospitalariesmartorell.org\/entre-tots\/wp-json\/wp\/v2\/media?parent=11673"}],"wp:term":[{"taxonomy":"category","embeddable":true,"href":"https:\/\/fundaciohospitalariesmartorell.org\/entre-tots\/wp-json\/wp\/v2\/categories?post=11673"},{"taxonomy":"post_tag","embeddable":true,"href":"https:\/\/fundaciohospitalariesmartorell.org\/entre-tots\/wp-json\/wp\/v2\/tags?post=11673"}],"curies":[{"name":"wp","href":"https:\/\/api.w.org\/{rel}","templated":true}]}}