{"id":11695,"date":"2025-07-01T07:29:08","date_gmt":"2025-07-01T06:29:08","guid":{"rendered":"https:\/\/fundaciohospitalariesmartorell.org\/entre-tots\/?p=11695"},"modified":"2025-07-01T07:29:08","modified_gmt":"2025-07-01T06:29:08","slug":"la-fundacio-hospitalaries-martorell-sincorpora-a-la-xarxa-de-dany-cerebral-i-neurorehabilitacio-de-la-fundacio-hospitalaries","status":"publish","type":"post","link":"https:\/\/fundaciohospitalariesmartorell.org\/entre-tots\/2025\/07\/la-fundacio-hospitalaries-martorell-sincorpora-a-la-xarxa-de-dany-cerebral-i-neurorehabilitacio-de-la-fundacio-hospitalaries\/","title":{"rendered":"La Fundaci\u00f3 Hospital\u00e0ries Martorell s\u2019incorpora a la Xarxa de Dany Cerebral i Neurorehabilitaci\u00f3 de la Fundaci\u00f3 Hospital\u00e0ries"},"content":{"rendered":"\n<figure class=\"wp-block-image size-large\"><img loading=\"lazy\" decoding=\"async\" width=\"1024\" height=\"577\" src=\"https:\/\/fundaciohospitalariesmartorell.org\/entre-tots\/wp-content\/uploads\/2025\/07\/image-1024x577.png\" alt=\"\" class=\"wp-image-11696\" srcset=\"https:\/\/fundaciohospitalariesmartorell.org\/entre-tots\/wp-content\/uploads\/2025\/07\/image-1024x577.png 1024w, https:\/\/fundaciohospitalariesmartorell.org\/entre-tots\/wp-content\/uploads\/2025\/07\/image-300x169.png 300w, https:\/\/fundaciohospitalariesmartorell.org\/entre-tots\/wp-content\/uploads\/2025\/07\/image-768x432.png 768w, https:\/\/fundaciohospitalariesmartorell.org\/entre-tots\/wp-content\/uploads\/2025\/07\/image-1536x865.png 1536w, https:\/\/fundaciohospitalariesmartorell.org\/entre-tots\/wp-content\/uploads\/2025\/07\/image-1320x743.png 1320w, https:\/\/fundaciohospitalariesmartorell.org\/entre-tots\/wp-content\/uploads\/2025\/07\/image.png 2000w\" sizes=\"auto, (max-width: 1024px) 100vw, 1024px\" \/><\/figure>\n\n\n\n<p>La Fundaci\u00f3 Hospital\u00e0ries Martorell ha fet un pas endavant en l\u2019atenci\u00f3 especialitzada a persones amb dany cerebral amb la seva incorporaci\u00f3 a la Xarxa de Dany Cerebral i Neurorehabilitaci\u00f3 de la Fundaci\u00f3 Hospital\u00e0ries, antiga Xarxa Menni de Dany Cerebral. Aquesta alian\u00e7a refor\u00e7a el comprom\u00eds del centre amb l\u2019atenci\u00f3 integral, la innovaci\u00f3 i el treball en xarxa.<\/p>\n\n\n\n<p>La integraci\u00f3 s\u2019ha formalitzat en el marc de la visita del Dr. Jos\u00e9 Ignacio Quemada, director de la Xarxa, a Martorell, on s\u2019han generat espais de trobada i intercanvi que han perm\u00e8s compartir coneixement, experi\u00e8ncies i identificar noves oportunitats de col\u00b7laboraci\u00f3 entre professionals.<\/p>\n\n\n\n<p>El Dr. Quemada ha pogut con\u00e8ixer de primera m\u00e0 la realitat assistencial del centre en l\u2019\u00e0mbit de l\u2019atenci\u00f3 interm\u00e8dia, especialment pel que fa a l\u2019atenci\u00f3 a persones amb ictus. Tot i la complexitat del model catal\u00e0 d\u2019atenci\u00f3 interm\u00e8dia, s\u2019han detectat punts de connexi\u00f3 estrat\u00e8gics que faciliten la integraci\u00f3 d\u2019aquests serveis dins la Xarxa, amb l\u2019objectiu de sumar sinergies i millorar els itineraris terap\u00e8utics.<\/p>\n\n\n\n<figure class=\"wp-block-image size-large\"><img loading=\"lazy\" decoding=\"async\" width=\"1024\" height=\"576\" src=\"https:\/\/fundaciohospitalariesmartorell.org\/entre-tots\/wp-content\/uploads\/2025\/07\/image-1-1024x576.png\" alt=\"\" class=\"wp-image-11697\" srcset=\"https:\/\/fundaciohospitalariesmartorell.org\/entre-tots\/wp-content\/uploads\/2025\/07\/image-1-1024x576.png 1024w, https:\/\/fundaciohospitalariesmartorell.org\/entre-tots\/wp-content\/uploads\/2025\/07\/image-1-300x169.png 300w, https:\/\/fundaciohospitalariesmartorell.org\/entre-tots\/wp-content\/uploads\/2025\/07\/image-1-768x432.png 768w, https:\/\/fundaciohospitalariesmartorell.org\/entre-tots\/wp-content\/uploads\/2025\/07\/image-1-1536x864.png 1536w, https:\/\/fundaciohospitalariesmartorell.org\/entre-tots\/wp-content\/uploads\/2025\/07\/image-1-1320x743.png 1320w, https:\/\/fundaciohospitalariesmartorell.org\/entre-tots\/wp-content\/uploads\/2025\/07\/image-1.png 1600w\" sizes=\"auto, (max-width: 1024px) 100vw, 1024px\" \/><\/figure>\n\n\n\n<p>Entre els principals acords establerts durant les jornades de treball, destaca la incorporaci\u00f3 de la Fundaci\u00f3 Hospital\u00e0ries Martorell a la Xarxa de Dany Cerebral i Neurorehabilitaci\u00f3, reconeixent la seva \u00e0mplia experi\u00e8ncia en la rehabilitaci\u00f3 de persones amb ictus i el valor del seu equip multidisciplinari, format per fisioterapeutes, terapeutes ocupacionals, neuropsic\u00f2legs, logopedes i treballadors socials.<\/p>\n\n\n\n<p>Tamb\u00e9 s\u2019ha acordat la definici\u00f3 d\u2019un itinerari espec\u00edfic per a l\u2019atenci\u00f3 a l\u2019ictus a Martorell, que inclour\u00e0 la rehabilitaci\u00f3 hospital\u00e0ria a la Unitat de Recuperaci\u00f3 Funcional amb possibilitat de continu\u00eftat a la Unitat de Llarga Estada, la rehabilitaci\u00f3 ambulat\u00f2ria a trav\u00e9s de l\u2019Hospital de Dia i el seguiment posterior a les Consultes externes de Geriatria.<\/p>\n\n\n\n<p>Alineats amb la nova cartera de serveis d\u2019Atenci\u00f3 Interm\u00e8dia, s\u2019est\u00e0 valorant la creaci\u00f3 d\u2019una Unitat suprasectorial de Dany Cerebral Sever i Complex, un projecte estrat\u00e8gic que permetr\u00e0 posicionar Martorell com a centre de refer\u00e8ncia dins la xarxa assistencial i que es podria impulsar amb una jornada t\u00e8cnica sobre estats de m\u00ednima resposta.<\/p>\n\n\n\n<p>A m\u00e9s, Martorell participar\u00e0 activament en les comissions de treball de la Xarxa, comen\u00e7ant per la incorporaci\u00f3 d\u2019una terapeuta ocupacional del centre a la comissi\u00f3 que treballa en l\u2019elaboraci\u00f3 del document com\u00fa d\u2019avaluaci\u00f3 en l\u2019\u00e0rea de ter\u00e0pia ocupacional.<\/p>\n\n\n\n<p>Finalment, s\u2019ha previst una reuni\u00f3 de seguiment per al setembre de 2025, i s\u2019estudiar\u00e0 la participaci\u00f3 de Martorell en l\u2019\u00e0mbit cient\u00edfic i executiu de la Xarxa de cara a l\u2019any 2026, consolidant aix\u00ed el seu comprom\u00eds amb el desenvolupament de models assistencials avan\u00e7ats en l\u2019\u00e0mbit del dany cerebral i la neurorehabilitaci\u00f3.<\/p>\n\n\n\n<p>Finalment, es destaca la voluntat compartida de seguir treballant conjuntament en la definici\u00f3 i desenvolupament del proc\u00e9s assistencial de l\u2019ictus a la Unitat de Recuperaci\u00f3 Funcional, incloent-hi l\u2019avaluaci\u00f3 multidisciplin\u00e0ria, la planificaci\u00f3 d\u2019objectius, l\u2019atenci\u00f3 a les fam\u00edlies i la preparaci\u00f3 per a l\u2019alta.<\/p>\n\n\n\n<p>Aquest nou vincle amb la Xarxa refor\u00e7a el comprom\u00eds de la Fundaci\u00f3 Hospital\u00e0ria de Martorell amb l\u2019atenci\u00f3 especialitzada i integral de les persones amb ictus i altres afectacions neurol\u00f2giques, i obre noves oportunitats per a la innovaci\u00f3 i la millora cont\u00ednua de l\u2019atenci\u00f3.<\/p>\n\n\n\n<h3 class=\"wp-block-heading\">Presentaci\u00f3 de l\u2019exoesquelet ABLE<\/h3>\n\n\n\n<figure class=\"wp-block-image size-large\"><img loading=\"lazy\" decoding=\"async\" width=\"1024\" height=\"576\" src=\"https:\/\/fundaciohospitalariesmartorell.org\/entre-tots\/wp-content\/uploads\/2025\/07\/image-2-1024x576.png\" alt=\"\" class=\"wp-image-11698\" srcset=\"https:\/\/fundaciohospitalariesmartorell.org\/entre-tots\/wp-content\/uploads\/2025\/07\/image-2-1024x576.png 1024w, https:\/\/fundaciohospitalariesmartorell.org\/entre-tots\/wp-content\/uploads\/2025\/07\/image-2-300x169.png 300w, https:\/\/fundaciohospitalariesmartorell.org\/entre-tots\/wp-content\/uploads\/2025\/07\/image-2-768x432.png 768w, https:\/\/fundaciohospitalariesmartorell.org\/entre-tots\/wp-content\/uploads\/2025\/07\/image-2-1536x864.png 1536w, https:\/\/fundaciohospitalariesmartorell.org\/entre-tots\/wp-content\/uploads\/2025\/07\/image-2-1320x743.png 1320w, https:\/\/fundaciohospitalariesmartorell.org\/entre-tots\/wp-content\/uploads\/2025\/07\/image-2.png 1600w\" sizes=\"auto, (max-width: 1024px) 100vw, 1024px\" \/><\/figure>\n\n\n\n<p>Un dels moments destacats de la jornada va ser la presentaci\u00f3 de l\u2019exoesquelet ABLE, una tecnologia d\u2019avantguarda desenvolupada per l\u2019empresa catalana ABLE Human Motion. El dispositiu, pensat per a la rehabilitaci\u00f3 de la marxa, integra motors propis a maluc i genoll amb una tecnologia compacta i potent que interpreta la intenci\u00f3 del pacient amb un nombre m\u00ednim de sensors.<\/p>\n\n\n\n<p>El disseny incorpora ajustos r\u00e0pids i c\u00f2modes, que permeten col\u00b7locar-lo en menys de sis minuts, i un pes lleuger \u2013 uns 17 kg \u2013 que millora l\u2019experi\u00e8ncia d\u2019\u00fas. A m\u00e9s, el sistema es complementa amb una aplicaci\u00f3 m\u00f2bil que personalitza la ter\u00e0pia segons les necessitats de cada pacient.<\/p>\n\n\n\n<p>Aquest exoesquelet representa una eina innovadora i potent per a la rehabilitaci\u00f3 neurol\u00f2gica, i dues persones usu\u00e0ries del nostre centre van tenir l\u2019oportunitat de provar-lo en primera persona.<\/p>\n\n\n\n<figure class=\"wp-block-image size-large\"><img loading=\"lazy\" decoding=\"async\" width=\"957\" height=\"1024\" src=\"https:\/\/fundaciohospitalariesmartorell.org\/entre-tots\/wp-content\/uploads\/2025\/07\/image-3-957x1024.png\" alt=\"\" class=\"wp-image-11699\" srcset=\"https:\/\/fundaciohospitalariesmartorell.org\/entre-tots\/wp-content\/uploads\/2025\/07\/image-3-957x1024.png 957w, https:\/\/fundaciohospitalariesmartorell.org\/entre-tots\/wp-content\/uploads\/2025\/07\/image-3-280x300.png 280w, https:\/\/fundaciohospitalariesmartorell.org\/entre-tots\/wp-content\/uploads\/2025\/07\/image-3-768x822.png 768w, https:\/\/fundaciohospitalariesmartorell.org\/entre-tots\/wp-content\/uploads\/2025\/07\/image-3-1435x1536.png 1435w, https:\/\/fundaciohospitalariesmartorell.org\/entre-tots\/wp-content\/uploads\/2025\/07\/image-3-1320x1413.png 1320w, https:\/\/fundaciohospitalariesmartorell.org\/entre-tots\/wp-content\/uploads\/2025\/07\/image-3.png 1495w\" sizes=\"auto, (max-width: 957px) 100vw, 957px\" \/><\/figure>\n","protected":false},"excerpt":{"rendered":"<p>La Fundaci\u00f3 Hospital\u00e0ries Martorell ha fet un pas endavant en l\u2019atenci\u00f3 especialitzada a persones amb dany cerebral amb la seva incorporaci\u00f3 a la Xarxa de Dany Cerebral i Neurorehabilitaci\u00f3 de la Fundaci\u00f3 Hospital\u00e0ries, antiga Xarxa Menni de Dany Cerebral. Aquesta alian\u00e7a refor\u00e7a el comprom\u00eds del centre amb l\u2019atenci\u00f3 integral, la innovaci\u00f3 i el treball en [&hellip;]<\/p>\n","protected":false},"author":7,"featured_media":11696,"comment_status":"closed","ping_status":"","sticky":false,"template":"","format":"standard","meta":{"footnotes":""},"categories":[27,58,61],"tags":[],"class_list":["post-11695","post","type-post","status-publish","format-standard","has-post-thumbnail","hentry","category-actualitat","category-collaboradors-es","category-societat"],"blocksy_meta":[],"featured_image_urls_v2":{"full":["https:\/\/fundaciohospitalariesmartorell.org\/entre-tots\/wp-content\/uploads\/2025\/07\/image.png",2000,1126,false],"thumbnail":["https:\/\/fundaciohospitalariesmartorell.org\/entre-tots\/wp-content\/uploads\/2025\/07\/image-150x150.png",150,150,true],"medium":["https:\/\/fundaciohospitalariesmartorell.org\/entre-tots\/wp-content\/uploads\/2025\/07\/image-300x169.png",300,169,true],"medium_large":["https:\/\/fundaciohospitalariesmartorell.org\/entre-tots\/wp-content\/uploads\/2025\/07\/image-768x432.png",768,432,true],"large":["https:\/\/fundaciohospitalariesmartorell.org\/entre-tots\/wp-content\/uploads\/2025\/07\/image-1024x577.png",1024,577,true],"1536x1536":["https:\/\/fundaciohospitalariesmartorell.org\/entre-tots\/wp-content\/uploads\/2025\/07\/image-1536x865.png",1536,865,true],"2048x2048":["https:\/\/fundaciohospitalariesmartorell.org\/entre-tots\/wp-content\/uploads\/2025\/07\/image.png",2000,1126,false],"mailpoet_newsletter_max":["https:\/\/fundaciohospitalariesmartorell.org\/entre-tots\/wp-content\/uploads\/2025\/07\/image-1320x743.png",1320,743,true]},"post_excerpt_stackable_v2":"<p>La Fundaci\u00f3 Hospital\u00e0ries Martorell ha fet un pas endavant en l\u2019atenci\u00f3 especialitzada a persones amb dany cerebral amb la seva incorporaci\u00f3 a la Xarxa de Dany Cerebral i Neurorehabilitaci\u00f3 de la Fundaci\u00f3 Hospital\u00e0ries, antiga Xarxa Menni de Dany Cerebral. Aquesta alian\u00e7a refor\u00e7a el comprom\u00eds del centre amb l\u2019atenci\u00f3 integral, la innovaci\u00f3 i el treball en xarxa. La integraci\u00f3 s\u2019ha formalitzat en el marc de la visita del Dr. Jos\u00e9 Ignacio Quemada, director de la Xarxa, a Martorell, on s\u2019han generat espais de trobada i intercanvi que han perm\u00e8s compartir coneixement, experi\u00e8ncies i identificar noves oportunitats de col\u00b7laboraci\u00f3 entre professionals. El&hellip;<\/p>\n","category_list_v2":"<a href=\"https:\/\/fundaciohospitalariesmartorell.org\/entre-tots\/category\/actualitat\/\" rel=\"category tag\">ACTUALITAT<\/a>, <a href=\"https:\/\/fundaciohospitalariesmartorell.org\/entre-tots\/category\/actualitat\/col%c2%b7laboradors-es\/\" rel=\"category tag\">COL\u00b7LABORADORS\/ES<\/a>, <a href=\"https:\/\/fundaciohospitalariesmartorell.org\/entre-tots\/category\/actualitat\/societat\/\" rel=\"category tag\">SOCIETAT<\/a>","author_info_v2":{"name":"ALBA_FELIP","url":"https:\/\/fundaciohospitalariesmartorell.org\/entre-tots\/author\/alba_felip\/"},"comments_num_v2":"0 comments","_links":{"self":[{"href":"https:\/\/fundaciohospitalariesmartorell.org\/entre-tots\/wp-json\/wp\/v2\/posts\/11695","targetHints":{"allow":["GET"]}}],"collection":[{"href":"https:\/\/fundaciohospitalariesmartorell.org\/entre-tots\/wp-json\/wp\/v2\/posts"}],"about":[{"href":"https:\/\/fundaciohospitalariesmartorell.org\/entre-tots\/wp-json\/wp\/v2\/types\/post"}],"author":[{"embeddable":true,"href":"https:\/\/fundaciohospitalariesmartorell.org\/entre-tots\/wp-json\/wp\/v2\/users\/7"}],"replies":[{"embeddable":true,"href":"https:\/\/fundaciohospitalariesmartorell.org\/entre-tots\/wp-json\/wp\/v2\/comments?post=11695"}],"version-history":[{"count":1,"href":"https:\/\/fundaciohospitalariesmartorell.org\/entre-tots\/wp-json\/wp\/v2\/posts\/11695\/revisions"}],"predecessor-version":[{"id":11700,"href":"https:\/\/fundaciohospitalariesmartorell.org\/entre-tots\/wp-json\/wp\/v2\/posts\/11695\/revisions\/11700"}],"wp:featuredmedia":[{"embeddable":true,"href":"https:\/\/fundaciohospitalariesmartorell.org\/entre-tots\/wp-json\/wp\/v2\/media\/11696"}],"wp:attachment":[{"href":"https:\/\/fundaciohospitalariesmartorell.org\/entre-tots\/wp-json\/wp\/v2\/media?parent=11695"}],"wp:term":[{"taxonomy":"category","embeddable":true,"href":"https:\/\/fundaciohospitalariesmartorell.org\/entre-tots\/wp-json\/wp\/v2\/categories?post=11695"},{"taxonomy":"post_tag","embeddable":true,"href":"https:\/\/fundaciohospitalariesmartorell.org\/entre-tots\/wp-json\/wp\/v2\/tags?post=11695"}],"curies":[{"name":"wp","href":"https:\/\/api.w.org\/{rel}","templated":true}]}}