{"id":11723,"date":"2025-07-01T14:51:15","date_gmt":"2025-07-01T13:51:15","guid":{"rendered":"https:\/\/fundaciohospitalariesmartorell.org\/entre-tots\/?p=11723"},"modified":"2025-07-01T14:51:15","modified_gmt":"2025-07-01T13:51:15","slug":"continuitat-en-el-compromis-de-la-cura-i-servei-de-la-fundacio-hospitalaries-martorell","status":"publish","type":"post","link":"https:\/\/fundaciohospitalariesmartorell.org\/entre-tots\/2025\/07\/continuitat-en-el-compromis-de-la-cura-i-servei-de-la-fundacio-hospitalaries-martorell\/","title":{"rendered":"Continu\u00eftat en el comprom\u00eds de la cura i servei de la Fundaci\u00f3 Hospital\u00e0ries Martorell"},"content":{"rendered":"\n<p>La premsa local i tamb\u00e9 la religiosa s&#8217;han fet eco del comiat a la comunitat de Germanes despr\u00e9s de m\u00e9s de 60 anys de servei. Aquests son alguns dels impactes en premsa:<\/p>\n\n\n\n<ul class=\"wp-block-list\">\n<li><a href=\"https:\/\/martorelldigital.cat\/comiat-a-la-comunitat-de-germanes-hospitalaries-del-sagrat-cor-de-jesus-despres-de-62-anys-dedicats-a-la-cura-de-persones-amb-problemes-de-salut-mental\/\">Martorell digital<\/a><\/li>\n\n\n\n<li><a href=\"https:\/\/urc.cat\/martorell-acomiada-amb-gratitud-la-comunitat-de-germanes-hospitalaries-del-sagrat-cor-de-jesus-despres-de-62-anys\/\">Uni\u00f3 de Religiosos de Catalunya<\/a><\/li>\n\n\n\n<li><a href=\"https:\/\/www.catalunyareligio.cat\/ca\/martorell-acomiada-germanes-hospitalaries-despres\">Catalunya Religi\u00f3<\/a><\/li>\n\n\n\n<li><a href=\"https:\/\/bisbatsantfeliu.cat\/continuitat-en-el-compromis-de-la-cura-i-servei-de-la-fundacio-hospitalaries-martorell\/\">Bisbat de Sant Feliu<\/a><\/li>\n\n\n\n<li><a href=\"https:\/\/www.elllobregat.com\/noticia\/29286\/martorell\/martorell-despide-a-las-hermanas-hospitalarias-tras-62-anos-de-servicio:-dejamos-la-llama-encendida.html\">El Llobregat<\/a><\/li>\n<\/ul>\n\n\n\n<p><\/p>\n","protected":false},"excerpt":{"rendered":"<p>La premsa local i tamb\u00e9 la religiosa s&#8217;han fet eco del comiat a la comunitat de Germanes despr\u00e9s de m\u00e9s de 60 anys de servei. Aquests son alguns dels impactes en premsa:<\/p>\n","protected":false},"author":7,"featured_media":0,"comment_status":"closed","ping_status":"","sticky":false,"template":"","format":"standard","meta":{"footnotes":""},"categories":[44],"tags":[],"class_list":["post-11723","post","type-post","status-publish","format-standard","hentry","category-entre-noticies"],"blocksy_meta":[],"featured_image_urls_v2":{"full":"","thumbnail":"","medium":"","medium_large":"","large":"","1536x1536":"","2048x2048":"","mailpoet_newsletter_max":""},"post_excerpt_stackable_v2":"<p>La premsa local i tamb\u00e9 la religiosa s&#8217;han fet eco del comiat a la comunitat de Germanes despr\u00e9s de m\u00e9s de 60 anys de servei. Aquests son alguns dels impactes en premsa: Martorell digital Uni\u00f3 de Religiosos de Catalunya Catalunya Religi\u00f3 Bisbat de Sant Feliu El Llobregat<\/p>\n","category_list_v2":"<a href=\"https:\/\/fundaciohospitalariesmartorell.org\/entre-tots\/category\/entre-noticies\/\" rel=\"category tag\">ENTRE NOT\u00cdCIES<\/a>","author_info_v2":{"name":"ALBA_FELIP","url":"https:\/\/fundaciohospitalariesmartorell.org\/entre-tots\/author\/alba_felip\/"},"comments_num_v2":"0 comments","_links":{"self":[{"href":"https:\/\/fundaciohospitalariesmartorell.org\/entre-tots\/wp-json\/wp\/v2\/posts\/11723","targetHints":{"allow":["GET"]}}],"collection":[{"href":"https:\/\/fundaciohospitalariesmartorell.org\/entre-tots\/wp-json\/wp\/v2\/posts"}],"about":[{"href":"https:\/\/fundaciohospitalariesmartorell.org\/entre-tots\/wp-json\/wp\/v2\/types\/post"}],"author":[{"embeddable":true,"href":"https:\/\/fundaciohospitalariesmartorell.org\/entre-tots\/wp-json\/wp\/v2\/users\/7"}],"replies":[{"embeddable":true,"href":"https:\/\/fundaciohospitalariesmartorell.org\/entre-tots\/wp-json\/wp\/v2\/comments?post=11723"}],"version-history":[{"count":1,"href":"https:\/\/fundaciohospitalariesmartorell.org\/entre-tots\/wp-json\/wp\/v2\/posts\/11723\/revisions"}],"predecessor-version":[{"id":11724,"href":"https:\/\/fundaciohospitalariesmartorell.org\/entre-tots\/wp-json\/wp\/v2\/posts\/11723\/revisions\/11724"}],"wp:attachment":[{"href":"https:\/\/fundaciohospitalariesmartorell.org\/entre-tots\/wp-json\/wp\/v2\/media?parent=11723"}],"wp:term":[{"taxonomy":"category","embeddable":true,"href":"https:\/\/fundaciohospitalariesmartorell.org\/entre-tots\/wp-json\/wp\/v2\/categories?post=11723"},{"taxonomy":"post_tag","embeddable":true,"href":"https:\/\/fundaciohospitalariesmartorell.org\/entre-tots\/wp-json\/wp\/v2\/tags?post=11723"}],"curies":[{"name":"wp","href":"https:\/\/api.w.org\/{rel}","templated":true}]}}