{"id":11749,"date":"2025-07-07T09:19:36","date_gmt":"2025-07-07T08:19:36","guid":{"rendered":"https:\/\/fundaciohospitalariesmartorell.org\/entre-tots\/?p=11749"},"modified":"2025-07-11T07:01:26","modified_gmt":"2025-07-11T06:01:26","slug":"la-dra-michelle-funk-visita-catalunya-per-impulsar-el-model-qualityrights-en-salut-mental","status":"publish","type":"post","link":"https:\/\/fundaciohospitalariesmartorell.org\/entre-tots\/2025\/07\/la-dra-michelle-funk-visita-catalunya-per-impulsar-el-model-qualityrights-en-salut-mental\/","title":{"rendered":"La Dra. Michelle Funk visita Catalunya per impulsar el model QualityRights en salut mental"},"content":{"rendered":"\n<figure class=\"wp-block-image size-large\"><img loading=\"lazy\" decoding=\"async\" width=\"1024\" height=\"701\" src=\"https:\/\/fundaciohospitalariesmartorell.org\/entre-tots\/wp-content\/uploads\/2025\/07\/WhatsApp-Image-2025-07-03-at-16.34.27-1024x701.jpeg\" alt=\"\" class=\"wp-image-11752\" srcset=\"https:\/\/fundaciohospitalariesmartorell.org\/entre-tots\/wp-content\/uploads\/2025\/07\/WhatsApp-Image-2025-07-03-at-16.34.27-1024x701.jpeg 1024w, https:\/\/fundaciohospitalariesmartorell.org\/entre-tots\/wp-content\/uploads\/2025\/07\/WhatsApp-Image-2025-07-03-at-16.34.27-300x206.jpeg 300w, https:\/\/fundaciohospitalariesmartorell.org\/entre-tots\/wp-content\/uploads\/2025\/07\/WhatsApp-Image-2025-07-03-at-16.34.27-768x526.jpeg 768w, https:\/\/fundaciohospitalariesmartorell.org\/entre-tots\/wp-content\/uploads\/2025\/07\/WhatsApp-Image-2025-07-03-at-16.34.27-1320x904.jpeg 1320w, https:\/\/fundaciohospitalariesmartorell.org\/entre-tots\/wp-content\/uploads\/2025\/07\/WhatsApp-Image-2025-07-03-at-16.34.27.jpeg 1327w\" sizes=\"auto, (max-width: 1024px) 100vw, 1024px\" \/><\/figure>\n\n\n\n<p class=\"has-medium-font-size\">La Dra. Michelle Funk, responsable del programa QualityRights i de la Unitat de Pol\u00edtica, Dret i Drets Humans del Departament de Salut Mental i Consum de Subst\u00e0ncies de l\u2019Organitzaci\u00f3 Mundial de la Salut (OMS), ha visitat diversos centres de l\u2019Orde Hospitalari de Sant Joan de D\u00e9u i de la Fundaci\u00f3 Hospital\u00e0ries a Catalunya. La visita s\u2019emmarca en el projecte conjunt impulsat per ambdues institucions, juntament amb el Departament de Salut de la Generalitat de Catalunya, amb l\u2019objectiu d\u2019avan\u00e7ar en la implementaci\u00f3 del model QualityRights, promogut per l\u2019OMS, als centres de salut mental del territori.<\/p>\n\n\n\n<p>Durant la seva estada, la Dra. Funk ha pogut con\u00e8ixer de primera m\u00e0 l\u2019aplicaci\u00f3 del model d\u2019atenci\u00f3 centrat en els drets humans que s\u2019est\u00e0 desenvolupant en diversos dispositius assistencials.<\/p>\n\n\n\n<p>En el marc d\u2019aquesta visita institucional, s\u2019ha celebrat una jornada per als professionals d\u2019ambdues entitats, que ha incl\u00f2s una intervenci\u00f3 de la mateixa Dra. Funk i la presentaci\u00f3 oficial del projecte de col\u00b7laboraci\u00f3. L\u2019acte va ser inaugurat per la secretaria d\u2019Atenci\u00f3 Sanit\u00e0ria i Participaci\u00f3 del Departament de Salut de la Generalitat de Catalunya.<\/p>\n\n\n\n<h3 class=\"wp-block-heading has-large-font-size\"><strong>Un model per a transformar la salut mental<\/strong> <\/h3>\n\n\n\n<p>El model QualityRights, inspirat en la Convenci\u00f3 de les Nacions Unides sobre els Drets de les Persones amb Discapacitat, busca transformar l\u2019atenci\u00f3 en salut mental mitjan\u00e7ant la promoci\u00f3 activa dels drets humans, la millora de la qualitat assistencial i l\u2019apoderament tant de les persones ateses com dels equips professionals.<\/p>\n\n\n\n<p>A escala internacional, aquest enfocament impulsa una transformaci\u00f3 estructural dels serveis: menys pr\u00e0ctiques coercitives, m\u00e9s participaci\u00f3 activa de les persones usu\u00e0ries i una atenci\u00f3 centrada en la dignitat, l\u2019autonomia i el proc\u00e9s de recuperaci\u00f3.<\/p>\n\n\n\n<h3 class=\"wp-block-heading has-large-font-size\"><strong>Un comprom\u00eds institucional ferm<\/strong> <\/h3>\n\n\n\n<p>La visita de la Dra. Funk ha posat de manifest el comprom\u00eds institucional amb aquest canvi de paradigma. El passat 3 de juliol, va oferir una confer\u00e8ncia al Parc Sanitari Sant Joan de D\u00e9u, a Sant Boi de Llobregat, on es van abordar els reptes i oportunitats de la implantaci\u00f3 del model QualityRights a Catalunya.<\/p>\n\n\n\n<p>Durant la seva estada, tamb\u00e9 va visitar diversos centres assistencials, on es va reunir amb professionals, directius institucionals i persones usu\u00e0ries. En aquestes visites es van compartir experi\u00e8ncies i bones pr\u00e0ctiques per enfortir l\u2019estrat\u00e8gia d\u2019implementaci\u00f3 del model a Catalunya.<\/p>\n\n\n\n<p>Des de Sant Joan de D\u00e9u Espanya s\u2019ha qualificat aquesta visita com una oportunitat per visibilitzar el comprom\u00eds institucional de l\u2019Orde amb les pol\u00edtiques impulsades per l\u2019OMS per promoure una atenci\u00f3 basada en els Drets Humans i la seva implementaci\u00f3 progressiva als centres de l\u2019Orde de Sant Joan de D\u00e9u a Espanya.<\/p>\n\n\n\n<p>Per la seva banda, el director general de la Fundaci\u00f3 Hospital\u00e0ries, Alberto Mart\u00edn de la Mata, va valorar el pas de Funk pels centres assistencials com \u201cuna fita important que referma el nostre comprom\u00eds amb el model Quality Rights de l\u2019OMS, que est\u00e0 profundament alineat amb l\u2019enfortiment dels drets humans, la millora en la qualitat dels serveis i la promoci\u00f3 de la inclusi\u00f3 social que promovem des de la nostra instituci\u00f3\u201d.<\/p>\n\n\n\n<figure class=\"wp-block-gallery has-nested-images columns-default is-cropped wp-block-gallery-1 is-layout-flex wp-block-gallery-is-layout-flex\">\n<figure class=\"wp-block-image size-large\"><img loading=\"lazy\" decoding=\"async\" width=\"1536\" height=\"1152\" data-id=\"11754\" src=\"https:\/\/fundaciohospitalariesmartorell.org\/entre-tots\/wp-content\/uploads\/2025\/07\/WhatsApp-Image-2025-07-04-at-09.38.27-edited.jpeg\" alt=\"\" class=\"wp-image-11754\" srcset=\"https:\/\/fundaciohospitalariesmartorell.org\/entre-tots\/wp-content\/uploads\/2025\/07\/WhatsApp-Image-2025-07-04-at-09.38.27-edited.jpeg 1536w, https:\/\/fundaciohospitalariesmartorell.org\/entre-tots\/wp-content\/uploads\/2025\/07\/WhatsApp-Image-2025-07-04-at-09.38.27-edited-300x225.jpeg 300w, https:\/\/fundaciohospitalariesmartorell.org\/entre-tots\/wp-content\/uploads\/2025\/07\/WhatsApp-Image-2025-07-04-at-09.38.27-edited-1024x768.jpeg 1024w, https:\/\/fundaciohospitalariesmartorell.org\/entre-tots\/wp-content\/uploads\/2025\/07\/WhatsApp-Image-2025-07-04-at-09.38.27-edited-768x576.jpeg 768w, https:\/\/fundaciohospitalariesmartorell.org\/entre-tots\/wp-content\/uploads\/2025\/07\/WhatsApp-Image-2025-07-04-at-09.38.27-edited-1320x990.jpeg 1320w\" sizes=\"auto, (max-width: 1536px) 100vw, 1536px\" \/><\/figure>\n<\/figure>\n\n\n\n<h3 class=\"wp-block-heading has-large-font-size\"><strong>Una iniciativa compartida i transformadora<\/strong><\/h3>\n\n\n\n<p>La iniciativa ha estat coordinada per la responsable transversal del projecte de Sant Joan de D\u00e9u Espanya i la Fundaci\u00f3 Hospital\u00e0ries, Magda Casamitjana, qui lidera el proc\u00e9s de formaci\u00f3 dels equips professionals i les accions de sensibilitzaci\u00f3 comunit\u00e0ria, en estreta col\u00b7laboraci\u00f3 amb el Departament de Salut del govern auton\u00f2mic.<\/p>\n\n\n\n<p>Segons Casamitjana, \u201cla implementaci\u00f3 de QualityRights implica un profund canvi cultural i estructural. Cal un comprom\u00eds ferm per garantir que el respecte als Drets Humans no depengui de decisions individuals, sin\u00f3 que estigui plenament integrat en la legislaci\u00f3 i en els protocols d\u2019atenci\u00f3\u201d.<\/p>\n\n\n\n<p>La Dra. Funk, per la seva banda, va subratllar que \u201c\u00e9s fonamental canviar actituds i mentalitats sobre la salut mental en tots els \u00e0mbits. Les persones amb problemes de salut mental tenen dret a ser tractades amb igualtat, dignitat i respecte\u201d.<\/p>\n\n\n\n<h3 class=\"wp-block-heading has-large-font-size\"><strong>Cap a un nou model d\u2019atenci\u00f3 en salut mental<\/strong> <\/h3>\n\n\n\n<p class=\"has-medium-font-size\">Aquesta visita institucional representa un pas estrat\u00e8gic en la consolidaci\u00f3 de l\u2019alian\u00e7a entre la Fundaci\u00f3 Hospital\u00e0ries, Sant Joan de D\u00e9u Espanya i l\u2019OMS. A m\u00e9s, refor\u00e7a el comprom\u00eds amb un model d\u2019atenci\u00f3 m\u00e9s \u00e8tic, inclusiu i centrat en els drets de les persones.<\/p>\n","protected":false},"excerpt":{"rendered":"<p>La Dra. Michelle Funk, responsable del programa QualityRights i de la Unitat de Pol\u00edtica, Dret i Drets Humans del Departament de Salut Mental i Consum de Subst\u00e0ncies de l\u2019Organitzaci\u00f3 Mundial de la Salut (OMS), ha visitat diversos centres de l\u2019Orde Hospitalari de Sant Joan de D\u00e9u i de la Fundaci\u00f3 Hospital\u00e0ries a Catalunya. La visita [&hellip;]<\/p>\n","protected":false},"author":6,"featured_media":11752,"comment_status":"closed","ping_status":"closed","sticky":false,"template":"","format":"standard","meta":{"footnotes":""},"categories":[27,58],"tags":[],"class_list":["post-11749","post","type-post","status-publish","format-standard","has-post-thumbnail","hentry","category-actualitat","category-collaboradors-es"],"blocksy_meta":[],"featured_image_urls_v2":{"full":["https:\/\/fundaciohospitalariesmartorell.org\/entre-tots\/wp-content\/uploads\/2025\/07\/WhatsApp-Image-2025-07-03-at-16.34.27.jpeg",1327,909,false],"thumbnail":["https:\/\/fundaciohospitalariesmartorell.org\/entre-tots\/wp-content\/uploads\/2025\/07\/WhatsApp-Image-2025-07-03-at-16.34.27-150x150.jpeg",150,150,true],"medium":["https:\/\/fundaciohospitalariesmartorell.org\/entre-tots\/wp-content\/uploads\/2025\/07\/WhatsApp-Image-2025-07-03-at-16.34.27-300x206.jpeg",300,206,true],"medium_large":["https:\/\/fundaciohospitalariesmartorell.org\/entre-tots\/wp-content\/uploads\/2025\/07\/WhatsApp-Image-2025-07-03-at-16.34.27-768x526.jpeg",768,526,true],"large":["https:\/\/fundaciohospitalariesmartorell.org\/entre-tots\/wp-content\/uploads\/2025\/07\/WhatsApp-Image-2025-07-03-at-16.34.27-1024x701.jpeg",1024,701,true],"1536x1536":["https:\/\/fundaciohospitalariesmartorell.org\/entre-tots\/wp-content\/uploads\/2025\/07\/WhatsApp-Image-2025-07-03-at-16.34.27.jpeg",1327,909,false],"2048x2048":["https:\/\/fundaciohospitalariesmartorell.org\/entre-tots\/wp-content\/uploads\/2025\/07\/WhatsApp-Image-2025-07-03-at-16.34.27.jpeg",1327,909,false],"mailpoet_newsletter_max":["https:\/\/fundaciohospitalariesmartorell.org\/entre-tots\/wp-content\/uploads\/2025\/07\/WhatsApp-Image-2025-07-03-at-16.34.27-1320x904.jpeg",1320,904,true]},"post_excerpt_stackable_v2":"<p>La Dra. Michelle Funk, responsable del programa QualityRights i de la Unitat de Pol\u00edtica, Dret i Drets Humans del Departament de Salut Mental i Consum de Subst\u00e0ncies de l\u2019Organitzaci\u00f3 Mundial de la Salut (OMS), ha visitat diversos centres de l\u2019Orde Hospitalari de Sant Joan de D\u00e9u i de la Fundaci\u00f3 Hospital\u00e0ries a Catalunya. La visita s\u2019emmarca en el projecte conjunt impulsat per ambdues institucions, juntament amb el Departament de Salut de la Generalitat de Catalunya, amb l\u2019objectiu d\u2019avan\u00e7ar en la implementaci\u00f3 del model QualityRights, promogut per l\u2019OMS, als centres de salut mental del territori. Durant la seva estada, la Dra.&hellip;<\/p>\n","category_list_v2":"<a href=\"https:\/\/fundaciohospitalariesmartorell.org\/entre-tots\/category\/actualitat\/\" rel=\"category tag\">ACTUALITAT<\/a>, <a href=\"https:\/\/fundaciohospitalariesmartorell.org\/entre-tots\/category\/actualitat\/col%c2%b7laboradors-es\/\" rel=\"category tag\">COL\u00b7LABORADORS\/ES<\/a>","author_info_v2":{"name":"Martorell_comunicacio","url":"https:\/\/fundaciohospitalariesmartorell.org\/entre-tots\/author\/martorell_comunicacio\/"},"comments_num_v2":"0 comments","_links":{"self":[{"href":"https:\/\/fundaciohospitalariesmartorell.org\/entre-tots\/wp-json\/wp\/v2\/posts\/11749","targetHints":{"allow":["GET"]}}],"collection":[{"href":"https:\/\/fundaciohospitalariesmartorell.org\/entre-tots\/wp-json\/wp\/v2\/posts"}],"about":[{"href":"https:\/\/fundaciohospitalariesmartorell.org\/entre-tots\/wp-json\/wp\/v2\/types\/post"}],"author":[{"embeddable":true,"href":"https:\/\/fundaciohospitalariesmartorell.org\/entre-tots\/wp-json\/wp\/v2\/users\/6"}],"replies":[{"embeddable":true,"href":"https:\/\/fundaciohospitalariesmartorell.org\/entre-tots\/wp-json\/wp\/v2\/comments?post=11749"}],"version-history":[{"count":6,"href":"https:\/\/fundaciohospitalariesmartorell.org\/entre-tots\/wp-json\/wp\/v2\/posts\/11749\/revisions"}],"predecessor-version":[{"id":11759,"href":"https:\/\/fundaciohospitalariesmartorell.org\/entre-tots\/wp-json\/wp\/v2\/posts\/11749\/revisions\/11759"}],"wp:featuredmedia":[{"embeddable":true,"href":"https:\/\/fundaciohospitalariesmartorell.org\/entre-tots\/wp-json\/wp\/v2\/media\/11752"}],"wp:attachment":[{"href":"https:\/\/fundaciohospitalariesmartorell.org\/entre-tots\/wp-json\/wp\/v2\/media?parent=11749"}],"wp:term":[{"taxonomy":"category","embeddable":true,"href":"https:\/\/fundaciohospitalariesmartorell.org\/entre-tots\/wp-json\/wp\/v2\/categories?post=11749"},{"taxonomy":"post_tag","embeddable":true,"href":"https:\/\/fundaciohospitalariesmartorell.org\/entre-tots\/wp-json\/wp\/v2\/tags?post=11749"}],"curies":[{"name":"wp","href":"https:\/\/api.w.org\/{rel}","templated":true}]}}