{"id":11772,"date":"2025-07-16T11:29:16","date_gmt":"2025-07-16T10:29:16","guid":{"rendered":"https:\/\/fundaciohospitalariesmartorell.org\/entre-tots\/?p=11772"},"modified":"2025-07-16T11:32:33","modified_gmt":"2025-07-16T10:32:33","slug":"donem-la-benvinguda-a-50-nous-professionals-que-reforcaran-els-equips-assistencials-aquest-estiu","status":"publish","type":"post","link":"https:\/\/fundaciohospitalariesmartorell.org\/entre-tots\/2025\/07\/donem-la-benvinguda-a-50-nous-professionals-que-reforcaran-els-equips-assistencials-aquest-estiu\/","title":{"rendered":"Donem la benvinguda a 50 nous professionals que refor\u00e7aran els equips assistencials aquest estiu"},"content":{"rendered":"\n<figure class=\"wp-block-image size-large\"><img decoding=\"async\" src=\"https:\/\/fundaciohospitalariesmartorell.org\/entre-tots\/wp-content\/uploads\/2025\/07\/20250617_131237-1-edited-scaled.jpg\" alt=\"\" class=\"wp-image-11776\"\/><\/figure>\n\n\n\n<p>Els dies 17 de juny i 10 de juliol es van dur a terme dues sessions d\u2019acollida per a nous professionals, amb l\u2019objectiu de facilitar la seva integraci\u00f3 a la nostra instituci\u00f3 i transmetre&#8217;ls els valors, la missi\u00f3 i l\u2019organitzaci\u00f3 dels serveis. La primera jornada va comptar amb l\u2019assist\u00e8ncia de 36 professionals, mentre que el 10 de juliol n&#8217;hi van participar 14 m\u00e9s.<\/p>\n\n\n\n<p>La jornada del dia 17 es va iniciar a les 8h amb l\u2019acollida per part de l\u2019\u00c0rea de Persones, que va incloure el lliurament de documentaci\u00f3 i uniformitat. A continuaci\u00f3, de 10.00 a 13.30 h, es va desenvolupar el bloc principal de la jornada, celebrat a l\u2019Aula de Formaci\u00f3 1 de l\u2019Edifici 9, amb les intervencions dels responsables de diferents \u00c0rees: Persones, Pastoral, Infermeria i Serveis Generals.<\/p>\n\n\n\n<p>Les noves incorporacions van poder con\u00e8ixer els diferents recursos d\u2019hospitalitzaci\u00f3 i comunitaris, aix\u00ed com la distribuci\u00f3 del centre, serveis centrals i protocols assistencials. Tamb\u00e9 es van poder acostar a la hist\u00f2ria del centre, el model Libera Care o la organitzaci\u00f3 i log\u00edstica de l&#8217;hospital.&nbsp;<\/p>\n\n\n\n<figure class=\"wp-block-image size-large\"><img loading=\"lazy\" decoding=\"async\" width=\"1024\" height=\"577\" src=\"https:\/\/fundaciohospitalariesmartorell.org\/entre-tots\/wp-content\/uploads\/2025\/07\/20250617_102223-1-1024x577.jpg\" alt=\"\" class=\"wp-image-11777\" srcset=\"https:\/\/fundaciohospitalariesmartorell.org\/entre-tots\/wp-content\/uploads\/2025\/07\/20250617_102223-1-1024x577.jpg 1024w, https:\/\/fundaciohospitalariesmartorell.org\/entre-tots\/wp-content\/uploads\/2025\/07\/20250617_102223-1-300x169.jpg 300w, https:\/\/fundaciohospitalariesmartorell.org\/entre-tots\/wp-content\/uploads\/2025\/07\/20250617_102223-1-768x432.jpg 768w, https:\/\/fundaciohospitalariesmartorell.org\/entre-tots\/wp-content\/uploads\/2025\/07\/20250617_102223-1-1536x865.jpg 1536w, https:\/\/fundaciohospitalariesmartorell.org\/entre-tots\/wp-content\/uploads\/2025\/07\/20250617_102223-1-2048x1153.jpg 2048w, https:\/\/fundaciohospitalariesmartorell.org\/entre-tots\/wp-content\/uploads\/2025\/07\/20250617_102223-1-1320x743.jpg 1320w\" sizes=\"auto, (max-width: 1024px) 100vw, 1024px\" \/><\/figure>\n\n\n\n<p>Com a novetat d\u2019enguany, per primera vegada es va comptar amb la participaci\u00f3 de professionals jubilats de la casa, que van aportar el seu testimoni personal i experi\u00e8ncia acumulada com a part d\u2019una iniciativa de mentoria intergeneracional. La seva pres\u00e8ncia va oferir un valor afegit a la jornada, transmetent als nous professionals valors i cultura institucional, refor\u00e7ant aix\u00ed el sentiment de pertinen\u00e7a i continu\u00eftat.<\/p>\n\n\n\n<p>Aquestes jornades d&#8217;acollida s&#8217;emmarquen dins del comprom\u00eds de la instituci\u00f3 amb el benestar, la formaci\u00f3 i l&#8217;acompanyament dels nous professionals, refor\u00e7ant aix\u00ed la cohesi\u00f3 i la qualitat assistencial del nostre centre, especialment en per\u00edodes d&#8217;alta activitat com l&#8217;estiu. Els assistents van expressar&nbsp;el seu agra\u00efment, destacant que no \u00e9s habitual trobar iniciatives similars en altres llocs de treball. Van valorar molt positivament la utilitat de la sessi\u00f3 per comprendre el funcionament b\u00e0sic de la instituci\u00f3 i van agrair especialment que es dugui a terme abans de la seva incorporaci\u00f3 als equips.<\/p>\n\n\n\n<div class=\"wp-block-getwid-images-slider has-arrows-inside has-dots-inside has-images-center has-cropped-images\"><div class=\"wp-block-getwid-images-slider__wrapper\" data-effect=\"slide\" data-slides-show=\"1\" data-slides-show-laptop=\"1\" data-slides-show-tablet=\"1\" data-slides-show-mobile=\"1\" data-slides-scroll=\"1\" data-autoplay=\"false\" data-pause-hover=\"false\" data-autoplay-speed=\"6000\" data-infinite=\"true\" data-animation-speed=\"800\" data-center-mode=\"false\" data-variable-width=\"false\" data-arrows=\"inside\" data-dots=\"inside\" data-spacing=\"none\"><div class=\"wp-block-getwid-images-slider__item\"><figure><img loading=\"lazy\" decoding=\"async\" width=\"2560\" height=\"1928\" src=\"https:\/\/fundaciohospitalariesmartorell.org\/entre-tots\/wp-content\/uploads\/2025\/07\/IMG20250710122212-scaled.jpg\" data-id=\"11780\" data-link=\"https:\/\/fundaciohospitalariesmartorell.org\/entre-tots\/2025\/07\/donem-la-benvinguda-a-50-nous-professionals-que-reforcaran-els-equips-assistencials-aquest-estiu\/img20250710122212\/\" data-original-link=\"https:\/\/fundaciohospitalariesmartorell.org\/entre-tots\/wp-content\/uploads\/2025\/07\/IMG20250710122212-scaled.jpg\" class=\"wp-block-getwid-images-slider__image wp-image-11780\" srcset=\"https:\/\/fundaciohospitalariesmartorell.org\/entre-tots\/wp-content\/uploads\/2025\/07\/IMG20250710122212-scaled.jpg 2560w, https:\/\/fundaciohospitalariesmartorell.org\/entre-tots\/wp-content\/uploads\/2025\/07\/IMG20250710122212-300x226.jpg 300w, https:\/\/fundaciohospitalariesmartorell.org\/entre-tots\/wp-content\/uploads\/2025\/07\/IMG20250710122212-1024x771.jpg 1024w, https:\/\/fundaciohospitalariesmartorell.org\/entre-tots\/wp-content\/uploads\/2025\/07\/IMG20250710122212-768x578.jpg 768w, https:\/\/fundaciohospitalariesmartorell.org\/entre-tots\/wp-content\/uploads\/2025\/07\/IMG20250710122212-1536x1157.jpg 1536w, https:\/\/fundaciohospitalariesmartorell.org\/entre-tots\/wp-content\/uploads\/2025\/07\/IMG20250710122212-2048x1542.jpg 2048w, https:\/\/fundaciohospitalariesmartorell.org\/entre-tots\/wp-content\/uploads\/2025\/07\/IMG20250710122212-1320x994.jpg 1320w\" sizes=\"auto, (max-width: 2560px) 100vw, 2560px\" \/><\/figure><\/div><div class=\"wp-block-getwid-images-slider__item\"><figure><img loading=\"lazy\" decoding=\"async\" width=\"2560\" height=\"1441\" src=\"https:\/\/fundaciohospitalariesmartorell.org\/entre-tots\/wp-content\/uploads\/2025\/07\/20250617_101527-1-scaled.jpg\" data-id=\"11784\" data-link=\"https:\/\/fundaciohospitalariesmartorell.org\/entre-tots\/2025\/07\/donem-la-benvinguda-a-50-nous-professionals-que-reforcaran-els-equips-assistencials-aquest-estiu\/20250617_101527-1\/\" data-original-link=\"https:\/\/fundaciohospitalariesmartorell.org\/entre-tots\/wp-content\/uploads\/2025\/07\/20250617_101527-1-scaled.jpg\" class=\"wp-block-getwid-images-slider__image wp-image-11784\" srcset=\"https:\/\/fundaciohospitalariesmartorell.org\/entre-tots\/wp-content\/uploads\/2025\/07\/20250617_101527-1-scaled.jpg 2560w, https:\/\/fundaciohospitalariesmartorell.org\/entre-tots\/wp-content\/uploads\/2025\/07\/20250617_101527-1-300x169.jpg 300w, https:\/\/fundaciohospitalariesmartorell.org\/entre-tots\/wp-content\/uploads\/2025\/07\/20250617_101527-1-1024x577.jpg 1024w, https:\/\/fundaciohospitalariesmartorell.org\/entre-tots\/wp-content\/uploads\/2025\/07\/20250617_101527-1-768x432.jpg 768w, https:\/\/fundaciohospitalariesmartorell.org\/entre-tots\/wp-content\/uploads\/2025\/07\/20250617_101527-1-1536x865.jpg 1536w, https:\/\/fundaciohospitalariesmartorell.org\/entre-tots\/wp-content\/uploads\/2025\/07\/20250617_101527-1-2048x1153.jpg 2048w, https:\/\/fundaciohospitalariesmartorell.org\/entre-tots\/wp-content\/uploads\/2025\/07\/20250617_101527-1-1320x743.jpg 1320w\" sizes=\"auto, (max-width: 2560px) 100vw, 2560px\" \/><\/figure><\/div><div class=\"wp-block-getwid-images-slider__item\"><figure><img loading=\"lazy\" decoding=\"async\" width=\"2560\" height=\"1441\" src=\"https:\/\/fundaciohospitalariesmartorell.org\/entre-tots\/wp-content\/uploads\/2025\/07\/20250617_131629-scaled.jpg\" data-id=\"11781\" data-link=\"https:\/\/fundaciohospitalariesmartorell.org\/entre-tots\/2025\/07\/donem-la-benvinguda-a-50-nous-professionals-que-reforcaran-els-equips-assistencials-aquest-estiu\/20250617_131629\/\" data-original-link=\"https:\/\/fundaciohospitalariesmartorell.org\/entre-tots\/wp-content\/uploads\/2025\/07\/20250617_131629-scaled.jpg\" class=\"wp-block-getwid-images-slider__image wp-image-11781\" srcset=\"https:\/\/fundaciohospitalariesmartorell.org\/entre-tots\/wp-content\/uploads\/2025\/07\/20250617_131629-scaled.jpg 2560w, https:\/\/fundaciohospitalariesmartorell.org\/entre-tots\/wp-content\/uploads\/2025\/07\/20250617_131629-300x169.jpg 300w, https:\/\/fundaciohospitalariesmartorell.org\/entre-tots\/wp-content\/uploads\/2025\/07\/20250617_131629-1024x577.jpg 1024w, https:\/\/fundaciohospitalariesmartorell.org\/entre-tots\/wp-content\/uploads\/2025\/07\/20250617_131629-768x432.jpg 768w, https:\/\/fundaciohospitalariesmartorell.org\/entre-tots\/wp-content\/uploads\/2025\/07\/20250617_131629-1536x865.jpg 1536w, https:\/\/fundaciohospitalariesmartorell.org\/entre-tots\/wp-content\/uploads\/2025\/07\/20250617_131629-2048x1153.jpg 2048w, https:\/\/fundaciohospitalariesmartorell.org\/entre-tots\/wp-content\/uploads\/2025\/07\/20250617_131629-1320x743.jpg 1320w\" sizes=\"auto, (max-width: 2560px) 100vw, 2560px\" \/><\/figure><\/div><div class=\"wp-block-getwid-images-slider__item\"><figure><img loading=\"lazy\" decoding=\"async\" width=\"2560\" height=\"1441\" src=\"https:\/\/fundaciohospitalariesmartorell.org\/entre-tots\/wp-content\/uploads\/2025\/07\/20250617_101052-scaled.jpg\" data-id=\"11782\" data-link=\"https:\/\/fundaciohospitalariesmartorell.org\/entre-tots\/2025\/07\/donem-la-benvinguda-a-50-nous-professionals-que-reforcaran-els-equips-assistencials-aquest-estiu\/20250617_101052\/\" data-original-link=\"https:\/\/fundaciohospitalariesmartorell.org\/entre-tots\/wp-content\/uploads\/2025\/07\/20250617_101052-scaled.jpg\" class=\"wp-block-getwid-images-slider__image wp-image-11782\" srcset=\"https:\/\/fundaciohospitalariesmartorell.org\/entre-tots\/wp-content\/uploads\/2025\/07\/20250617_101052-scaled.jpg 2560w, https:\/\/fundaciohospitalariesmartorell.org\/entre-tots\/wp-content\/uploads\/2025\/07\/20250617_101052-300x169.jpg 300w, https:\/\/fundaciohospitalariesmartorell.org\/entre-tots\/wp-content\/uploads\/2025\/07\/20250617_101052-1024x577.jpg 1024w, https:\/\/fundaciohospitalariesmartorell.org\/entre-tots\/wp-content\/uploads\/2025\/07\/20250617_101052-768x432.jpg 768w, https:\/\/fundaciohospitalariesmartorell.org\/entre-tots\/wp-content\/uploads\/2025\/07\/20250617_101052-1536x865.jpg 1536w, https:\/\/fundaciohospitalariesmartorell.org\/entre-tots\/wp-content\/uploads\/2025\/07\/20250617_101052-2048x1153.jpg 2048w, https:\/\/fundaciohospitalariesmartorell.org\/entre-tots\/wp-content\/uploads\/2025\/07\/20250617_101052-1320x743.jpg 1320w\" sizes=\"auto, (max-width: 2560px) 100vw, 2560px\" \/><\/figure><\/div><\/div><\/div>\n","protected":false},"excerpt":{"rendered":"<p>Els dies 17 de juny i 10 de juliol es van dur a terme dues sessions d\u2019acollida per a nous professionals, amb l\u2019objectiu de facilitar la seva integraci\u00f3 a la nostra instituci\u00f3 i transmetre&#8217;ls els valors, la missi\u00f3 i l\u2019organitzaci\u00f3 dels serveis. La primera jornada va comptar amb l\u2019assist\u00e8ncia de 36 professionals, mentre que el [&hellip;]<\/p>\n","protected":false},"author":6,"featured_media":11774,"comment_status":"closed","ping_status":"closed","sticky":false,"template":"","format":"standard","meta":{"footnotes":""},"categories":[27],"tags":[],"class_list":["post-11772","post","type-post","status-publish","format-standard","has-post-thumbnail","hentry","category-actualitat"],"blocksy_meta":[],"featured_image_urls_v2":{"full":["https:\/\/fundaciohospitalariesmartorell.org\/entre-tots\/wp-content\/uploads\/2025\/07\/20250617_131237-scaled-e1752661897193.jpg",2193,1441,false],"thumbnail":["https:\/\/fundaciohospitalariesmartorell.org\/entre-tots\/wp-content\/uploads\/2025\/07\/20250617_131237-scaled-e1752661897193-150x150.jpg",150,150,true],"medium":["https:\/\/fundaciohospitalariesmartorell.org\/entre-tots\/wp-content\/uploads\/2025\/07\/20250617_131237-scaled-e1752661897193-300x197.jpg",300,197,true],"medium_large":["https:\/\/fundaciohospitalariesmartorell.org\/entre-tots\/wp-content\/uploads\/2025\/07\/20250617_131237-scaled-e1752661897193-768x505.jpg",768,505,true],"large":["https:\/\/fundaciohospitalariesmartorell.org\/entre-tots\/wp-content\/uploads\/2025\/07\/20250617_131237-scaled-e1752661897193-1024x673.jpg",1024,673,true],"1536x1536":["https:\/\/fundaciohospitalariesmartorell.org\/entre-tots\/wp-content\/uploads\/2025\/07\/20250617_131237-scaled-e1752661897193-1536x1009.jpg",1536,1009,true],"2048x2048":["https:\/\/fundaciohospitalariesmartorell.org\/entre-tots\/wp-content\/uploads\/2025\/07\/20250617_131237-scaled-e1752661897193-2048x1346.jpg",2048,1346,true],"mailpoet_newsletter_max":["https:\/\/fundaciohospitalariesmartorell.org\/entre-tots\/wp-content\/uploads\/2025\/07\/20250617_131237-scaled-e1752661897193-1320x867.jpg",1320,867,true]},"post_excerpt_stackable_v2":"<p>Els dies 17 de juny i 10 de juliol es van dur a terme dues sessions d\u2019acollida per a nous professionals, amb l\u2019objectiu de facilitar la seva integraci\u00f3 a la nostra instituci\u00f3 i transmetre&#8217;ls els valors, la missi\u00f3 i l\u2019organitzaci\u00f3 dels serveis. La primera jornada va comptar amb l\u2019assist\u00e8ncia de 36 professionals, mentre que el 10 de juliol n&#8217;hi van participar 14 m\u00e9s. La jornada del dia 17 es va iniciar a les 8h amb l\u2019acollida per part de l\u2019\u00c0rea de Persones, que va incloure el lliurament de documentaci\u00f3 i uniformitat. A continuaci\u00f3, de 10.00 a 13.30 h, es va&hellip;<\/p>\n","category_list_v2":"<a href=\"https:\/\/fundaciohospitalariesmartorell.org\/entre-tots\/category\/actualitat\/\" rel=\"category tag\">ACTUALITAT<\/a>","author_info_v2":{"name":"Martorell_comunicacio","url":"https:\/\/fundaciohospitalariesmartorell.org\/entre-tots\/author\/martorell_comunicacio\/"},"comments_num_v2":"0 comments","_links":{"self":[{"href":"https:\/\/fundaciohospitalariesmartorell.org\/entre-tots\/wp-json\/wp\/v2\/posts\/11772","targetHints":{"allow":["GET"]}}],"collection":[{"href":"https:\/\/fundaciohospitalariesmartorell.org\/entre-tots\/wp-json\/wp\/v2\/posts"}],"about":[{"href":"https:\/\/fundaciohospitalariesmartorell.org\/entre-tots\/wp-json\/wp\/v2\/types\/post"}],"author":[{"embeddable":true,"href":"https:\/\/fundaciohospitalariesmartorell.org\/entre-tots\/wp-json\/wp\/v2\/users\/6"}],"replies":[{"embeddable":true,"href":"https:\/\/fundaciohospitalariesmartorell.org\/entre-tots\/wp-json\/wp\/v2\/comments?post=11772"}],"version-history":[{"count":6,"href":"https:\/\/fundaciohospitalariesmartorell.org\/entre-tots\/wp-json\/wp\/v2\/posts\/11772\/revisions"}],"predecessor-version":[{"id":11788,"href":"https:\/\/fundaciohospitalariesmartorell.org\/entre-tots\/wp-json\/wp\/v2\/posts\/11772\/revisions\/11788"}],"wp:featuredmedia":[{"embeddable":true,"href":"https:\/\/fundaciohospitalariesmartorell.org\/entre-tots\/wp-json\/wp\/v2\/media\/11774"}],"wp:attachment":[{"href":"https:\/\/fundaciohospitalariesmartorell.org\/entre-tots\/wp-json\/wp\/v2\/media?parent=11772"}],"wp:term":[{"taxonomy":"category","embeddable":true,"href":"https:\/\/fundaciohospitalariesmartorell.org\/entre-tots\/wp-json\/wp\/v2\/categories?post=11772"},{"taxonomy":"post_tag","embeddable":true,"href":"https:\/\/fundaciohospitalariesmartorell.org\/entre-tots\/wp-json\/wp\/v2\/tags?post=11772"}],"curies":[{"name":"wp","href":"https:\/\/api.w.org\/{rel}","templated":true}]}}