{"id":11789,"date":"2025-07-23T12:41:14","date_gmt":"2025-07-23T11:41:14","guid":{"rendered":"https:\/\/fundaciohospitalariesmartorell.org\/entre-tots\/?p=11789"},"modified":"2025-07-28T09:00:12","modified_gmt":"2025-07-28T08:00:12","slug":"martorell-treballa-en-lobertura-duna-nova-unitat-especialitzada-per-a-joves-amb-discapacitat-intellectual-i-trastorns-greus-de-conducta","status":"publish","type":"post","link":"https:\/\/fundaciohospitalariesmartorell.org\/entre-tots\/2025\/07\/martorell-treballa-en-lobertura-duna-nova-unitat-especialitzada-per-a-joves-amb-discapacitat-intellectual-i-trastorns-greus-de-conducta\/","title":{"rendered":"Martorell treballa en l&#8217;obertura d&#8217;una nova unitat especialitzada per a joves amb discapacitat intel\u00b7lectual i trastorns greus de conducta"},"content":{"rendered":"\n<figure class=\"wp-block-image size-large\"><img loading=\"lazy\" decoding=\"async\" width=\"1024\" height=\"680\" src=\"https:\/\/fundaciohospitalariesmartorell.org\/entre-tots\/wp-content\/uploads\/2025\/07\/06A8102-1024x680.jpg\" alt=\"\" class=\"wp-image-11809\" srcset=\"https:\/\/fundaciohospitalariesmartorell.org\/entre-tots\/wp-content\/uploads\/2025\/07\/06A8102-1024x680.jpg 1024w, https:\/\/fundaciohospitalariesmartorell.org\/entre-tots\/wp-content\/uploads\/2025\/07\/06A8102-300x199.jpg 300w, https:\/\/fundaciohospitalariesmartorell.org\/entre-tots\/wp-content\/uploads\/2025\/07\/06A8102-768x510.jpg 768w, https:\/\/fundaciohospitalariesmartorell.org\/entre-tots\/wp-content\/uploads\/2025\/07\/06A8102-1536x1019.jpg 1536w, https:\/\/fundaciohospitalariesmartorell.org\/entre-tots\/wp-content\/uploads\/2025\/07\/06A8102-2048x1359.jpg 2048w, https:\/\/fundaciohospitalariesmartorell.org\/entre-tots\/wp-content\/uploads\/2025\/07\/06A8102-1320x876.jpg 1320w\" sizes=\"auto, (max-width: 1024px) 100vw, 1024px\" \/><\/figure>\n\n\n\n<p>Per enc\u00e0rrec del Departament de Salut i, espec\u00edficament, del Pla Director de Salut Mental, la Fundaci\u00f3 Hospital\u00e0ries Martorell est\u00e0 treballant en la posada en marxa d\u2019una nova unitat de mitja estada&nbsp;especialitzada en l\u2019atenci\u00f3 a joves d\u2019entre 18 i 25 anys&nbsp;amb Discapacitat Intel\u00b7lectual (DI)&nbsp;i, sovint, Trastorn de l\u2019Espectre Autista (TEA), que pateixen greus trastorns de conducta&nbsp;i han mostrat una resposta insuficient a intervencions pr\u00e8vies en altres recursos assistencials.<\/p>\n\n\n\n<p>La previsi\u00f3 \u00e9s que la nova unitat s&#8217;ubiqui a l&#8217;edifici nou i es converteixi en un recurs pioner a Catalunya dins d\u2019un projecte assistencial de car\u00e0cter supraterritorial que doni cobertura a una poblaci\u00f3 amb necessitats complexes, integrant l\u2019atenci\u00f3 sanit\u00e0ria, social i comunit\u00e0ria.<\/p>\n\n\n\n<h2 class=\"wp-block-heading has-large-font-size\"><strong>Un projecte d\u2019atenci\u00f3 integral i especialitzada<\/strong><\/h2>\n\n\n\n<p>La futura unitat oferir\u00e0 atenci\u00f3 intensiva multidisciplin\u00e0ria&nbsp;en r\u00e8gim d\u2019hospitalitzaci\u00f3, amb una capacitat prevista per a 15 llits&nbsp;i una estada mitjana de 18 a 24 mesos. El model assistencial estar\u00e0 centrat en la persona i la seva fam\u00edlia, amb un enfocament estructurat i personalitzat, i amb una clara orientaci\u00f3 a la inclusi\u00f3 comunit\u00e0ria.<\/p>\n\n\n\n<p><strong>El programa es desplegar\u00e0 en tres l\u00ednies principals:<\/strong><\/p>\n\n\n\n<ul class=\"wp-block-list\">\n<li>Hospitalitzaci\u00f3 especialitzada i sostinguda, per a pacients amb trastorns greus de conducta i perfils d\u2019alta complexitat.<\/li>\n\n\n\n<li>Programa de suport comunitari, per facilitar la transici\u00f3 progressiva cap a la vida en comunitat.<\/li>\n\n\n\n<li>Programa d\u2019orientaci\u00f3 familiar, amb intervencions espec\u00edfiques per millorar el maneig conductual i emocional a l\u2019entorn familiar.<\/li>\n<\/ul>\n\n\n\n<p>La nova unitat de Martorell se sumar\u00e0 a altres dues que tamb\u00e9 s\u2019estan desenvolupant dins del mateix projecte: una a Sant Boi i una altra a Barcelona Nord\/Caldes de Malavella, totes elles sota la coordinaci\u00f3 de la Fundaci\u00f3 Hospital\u00e0ries. Aquest conjunt de recursos especialitzats t\u00e9 l\u2019objectiu de garantir una atenci\u00f3 integral, coordinada i cont\u00ednua que permeti millorar la qualitat de vida d\u2019aquests joves i les seves fam\u00edlies, reduint alhora la pressi\u00f3 sobre els serveis hospitalaris generals.&nbsp;<\/p>\n","protected":false},"excerpt":{"rendered":"<p>Per enc\u00e0rrec del Departament de Salut i, espec\u00edficament, del Pla Director de Salut Mental, la Fundaci\u00f3 Hospital\u00e0ries Martorell est\u00e0 treballant en la posada en marxa d\u2019una nova unitat de mitja estada&nbsp;especialitzada en l\u2019atenci\u00f3 a joves d\u2019entre 18 i 25 anys&nbsp;amb Discapacitat Intel\u00b7lectual (DI)&nbsp;i, sovint, Trastorn de l\u2019Espectre Autista (TEA), que pateixen greus trastorns de conducta&nbsp;i [&hellip;]<\/p>\n","protected":false},"author":6,"featured_media":11809,"comment_status":"closed","ping_status":"closed","sticky":false,"template":"","format":"standard","meta":{"footnotes":""},"categories":[27],"tags":[],"class_list":["post-11789","post","type-post","status-publish","format-standard","has-post-thumbnail","hentry","category-actualitat"],"blocksy_meta":[],"featured_image_urls_v2":{"full":["https:\/\/fundaciohospitalariesmartorell.org\/entre-tots\/wp-content\/uploads\/2025\/07\/06A8102-scaled.jpg",2560,1699,false],"thumbnail":["https:\/\/fundaciohospitalariesmartorell.org\/entre-tots\/wp-content\/uploads\/2025\/07\/06A8102-150x150.jpg",150,150,true],"medium":["https:\/\/fundaciohospitalariesmartorell.org\/entre-tots\/wp-content\/uploads\/2025\/07\/06A8102-300x199.jpg",300,199,true],"medium_large":["https:\/\/fundaciohospitalariesmartorell.org\/entre-tots\/wp-content\/uploads\/2025\/07\/06A8102-768x510.jpg",768,510,true],"large":["https:\/\/fundaciohospitalariesmartorell.org\/entre-tots\/wp-content\/uploads\/2025\/07\/06A8102-1024x680.jpg",1024,680,true],"1536x1536":["https:\/\/fundaciohospitalariesmartorell.org\/entre-tots\/wp-content\/uploads\/2025\/07\/06A8102-1536x1019.jpg",1536,1019,true],"2048x2048":["https:\/\/fundaciohospitalariesmartorell.org\/entre-tots\/wp-content\/uploads\/2025\/07\/06A8102-2048x1359.jpg",2048,1359,true],"mailpoet_newsletter_max":["https:\/\/fundaciohospitalariesmartorell.org\/entre-tots\/wp-content\/uploads\/2025\/07\/06A8102-1320x876.jpg",1320,876,true]},"post_excerpt_stackable_v2":"<p>Per enc\u00e0rrec del Departament de Salut i, espec\u00edficament, del Pla Director de Salut Mental, la Fundaci\u00f3 Hospital\u00e0ries Martorell est\u00e0 treballant en la posada en marxa d\u2019una nova unitat de mitja estada&nbsp;especialitzada en l\u2019atenci\u00f3 a joves d\u2019entre 18 i 25 anys&nbsp;amb Discapacitat Intel\u00b7lectual (DI)&nbsp;i, sovint, Trastorn de l\u2019Espectre Autista (TEA), que pateixen greus trastorns de conducta&nbsp;i han mostrat una resposta insuficient a intervencions pr\u00e8vies en altres recursos assistencials. La previsi\u00f3 \u00e9s que la nova unitat s&#8217;ubiqui a l&#8217;edifici nou i es converteixi en un recurs pioner a Catalunya dins d\u2019un projecte assistencial de car\u00e0cter supraterritorial que doni cobertura a una poblaci\u00f3&hellip;<\/p>\n","category_list_v2":"<a href=\"https:\/\/fundaciohospitalariesmartorell.org\/entre-tots\/category\/actualitat\/\" rel=\"category tag\">ACTUALITAT<\/a>","author_info_v2":{"name":"Martorell_comunicacio","url":"https:\/\/fundaciohospitalariesmartorell.org\/entre-tots\/author\/martorell_comunicacio\/"},"comments_num_v2":"0 comments","_links":{"self":[{"href":"https:\/\/fundaciohospitalariesmartorell.org\/entre-tots\/wp-json\/wp\/v2\/posts\/11789","targetHints":{"allow":["GET"]}}],"collection":[{"href":"https:\/\/fundaciohospitalariesmartorell.org\/entre-tots\/wp-json\/wp\/v2\/posts"}],"about":[{"href":"https:\/\/fundaciohospitalariesmartorell.org\/entre-tots\/wp-json\/wp\/v2\/types\/post"}],"author":[{"embeddable":true,"href":"https:\/\/fundaciohospitalariesmartorell.org\/entre-tots\/wp-json\/wp\/v2\/users\/6"}],"replies":[{"embeddable":true,"href":"https:\/\/fundaciohospitalariesmartorell.org\/entre-tots\/wp-json\/wp\/v2\/comments?post=11789"}],"version-history":[{"count":4,"href":"https:\/\/fundaciohospitalariesmartorell.org\/entre-tots\/wp-json\/wp\/v2\/posts\/11789\/revisions"}],"predecessor-version":[{"id":11811,"href":"https:\/\/fundaciohospitalariesmartorell.org\/entre-tots\/wp-json\/wp\/v2\/posts\/11789\/revisions\/11811"}],"wp:featuredmedia":[{"embeddable":true,"href":"https:\/\/fundaciohospitalariesmartorell.org\/entre-tots\/wp-json\/wp\/v2\/media\/11809"}],"wp:attachment":[{"href":"https:\/\/fundaciohospitalariesmartorell.org\/entre-tots\/wp-json\/wp\/v2\/media?parent=11789"}],"wp:term":[{"taxonomy":"category","embeddable":true,"href":"https:\/\/fundaciohospitalariesmartorell.org\/entre-tots\/wp-json\/wp\/v2\/categories?post=11789"},{"taxonomy":"post_tag","embeddable":true,"href":"https:\/\/fundaciohospitalariesmartorell.org\/entre-tots\/wp-json\/wp\/v2\/tags?post=11789"}],"curies":[{"name":"wp","href":"https:\/\/api.w.org\/{rel}","templated":true}]}}