{"id":11797,"date":"2025-07-28T08:27:14","date_gmt":"2025-07-28T07:27:14","guid":{"rendered":"https:\/\/fundaciohospitalariesmartorell.org\/entre-tots\/?p=11797"},"modified":"2025-07-28T08:27:14","modified_gmt":"2025-07-28T07:27:14","slug":"avancem-en-el-nostre-compliment-dels-qualityrights-un-model-per-a-humanitzar-latencio-en-salut-mental","status":"publish","type":"post","link":"https:\/\/fundaciohospitalariesmartorell.org\/entre-tots\/2025\/07\/avancem-en-el-nostre-compliment-dels-qualityrights-un-model-per-a-humanitzar-latencio-en-salut-mental\/","title":{"rendered":"Avancem en el nostre compliment dels\u00a0QualityRights, un model per a humanitzar l&#8217;atenci\u00f3 en salut mental"},"content":{"rendered":"\n<figure class=\"wp-block-image size-large\"><img loading=\"lazy\" decoding=\"async\" width=\"1024\" height=\"748\" src=\"https:\/\/fundaciohospitalariesmartorell.org\/entre-tots\/wp-content\/uploads\/2025\/07\/image-6-1024x748.png\" alt=\"\" class=\"wp-image-11798\" srcset=\"https:\/\/fundaciohospitalariesmartorell.org\/entre-tots\/wp-content\/uploads\/2025\/07\/image-6-1024x748.png 1024w, https:\/\/fundaciohospitalariesmartorell.org\/entre-tots\/wp-content\/uploads\/2025\/07\/image-6-300x219.png 300w, https:\/\/fundaciohospitalariesmartorell.org\/entre-tots\/wp-content\/uploads\/2025\/07\/image-6-768x561.png 768w, https:\/\/fundaciohospitalariesmartorell.org\/entre-tots\/wp-content\/uploads\/2025\/07\/image-6.png 1200w\" sizes=\"auto, (max-width: 1024px) 100vw, 1024px\" \/><\/figure>\n\n\n\n<p>El model QualityRights, inspirat en la Convenci\u00f3 de les Nacions Unides sobre els Drets de les Persones amb Discapacitat, busca transformar l&#8217;atenci\u00f3 en salut mental a trav\u00e9s de la promoci\u00f3 activa dels drets humans, la millora de la qualitat assistencial i l&#8217;apoderament tant de les persones ateses com dels equips professionals.<\/p>\n\n\n\n<p>A escala internacional, aquest enfocament impulsa una transformaci\u00f3 estructural en els serveis: menys pr\u00e0ctiques coercitives, m\u00e9s participaci\u00f3 activa de les persones usu\u00e0ries i una atenci\u00f3 centrada en la dignitat, l&#8217;autonomia i el proc\u00e9s de recuperaci\u00f3.<\/p>\n\n\n\n<p>La <a href=\"https:\/\/fundaciohospitalariesmartorell.org\/entre-tots\/2025\/05\/sant-joan-de-deu-i-la-fundacio-hospitalaries-impulsen-el-desplegament-del-model-qualityrights-a-catalunya\/\" data-type=\"post\" data-id=\"11467\">Fundaci\u00f3 Hospital\u00e0ries i l\u2019Orde Hospitalari Sant Joan de D\u00e9u<\/a> ja han comen\u00e7at a treballar en un projecte conjunt fruit d\u2019un acord de col\u00b7laboraci\u00f3 entre ambdues institucions per refor\u00e7ar el model de drets humans en l\u2019atenci\u00f3 en salut mental, per enc\u00e0rrec del Departament de Salut de la Generalitat de Catalunya, i amb l\u2019assessorament de l\u2019Organitzaci\u00f3 Mundial de la Salut (OMS).<\/p>\n\n\n\n<p><strong>Diagnosi en marxa als centres assistencials<\/strong><\/p>\n\n\n\n<p>Com a part fonamental d\u2019aquest proc\u00e9s, el Pla Director de Salut Mental i Addiccions ha encarregat a les dues institucions la realitzaci\u00f3 d\u2019una diagnosi detallada sobre com s\u2019est\u00e0 aplicant, en la pr\u00e0ctica, aquest model de drets a Catalunya. Es tracta de veure en quin grau s\u2019estan complint els compromisos adquirits amb l\u2019aprovaci\u00f3 del Pacte Nacional de Salut Mental \u2014fruit d\u2019una col\u00b7laboraci\u00f3 pr\u00e8via entre la Generalitat i l\u2019OMS entre 2023 i 2024\u2014 i de traslladar aquest marc a la realitat assistencial.<\/p>\n\n\n\n<p>A tall d\u2019exemple, <a href=\"https:\/\/www.instagram.com\/p\/DLp9aLOqau6\/\">alguns projectes humanitzadors de l\u2019atenci\u00f3 en salut mental<\/a>, dins del model de QualityRights, que ja s\u2019estan desenvolupant en centres de la Fundaci\u00f3 Hospital\u00e0ries i de Sant Joan de D\u00e9u a Catalunya, s\u00f3n:<\/p>\n\n\n\n<ul class=\"wp-block-list\">\n<li>Hort terap\u00e8utic, que fomenta l\u2019oci, l\u2019autonomia i la socialitzaci\u00f3.<\/li>\n\n\n\n<li>Sessions de pla de treball individualitzat, on la persona usu\u00e0ria exposa al seu equip de seguiment els seus desitjos vitals i com pot millorar el tractament.<\/li>\n\n\n\n<li>Sales multisensorials Snoezelen, que busquen la relaxaci\u00f3 i reduir l\u2019ansietat i l\u2019estr\u00e8s, aix\u00ed com l\u2019agitaci\u00f3 i les alteracions conductuals.<\/li>\n\n\n\n<li>Activitat esportiva adaptada als interessos i capacitats de les persones ateses (amb el suport d\u2019Sport2live).<\/li>\n\n\n\n<li>Centre Especial de Treball (Mennintegra\u2019t Job), que facilita la inserci\u00f3 laboral i comunit\u00e0ria de persones amb problemes de salut mental o discapacitat.<\/li>\n\n\n\n<li>Programa amb l&#8217;objectiu de reduir els ingressos involuntaris de persones amb un problema de salut mental, mitjan\u00e7ant un sistema que facilita la conversi\u00f3 d\u2019ingressos involuntaris en voluntaris.<\/li>\n\n\n\n<li>Abordatge dels trastorns de la conducta aliment\u00e0ria des de l\u2019autonomia i corresponsabilitat de la persona atesa en el seu proc\u00e9s terap\u00e8utic.<\/li>\n\n\n\n<li>Joc de cartes antiestigma sobre psicosi, cocreat amb usuaris, millora la psicoeducaci\u00f3, augmenta l\u2019empoderament i la lluita contra l\u2019estigma.<\/li>\n\n\n\n<li>Ulleres de realitat virtual per reduir els nivells d\u2019estr\u00e8s a les presons amb un projecte de realitat virtual.<\/li>\n\n\n\n<li>Sala de la calma, un espai per reduir l\u2019estr\u00e8s i l\u2019ansietat que els mateixos pacients demanen quan ho necessiten.<\/li>\n\n\n\n<li>Un avatar virtual que millora els s\u00edmptomes del 90 % de persones diagnosticades d\u2019esquizofr\u00e8nia (Avatar VR).<\/li>\n\n\n\n<li>Unitat terap\u00e8utica educativa i residencial per a infants i joves amb trastorns de salut mental (Acompanya\u2019m).<\/li>\n\n\n\n<li>Centre de control i monitoritzaci\u00f3 de pacients d&#8217;\u00faltima generaci\u00f3 per estar en contacte permanent (C\u00f2rtex).<\/li>\n<\/ul>\n\n\n\n<p>La diagnosi de l\u2019aplicaci\u00f3 dels QualityRights, iniciada el 9 de mar\u00e7 de 2025, t\u00e9 una durada prevista de tres anys i es dur\u00e0 a terme en set centres d\u2019ambdues organitzacions. Per part de la Fundaci\u00f3 Hospital\u00e0ries, hi participen la Fundaci\u00f3 Hospital\u00e0ries Barcelona, la Fundaci\u00f3 Hospital\u00e0ries Barcelona Nord, la Fundaci\u00f3 Hospital\u00e0ries Martorell i la Fundaci\u00f3 Hospital\u00e0ries Sant Boi. Per part de Sant Joan de D\u00e9u, hi prenen part el Parc Sanitari Sant Joan de D\u00e9u, l\u2019Hospital Sant Joan de D\u00e9u Barcelona i Sant Joan de D\u00e9u Terres de Lleida.<\/p>\n\n\n\n<p>A cada centre, s\u2019analitzaran 115 \u00edtems definits per l\u2019OMS amb l\u2019objectiu d\u2019avaluar si els serveis garanteixen un tracte digne i centrat en els drets la persona. El proc\u00e9s inclou visites a instal\u00b7lacions, entrevistes a professionals, aix\u00ed com a persones usu\u00e0ries i fam\u00edlies. Els resultats obtinguts serviran com a base per estendre el model a tot el territori.<\/p>\n\n\n\n<p>La primera entitat que ha entrat en fase d\u2019an\u00e0lisi \u00e9s la Fundaci\u00f3 Hospital\u00e0ries Barcelona Nord, que a dia d\u2019avui ja ha completat les entrevistes a professionals sobre els 115 \u00edtems establerts. Un exemple de bona pr\u00e0ctica vinculada a QualityRights que s\u2019incorporar\u00e0 pr\u00f2ximament en aquest centre -i que s\u2019ha identificat a partir d\u2019aquestes entrevistes- \u00e9s l\u2019aplicaci\u00f3 d\u2019un sistema de gesti\u00f3 del temps impulsat pels mateixos\/es professionals. L\u2019objectiu \u00e9s evitar que les persones ateses hagin de dependre d\u2019alarmes comunes, una pr\u00e0ctica que s\u2019aproxima m\u00e9s a un r\u00e8gim de privaci\u00f3 de llibertat que no pas a l\u2019atenci\u00f3 sanit\u00e0ria.<\/p>\n","protected":false},"excerpt":{"rendered":"<p>El model QualityRights, inspirat en la Convenci\u00f3 de les Nacions Unides sobre els Drets de les Persones amb Discapacitat, busca transformar l&#8217;atenci\u00f3 en salut mental a trav\u00e9s de la promoci\u00f3 activa dels drets humans, la millora de la qualitat assistencial i l&#8217;apoderament tant de les persones ateses com dels equips professionals. A escala internacional, aquest [&hellip;]<\/p>\n","protected":false},"author":6,"featured_media":11798,"comment_status":"closed","ping_status":"","sticky":false,"template":"","format":"standard","meta":{"footnotes":""},"categories":[27,61,57],"tags":[],"class_list":["post-11797","post","type-post","status-publish","format-standard","has-post-thumbnail","hentry","category-actualitat","category-societat","category-usuaris-es"],"blocksy_meta":[],"featured_image_urls_v2":{"full":["https:\/\/fundaciohospitalariesmartorell.org\/entre-tots\/wp-content\/uploads\/2025\/07\/image-6.png",1200,876,false],"thumbnail":["https:\/\/fundaciohospitalariesmartorell.org\/entre-tots\/wp-content\/uploads\/2025\/07\/image-6-150x150.png",150,150,true],"medium":["https:\/\/fundaciohospitalariesmartorell.org\/entre-tots\/wp-content\/uploads\/2025\/07\/image-6-300x219.png",300,219,true],"medium_large":["https:\/\/fundaciohospitalariesmartorell.org\/entre-tots\/wp-content\/uploads\/2025\/07\/image-6-768x561.png",768,561,true],"large":["https:\/\/fundaciohospitalariesmartorell.org\/entre-tots\/wp-content\/uploads\/2025\/07\/image-6-1024x748.png",1024,748,true],"1536x1536":["https:\/\/fundaciohospitalariesmartorell.org\/entre-tots\/wp-content\/uploads\/2025\/07\/image-6.png",1200,876,false],"2048x2048":["https:\/\/fundaciohospitalariesmartorell.org\/entre-tots\/wp-content\/uploads\/2025\/07\/image-6.png",1200,876,false],"mailpoet_newsletter_max":["https:\/\/fundaciohospitalariesmartorell.org\/entre-tots\/wp-content\/uploads\/2025\/07\/image-6.png",1200,876,false]},"post_excerpt_stackable_v2":"<p>El model QualityRights, inspirat en la Convenci\u00f3 de les Nacions Unides sobre els Drets de les Persones amb Discapacitat, busca transformar l&#8217;atenci\u00f3 en salut mental a trav\u00e9s de la promoci\u00f3 activa dels drets humans, la millora de la qualitat assistencial i l&#8217;apoderament tant de les persones ateses com dels equips professionals. A escala internacional, aquest enfocament impulsa una transformaci\u00f3 estructural en els serveis: menys pr\u00e0ctiques coercitives, m\u00e9s participaci\u00f3 activa de les persones usu\u00e0ries i una atenci\u00f3 centrada en la dignitat, l&#8217;autonomia i el proc\u00e9s de recuperaci\u00f3. La Fundaci\u00f3 Hospital\u00e0ries i l\u2019Orde Hospitalari Sant Joan de D\u00e9u ja han comen\u00e7at a&hellip;<\/p>\n","category_list_v2":"<a href=\"https:\/\/fundaciohospitalariesmartorell.org\/entre-tots\/category\/actualitat\/\" rel=\"category tag\">ACTUALITAT<\/a>, <a href=\"https:\/\/fundaciohospitalariesmartorell.org\/entre-tots\/category\/actualitat\/societat\/\" rel=\"category tag\">SOCIETAT<\/a>, <a href=\"https:\/\/fundaciohospitalariesmartorell.org\/entre-tots\/category\/actualitat\/usuaris-es\/\" rel=\"category tag\">USUARIS\/ES<\/a>","author_info_v2":{"name":"Martorell_comunicacio","url":"https:\/\/fundaciohospitalariesmartorell.org\/entre-tots\/author\/martorell_comunicacio\/"},"comments_num_v2":"0 comments","_links":{"self":[{"href":"https:\/\/fundaciohospitalariesmartorell.org\/entre-tots\/wp-json\/wp\/v2\/posts\/11797","targetHints":{"allow":["GET"]}}],"collection":[{"href":"https:\/\/fundaciohospitalariesmartorell.org\/entre-tots\/wp-json\/wp\/v2\/posts"}],"about":[{"href":"https:\/\/fundaciohospitalariesmartorell.org\/entre-tots\/wp-json\/wp\/v2\/types\/post"}],"author":[{"embeddable":true,"href":"https:\/\/fundaciohospitalariesmartorell.org\/entre-tots\/wp-json\/wp\/v2\/users\/6"}],"replies":[{"embeddable":true,"href":"https:\/\/fundaciohospitalariesmartorell.org\/entre-tots\/wp-json\/wp\/v2\/comments?post=11797"}],"version-history":[{"count":1,"href":"https:\/\/fundaciohospitalariesmartorell.org\/entre-tots\/wp-json\/wp\/v2\/posts\/11797\/revisions"}],"predecessor-version":[{"id":11799,"href":"https:\/\/fundaciohospitalariesmartorell.org\/entre-tots\/wp-json\/wp\/v2\/posts\/11797\/revisions\/11799"}],"wp:featuredmedia":[{"embeddable":true,"href":"https:\/\/fundaciohospitalariesmartorell.org\/entre-tots\/wp-json\/wp\/v2\/media\/11798"}],"wp:attachment":[{"href":"https:\/\/fundaciohospitalariesmartorell.org\/entre-tots\/wp-json\/wp\/v2\/media?parent=11797"}],"wp:term":[{"taxonomy":"category","embeddable":true,"href":"https:\/\/fundaciohospitalariesmartorell.org\/entre-tots\/wp-json\/wp\/v2\/categories?post=11797"},{"taxonomy":"post_tag","embeddable":true,"href":"https:\/\/fundaciohospitalariesmartorell.org\/entre-tots\/wp-json\/wp\/v2\/tags?post=11797"}],"curies":[{"name":"wp","href":"https:\/\/api.w.org\/{rel}","templated":true}]}}