{"id":11800,"date":"2025-07-28T08:39:33","date_gmt":"2025-07-28T07:39:33","guid":{"rendered":"https:\/\/fundaciohospitalariesmartorell.org\/entre-tots\/?p=11800"},"modified":"2025-07-28T08:39:33","modified_gmt":"2025-07-28T07:39:33","slug":"el-servei-de-rehabilitacio-comunitaria-de-berga-celebra-la-setmana-cultural-amb-activitats-i-xerrades-sobre-salut-mental","status":"publish","type":"post","link":"https:\/\/fundaciohospitalariesmartorell.org\/entre-tots\/2025\/07\/el-servei-de-rehabilitacio-comunitaria-de-berga-celebra-la-setmana-cultural-amb-activitats-i-xerrades-sobre-salut-mental\/","title":{"rendered":"El Servei de Rehabilitaci\u00f3 Comunit\u00e0ria de Berga celebra la Setmana Cultural amb activitats i xerrades sobre salut mental"},"content":{"rendered":"\n<figure class=\"wp-block-image size-large\"><img loading=\"lazy\" decoding=\"async\" width=\"1536\" height=\"864\" src=\"https:\/\/fundaciohospitalariesmartorell.org\/entre-tots\/wp-content\/uploads\/2025\/07\/image-7-edited.png\" alt=\"\" class=\"wp-image-11802\" srcset=\"https:\/\/fundaciohospitalariesmartorell.org\/entre-tots\/wp-content\/uploads\/2025\/07\/image-7-edited.png 1536w, https:\/\/fundaciohospitalariesmartorell.org\/entre-tots\/wp-content\/uploads\/2025\/07\/image-7-edited-300x169.png 300w, https:\/\/fundaciohospitalariesmartorell.org\/entre-tots\/wp-content\/uploads\/2025\/07\/image-7-edited-1024x576.png 1024w, https:\/\/fundaciohospitalariesmartorell.org\/entre-tots\/wp-content\/uploads\/2025\/07\/image-7-edited-768x432.png 768w, https:\/\/fundaciohospitalariesmartorell.org\/entre-tots\/wp-content\/uploads\/2025\/07\/image-7-edited-1320x743.png 1320w\" sizes=\"auto, (max-width: 1536px) 100vw, 1536px\" \/><\/figure>\n\n\n\n<p>El Servei de Rehabilitaci\u00f3 Comunit\u00e0ria (SRC) de Berga va organitzar, durant el passat mes de juny, la seva Setmana Cultural, una iniciativa adre\u00e7ada a les persones usu\u00e0ries dels serveis de salut mental del Bergued\u00e0. L\u2019objectiu de la proposta va ser fomentar la participaci\u00f3 activa, la creativitat i el benestar emocional a trav\u00e9s d\u2019una s\u00e8rie d\u2019activitats l\u00fadiques i divulgatives.<\/p>\n\n\n\n<p>Durant la setmana es van dur a terme diverses propostes, com jocs de taula, una sessi\u00f3 de ioga per afavorir la relaxaci\u00f3, i un taller de creaci\u00f3 de mandales per treballar la concentraci\u00f3 i l\u2019expressi\u00f3 art\u00edstica. A m\u00e9s, es van oferir dues xerrades molt ben acollides per les persones participants.<\/p>\n\n\n\n<p>La primera va anar a c\u00e0rrec del Dr. Otto Silgado, psiquiatre del CSMA i de l\u2019Hospital de Dia de Berga, qui va obrir un espai de di\u00e0leg on les persones usu\u00e0ries van poder fer-li preguntes relacionades amb la salut mental. La segona confer\u00e8ncia va ser condu\u00efda per Jordi Plana, fot\u00f2graf i infermer, que va reflexionar sobre la tend\u00e8ncia actual de compartir imatges a les xarxes socials i el seu impacte.<\/p>\n\n\n\n<p>Televisi\u00f3 de Berga va cobrir l\u2019esdeveniment i va poder con\u00e8ixer de primera m\u00e0 com es va viure aquesta setmana cultural, en un reportatge que destaca la import\u00e0ncia d\u2019aquest tipus d\u2019iniciatives per a la inclusi\u00f3 i la recuperaci\u00f3 en l\u2019\u00e0mbit de la salut mental.<\/p>\n\n\n\n<figure class=\"wp-block-embed is-type-video is-provider-youtube wp-block-embed-youtube wp-embed-aspect-16-9 wp-has-aspect-ratio\"><div class=\"wp-block-embed__wrapper\">\n<iframe loading=\"lazy\" title=\"En marxa la setmana cultural per la Salut Mental\" width=\"1290\" height=\"726\" src=\"https:\/\/www.youtube.com\/embed\/YqGVYBhLD08?feature=oembed\" frameborder=\"0\" allow=\"accelerometer; autoplay; clipboard-write; encrypted-media; gyroscope; picture-in-picture; web-share\" referrerpolicy=\"strict-origin-when-cross-origin\" allowfullscreen><\/iframe>\n<\/div><\/figure>\n","protected":false},"excerpt":{"rendered":"<p>El Servei de Rehabilitaci\u00f3 Comunit\u00e0ria (SRC) de Berga va organitzar, durant el passat mes de juny, la seva Setmana Cultural, una iniciativa adre\u00e7ada a les persones usu\u00e0ries dels serveis de salut mental del Bergued\u00e0. L\u2019objectiu de la proposta va ser fomentar la participaci\u00f3 activa, la creativitat i el benestar emocional a trav\u00e9s d\u2019una s\u00e8rie d\u2019activitats [&hellip;]<\/p>\n","protected":false},"author":6,"featured_media":11802,"comment_status":"closed","ping_status":"","sticky":false,"template":"","format":"standard","meta":{"footnotes":""},"categories":[27,57],"tags":[],"class_list":["post-11800","post","type-post","status-publish","format-standard","has-post-thumbnail","hentry","category-actualitat","category-usuaris-es"],"blocksy_meta":[],"featured_image_urls_v2":{"full":["https:\/\/fundaciohospitalariesmartorell.org\/entre-tots\/wp-content\/uploads\/2025\/07\/image-7-edited.png",1536,864,false],"thumbnail":["https:\/\/fundaciohospitalariesmartorell.org\/entre-tots\/wp-content\/uploads\/2025\/07\/image-7-edited-150x150.png",150,150,true],"medium":["https:\/\/fundaciohospitalariesmartorell.org\/entre-tots\/wp-content\/uploads\/2025\/07\/image-7-edited-300x169.png",300,169,true],"medium_large":["https:\/\/fundaciohospitalariesmartorell.org\/entre-tots\/wp-content\/uploads\/2025\/07\/image-7-edited-768x432.png",768,432,true],"large":["https:\/\/fundaciohospitalariesmartorell.org\/entre-tots\/wp-content\/uploads\/2025\/07\/image-7-edited-1024x576.png",1024,576,true],"1536x1536":["https:\/\/fundaciohospitalariesmartorell.org\/entre-tots\/wp-content\/uploads\/2025\/07\/image-7-edited.png",1536,864,false],"2048x2048":["https:\/\/fundaciohospitalariesmartorell.org\/entre-tots\/wp-content\/uploads\/2025\/07\/image-7-edited.png",1536,864,false],"mailpoet_newsletter_max":["https:\/\/fundaciohospitalariesmartorell.org\/entre-tots\/wp-content\/uploads\/2025\/07\/image-7-edited-1320x743.png",1320,743,true]},"post_excerpt_stackable_v2":"<p>El Servei de Rehabilitaci\u00f3 Comunit\u00e0ria (SRC) de Berga va organitzar, durant el passat mes de juny, la seva Setmana Cultural, una iniciativa adre\u00e7ada a les persones usu\u00e0ries dels serveis de salut mental del Bergued\u00e0. L\u2019objectiu de la proposta va ser fomentar la participaci\u00f3 activa, la creativitat i el benestar emocional a trav\u00e9s d\u2019una s\u00e8rie d\u2019activitats l\u00fadiques i divulgatives. Durant la setmana es van dur a terme diverses propostes, com jocs de taula, una sessi\u00f3 de ioga per afavorir la relaxaci\u00f3, i un taller de creaci\u00f3 de mandales per treballar la concentraci\u00f3 i l\u2019expressi\u00f3 art\u00edstica. A m\u00e9s, es van oferir dues&hellip;<\/p>\n","category_list_v2":"<a href=\"https:\/\/fundaciohospitalariesmartorell.org\/entre-tots\/category\/actualitat\/\" rel=\"category tag\">ACTUALITAT<\/a>, <a href=\"https:\/\/fundaciohospitalariesmartorell.org\/entre-tots\/category\/actualitat\/usuaris-es\/\" rel=\"category tag\">USUARIS\/ES<\/a>","author_info_v2":{"name":"Martorell_comunicacio","url":"https:\/\/fundaciohospitalariesmartorell.org\/entre-tots\/author\/martorell_comunicacio\/"},"comments_num_v2":"0 comments","_links":{"self":[{"href":"https:\/\/fundaciohospitalariesmartorell.org\/entre-tots\/wp-json\/wp\/v2\/posts\/11800","targetHints":{"allow":["GET"]}}],"collection":[{"href":"https:\/\/fundaciohospitalariesmartorell.org\/entre-tots\/wp-json\/wp\/v2\/posts"}],"about":[{"href":"https:\/\/fundaciohospitalariesmartorell.org\/entre-tots\/wp-json\/wp\/v2\/types\/post"}],"author":[{"embeddable":true,"href":"https:\/\/fundaciohospitalariesmartorell.org\/entre-tots\/wp-json\/wp\/v2\/users\/6"}],"replies":[{"embeddable":true,"href":"https:\/\/fundaciohospitalariesmartorell.org\/entre-tots\/wp-json\/wp\/v2\/comments?post=11800"}],"version-history":[{"count":1,"href":"https:\/\/fundaciohospitalariesmartorell.org\/entre-tots\/wp-json\/wp\/v2\/posts\/11800\/revisions"}],"predecessor-version":[{"id":11803,"href":"https:\/\/fundaciohospitalariesmartorell.org\/entre-tots\/wp-json\/wp\/v2\/posts\/11800\/revisions\/11803"}],"wp:featuredmedia":[{"embeddable":true,"href":"https:\/\/fundaciohospitalariesmartorell.org\/entre-tots\/wp-json\/wp\/v2\/media\/11802"}],"wp:attachment":[{"href":"https:\/\/fundaciohospitalariesmartorell.org\/entre-tots\/wp-json\/wp\/v2\/media?parent=11800"}],"wp:term":[{"taxonomy":"category","embeddable":true,"href":"https:\/\/fundaciohospitalariesmartorell.org\/entre-tots\/wp-json\/wp\/v2\/categories?post=11800"},{"taxonomy":"post_tag","embeddable":true,"href":"https:\/\/fundaciohospitalariesmartorell.org\/entre-tots\/wp-json\/wp\/v2\/tags?post=11800"}],"curies":[{"name":"wp","href":"https:\/\/api.w.org\/{rel}","templated":true}]}}