{"id":11804,"date":"2025-07-28T08:43:32","date_gmt":"2025-07-28T07:43:32","guid":{"rendered":"https:\/\/fundaciohospitalariesmartorell.org\/entre-tots\/?p=11804"},"modified":"2025-07-28T08:43:32","modified_gmt":"2025-07-28T07:43:32","slug":"la-demencia-pot-actuar-com-a-desencadenant-o-accelerador-de-suicidi-en-persones-grans","status":"publish","type":"post","link":"https:\/\/fundaciohospitalariesmartorell.org\/entre-tots\/2025\/07\/la-demencia-pot-actuar-com-a-desencadenant-o-accelerador-de-suicidi-en-persones-grans\/","title":{"rendered":"La dem\u00e8ncia pot actuar com a desencadenant o accelerador de su\u00efcidi en persones grans"},"content":{"rendered":"\n<p>Un\u00a010% de les persones amb dem\u00e8ncia\u00a0expressen idees su\u00efcides i un\u00a00,8 % arriba a fer-ne intents. Aquests pensaments poden apar\u00e8ixer\u00a0abans del diagn\u00f2stic formal, quan la persona intueix que alguna cosa no va b\u00e9: augmenten la por, la tristesa i la desesperan\u00e7a.<\/p>\n\n\n\n<p>El Dr. <a href=\"https:\/\/www.linkedin.com\/in\/manuel-s%C3%A1nchez-p%C3%A9rez-21529425\/\"><\/a>Manel S\u00e1nchez P\u00e9rez, cap de la Unitat de Psiquiatria Geri\u00e0trica del nostre hospital, exposa<a href=\"https:\/\/www.geriatricarea.com\/2025\/07\/07\/la-demencia-puede-actuar-como-desencadenante-o-acelerador-de-suicidio-en-personas-mayores\/\"> en aquest article<\/a> la import\u00e0ncia de posar el focus en el\u00a0benestar emocional de les persones grans\u00a0i actuar a temps.<\/p>\n\n\n\n<figure class=\"wp-block-image size-full\"><img loading=\"lazy\" decoding=\"async\" width=\"550\" height=\"350\" src=\"https:\/\/fundaciohospitalariesmartorell.org\/entre-tots\/wp-content\/uploads\/2025\/07\/image-8.png\" alt=\"\" class=\"wp-image-11805\" srcset=\"https:\/\/fundaciohospitalariesmartorell.org\/entre-tots\/wp-content\/uploads\/2025\/07\/image-8.png 550w, https:\/\/fundaciohospitalariesmartorell.org\/entre-tots\/wp-content\/uploads\/2025\/07\/image-8-300x191.png 300w\" sizes=\"auto, (max-width: 550px) 100vw, 550px\" \/><\/figure>\n","protected":false},"excerpt":{"rendered":"<p>Un\u00a010% de les persones amb dem\u00e8ncia\u00a0expressen idees su\u00efcides i un\u00a00,8 % arriba a fer-ne intents. Aquests pensaments poden apar\u00e8ixer\u00a0abans del diagn\u00f2stic formal, quan la persona intueix que alguna cosa no va b\u00e9: augmenten la por, la tristesa i la desesperan\u00e7a. El Dr. Manel S\u00e1nchez P\u00e9rez, cap de la Unitat de Psiquiatria Geri\u00e0trica del nostre hospital, [&hellip;]<\/p>\n","protected":false},"author":6,"featured_media":11805,"comment_status":"closed","ping_status":"","sticky":false,"template":"","format":"standard","meta":{"footnotes":""},"categories":[27,44,61],"tags":[],"class_list":["post-11804","post","type-post","status-publish","format-standard","has-post-thumbnail","hentry","category-actualitat","category-entre-noticies","category-societat"],"blocksy_meta":[],"featured_image_urls_v2":{"full":["https:\/\/fundaciohospitalariesmartorell.org\/entre-tots\/wp-content\/uploads\/2025\/07\/image-8.png",550,350,false],"thumbnail":["https:\/\/fundaciohospitalariesmartorell.org\/entre-tots\/wp-content\/uploads\/2025\/07\/image-8-150x150.png",150,150,true],"medium":["https:\/\/fundaciohospitalariesmartorell.org\/entre-tots\/wp-content\/uploads\/2025\/07\/image-8-300x191.png",300,191,true],"medium_large":["https:\/\/fundaciohospitalariesmartorell.org\/entre-tots\/wp-content\/uploads\/2025\/07\/image-8.png",550,350,false],"large":["https:\/\/fundaciohospitalariesmartorell.org\/entre-tots\/wp-content\/uploads\/2025\/07\/image-8.png",550,350,false],"1536x1536":["https:\/\/fundaciohospitalariesmartorell.org\/entre-tots\/wp-content\/uploads\/2025\/07\/image-8.png",550,350,false],"2048x2048":["https:\/\/fundaciohospitalariesmartorell.org\/entre-tots\/wp-content\/uploads\/2025\/07\/image-8.png",550,350,false],"mailpoet_newsletter_max":["https:\/\/fundaciohospitalariesmartorell.org\/entre-tots\/wp-content\/uploads\/2025\/07\/image-8.png",550,350,false]},"post_excerpt_stackable_v2":"<p>Un\u00a010% de les persones amb dem\u00e8ncia\u00a0expressen idees su\u00efcides i un\u00a00,8 % arriba a fer-ne intents. Aquests pensaments poden apar\u00e8ixer\u00a0abans del diagn\u00f2stic formal, quan la persona intueix que alguna cosa no va b\u00e9: augmenten la por, la tristesa i la desesperan\u00e7a. El Dr. Manel S\u00e1nchez P\u00e9rez, cap de la Unitat de Psiquiatria Geri\u00e0trica del nostre hospital, exposa en aquest article la import\u00e0ncia de posar el focus en el\u00a0benestar emocional de les persones grans\u00a0i actuar a temps.<\/p>\n","category_list_v2":"<a href=\"https:\/\/fundaciohospitalariesmartorell.org\/entre-tots\/category\/actualitat\/\" rel=\"category tag\">ACTUALITAT<\/a>, <a href=\"https:\/\/fundaciohospitalariesmartorell.org\/entre-tots\/category\/entre-noticies\/\" rel=\"category tag\">ENTRE NOT\u00cdCIES<\/a>, <a href=\"https:\/\/fundaciohospitalariesmartorell.org\/entre-tots\/category\/actualitat\/societat\/\" rel=\"category tag\">SOCIETAT<\/a>","author_info_v2":{"name":"Martorell_comunicacio","url":"https:\/\/fundaciohospitalariesmartorell.org\/entre-tots\/author\/martorell_comunicacio\/"},"comments_num_v2":"0 comments","_links":{"self":[{"href":"https:\/\/fundaciohospitalariesmartorell.org\/entre-tots\/wp-json\/wp\/v2\/posts\/11804","targetHints":{"allow":["GET"]}}],"collection":[{"href":"https:\/\/fundaciohospitalariesmartorell.org\/entre-tots\/wp-json\/wp\/v2\/posts"}],"about":[{"href":"https:\/\/fundaciohospitalariesmartorell.org\/entre-tots\/wp-json\/wp\/v2\/types\/post"}],"author":[{"embeddable":true,"href":"https:\/\/fundaciohospitalariesmartorell.org\/entre-tots\/wp-json\/wp\/v2\/users\/6"}],"replies":[{"embeddable":true,"href":"https:\/\/fundaciohospitalariesmartorell.org\/entre-tots\/wp-json\/wp\/v2\/comments?post=11804"}],"version-history":[{"count":1,"href":"https:\/\/fundaciohospitalariesmartorell.org\/entre-tots\/wp-json\/wp\/v2\/posts\/11804\/revisions"}],"predecessor-version":[{"id":11806,"href":"https:\/\/fundaciohospitalariesmartorell.org\/entre-tots\/wp-json\/wp\/v2\/posts\/11804\/revisions\/11806"}],"wp:featuredmedia":[{"embeddable":true,"href":"https:\/\/fundaciohospitalariesmartorell.org\/entre-tots\/wp-json\/wp\/v2\/media\/11805"}],"wp:attachment":[{"href":"https:\/\/fundaciohospitalariesmartorell.org\/entre-tots\/wp-json\/wp\/v2\/media?parent=11804"}],"wp:term":[{"taxonomy":"category","embeddable":true,"href":"https:\/\/fundaciohospitalariesmartorell.org\/entre-tots\/wp-json\/wp\/v2\/categories?post=11804"},{"taxonomy":"post_tag","embeddable":true,"href":"https:\/\/fundaciohospitalariesmartorell.org\/entre-tots\/wp-json\/wp\/v2\/tags?post=11804"}],"curies":[{"name":"wp","href":"https:\/\/api.w.org\/{rel}","templated":true}]}}