{"id":11807,"date":"2025-07-28T08:51:51","date_gmt":"2025-07-28T07:51:51","guid":{"rendered":"https:\/\/fundaciohospitalariesmartorell.org\/entre-tots\/?p=11807"},"modified":"2025-07-28T09:01:33","modified_gmt":"2025-07-28T08:01:33","slug":"la-fundacio-hospitalaries-martorell-aprova-la-seva-politica-linguistica-amb-un-ferm-compromis-amb-el-catala","status":"publish","type":"post","link":"https:\/\/fundaciohospitalariesmartorell.org\/entre-tots\/2025\/07\/la-fundacio-hospitalaries-martorell-aprova-la-seva-politica-linguistica-amb-un-ferm-compromis-amb-el-catala\/","title":{"rendered":"La Fundaci\u00f3 Hospital\u00e0ries Martorell aprova la seva pol\u00edtica ling\u00fc\u00edstica amb un ferm comprom\u00eds amb el catal\u00e0"},"content":{"rendered":"\n<figure class=\"wp-block-image size-large\"><img loading=\"lazy\" decoding=\"async\" width=\"1024\" height=\"576\" src=\"https:\/\/fundaciohospitalariesmartorell.org\/entre-tots\/wp-content\/uploads\/2025\/02\/admissions-edited-1024x576.png\" alt=\"\" class=\"wp-image-10896\" srcset=\"https:\/\/fundaciohospitalariesmartorell.org\/entre-tots\/wp-content\/uploads\/2025\/02\/admissions-edited-1024x576.png 1024w, https:\/\/fundaciohospitalariesmartorell.org\/entre-tots\/wp-content\/uploads\/2025\/02\/admissions-edited-300x169.png 300w, https:\/\/fundaciohospitalariesmartorell.org\/entre-tots\/wp-content\/uploads\/2025\/02\/admissions-edited-768x432.png 768w, https:\/\/fundaciohospitalariesmartorell.org\/entre-tots\/wp-content\/uploads\/2025\/02\/admissions-edited-1320x743.png 1320w, https:\/\/fundaciohospitalariesmartorell.org\/entre-tots\/wp-content\/uploads\/2025\/02\/admissions-edited.png 1500w\" sizes=\"auto, (max-width: 1024px) 100vw, 1024px\" \/><\/figure>\n\n\n\n<p>El Consell de Direcci\u00f3 de la Fundaci\u00f3 Hospital\u00e0ries Martorell ha aprovat, aquest 30 de juny, la pol\u00edtica ling\u00fc\u00edstica del centre, consolidant aix\u00ed el seu comprom\u00eds institucional amb els drets ling\u00fc\u00edstics i la qualitat de la comunicaci\u00f3 assistencial. El document defineix els principis, objectius i mecanismes d\u2019implementaci\u00f3 que guiaran l\u2019\u00fas de la llengua dins l\u2019organitzaci\u00f3 en els pr\u00f2xims anys.<\/p>\n\n\n\n<p>Com a centre integrat al sistema sanitari p\u00fablic de Catalunya, la Fundaci\u00f3 assumeix la responsabilitat de garantir que totes les persones \u2014tant usu\u00e0ries com professionals\u2014 puguin expressar-se i ser ateses en la llengua oficial que escullin, amb una clara prioritzaci\u00f3 del catal\u00e0 com a llengua vehicular, d\u2019\u00fas habitual i institucional.<\/p>\n\n\n\n<p>La pol\u00edtica ling\u00fc\u00edstica, considerada una eina fonamental per a la millora de la qualitat, la seguretat cl\u00ednica i el benestar de les persones, es fonamenta en quatre grans principis: el catal\u00e0 com a llengua preferent, el respecte pel dret de tria ling\u00fc\u00edstica, l\u2019acollida i integraci\u00f3 ling\u00fc\u00edstica del personal, i la valoraci\u00f3 de la diversitat com a expressi\u00f3 d\u2019inclusi\u00f3.<\/p>\n\n\n\n<p>Entre els objectius destacats, s\u2019hi inclouen l\u2019\u00fas normalitzat del catal\u00e0, la capacitaci\u00f3 ling\u00fc\u00edstica dels professionals \u2014especialment dels de nova incorporaci\u00f3\u2014, la promoci\u00f3 de bones pr\u00e0ctiques comunicatives i la integraci\u00f3 de la pol\u00edtica ling\u00fc\u00edstica dins l\u2019estrat\u00e8gia global del centre.<\/p>\n\n\n\n<p>Amb aquesta iniciativa, la Fundaci\u00f3 Hospital\u00e0ries Martorell reafirma la seva voluntat de ser un referent en l\u2019atenci\u00f3 centrada en la persona, tamb\u00e9 des del punt de vista ling\u00fc\u00edstic.<\/p>\n","protected":false},"excerpt":{"rendered":"<p>El Consell de Direcci\u00f3 de la Fundaci\u00f3 Hospital\u00e0ries Martorell ha aprovat, aquest 30 de juny, la pol\u00edtica ling\u00fc\u00edstica del centre, consolidant aix\u00ed el seu comprom\u00eds institucional amb els drets ling\u00fc\u00edstics i la qualitat de la comunicaci\u00f3 assistencial. El document defineix els principis, objectius i mecanismes d\u2019implementaci\u00f3 que guiaran l\u2019\u00fas de la llengua dins l\u2019organitzaci\u00f3 en [&hellip;]<\/p>\n","protected":false},"author":6,"featured_media":10896,"comment_status":"closed","ping_status":"closed","sticky":false,"template":"","format":"standard","meta":{"footnotes":""},"categories":[27,61],"tags":[],"class_list":["post-11807","post","type-post","status-publish","format-standard","has-post-thumbnail","hentry","category-actualitat","category-societat"],"blocksy_meta":[],"featured_image_urls_v2":{"full":["https:\/\/fundaciohospitalariesmartorell.org\/entre-tots\/wp-content\/uploads\/2025\/02\/admissions-edited.png",1500,844,false],"thumbnail":["https:\/\/fundaciohospitalariesmartorell.org\/entre-tots\/wp-content\/uploads\/2025\/02\/admissions-edited-150x150.png",150,150,true],"medium":["https:\/\/fundaciohospitalariesmartorell.org\/entre-tots\/wp-content\/uploads\/2025\/02\/admissions-edited-300x169.png",300,169,true],"medium_large":["https:\/\/fundaciohospitalariesmartorell.org\/entre-tots\/wp-content\/uploads\/2025\/02\/admissions-edited-768x432.png",768,432,true],"large":["https:\/\/fundaciohospitalariesmartorell.org\/entre-tots\/wp-content\/uploads\/2025\/02\/admissions-edited-1024x576.png",1024,576,true],"1536x1536":["https:\/\/fundaciohospitalariesmartorell.org\/entre-tots\/wp-content\/uploads\/2025\/02\/admissions-edited.png",1500,844,false],"2048x2048":["https:\/\/fundaciohospitalariesmartorell.org\/entre-tots\/wp-content\/uploads\/2025\/02\/admissions-edited.png",1500,844,false],"mailpoet_newsletter_max":["https:\/\/fundaciohospitalariesmartorell.org\/entre-tots\/wp-content\/uploads\/2025\/02\/admissions-edited-1320x743.png",1320,743,true]},"post_excerpt_stackable_v2":"<p>El Consell de Direcci\u00f3 de la Fundaci\u00f3 Hospital\u00e0ries Martorell ha aprovat, aquest 30 de juny, la pol\u00edtica ling\u00fc\u00edstica del centre, consolidant aix\u00ed el seu comprom\u00eds institucional amb els drets ling\u00fc\u00edstics i la qualitat de la comunicaci\u00f3 assistencial. El document defineix els principis, objectius i mecanismes d\u2019implementaci\u00f3 que guiaran l\u2019\u00fas de la llengua dins l\u2019organitzaci\u00f3 en els pr\u00f2xims anys. Com a centre integrat al sistema sanitari p\u00fablic de Catalunya, la Fundaci\u00f3 assumeix la responsabilitat de garantir que totes les persones \u2014tant usu\u00e0ries com professionals\u2014 puguin expressar-se i ser ateses en la llengua oficial que escullin, amb una clara prioritzaci\u00f3 del catal\u00e0&hellip;<\/p>\n","category_list_v2":"<a href=\"https:\/\/fundaciohospitalariesmartorell.org\/entre-tots\/category\/actualitat\/\" rel=\"category tag\">ACTUALITAT<\/a>, <a href=\"https:\/\/fundaciohospitalariesmartorell.org\/entre-tots\/category\/actualitat\/societat\/\" rel=\"category tag\">SOCIETAT<\/a>","author_info_v2":{"name":"Martorell_comunicacio","url":"https:\/\/fundaciohospitalariesmartorell.org\/entre-tots\/author\/martorell_comunicacio\/"},"comments_num_v2":"0 comments","_links":{"self":[{"href":"https:\/\/fundaciohospitalariesmartorell.org\/entre-tots\/wp-json\/wp\/v2\/posts\/11807","targetHints":{"allow":["GET"]}}],"collection":[{"href":"https:\/\/fundaciohospitalariesmartorell.org\/entre-tots\/wp-json\/wp\/v2\/posts"}],"about":[{"href":"https:\/\/fundaciohospitalariesmartorell.org\/entre-tots\/wp-json\/wp\/v2\/types\/post"}],"author":[{"embeddable":true,"href":"https:\/\/fundaciohospitalariesmartorell.org\/entre-tots\/wp-json\/wp\/v2\/users\/6"}],"replies":[{"embeddable":true,"href":"https:\/\/fundaciohospitalariesmartorell.org\/entre-tots\/wp-json\/wp\/v2\/comments?post=11807"}],"version-history":[{"count":1,"href":"https:\/\/fundaciohospitalariesmartorell.org\/entre-tots\/wp-json\/wp\/v2\/posts\/11807\/revisions"}],"predecessor-version":[{"id":11808,"href":"https:\/\/fundaciohospitalariesmartorell.org\/entre-tots\/wp-json\/wp\/v2\/posts\/11807\/revisions\/11808"}],"wp:featuredmedia":[{"embeddable":true,"href":"https:\/\/fundaciohospitalariesmartorell.org\/entre-tots\/wp-json\/wp\/v2\/media\/10896"}],"wp:attachment":[{"href":"https:\/\/fundaciohospitalariesmartorell.org\/entre-tots\/wp-json\/wp\/v2\/media?parent=11807"}],"wp:term":[{"taxonomy":"category","embeddable":true,"href":"https:\/\/fundaciohospitalariesmartorell.org\/entre-tots\/wp-json\/wp\/v2\/categories?post=11807"},{"taxonomy":"post_tag","embeddable":true,"href":"https:\/\/fundaciohospitalariesmartorell.org\/entre-tots\/wp-json\/wp\/v2\/tags?post=11807"}],"curies":[{"name":"wp","href":"https:\/\/api.w.org\/{rel}","templated":true}]}}