{"id":11812,"date":"2025-07-28T10:14:53","date_gmt":"2025-07-28T09:14:53","guid":{"rendered":"https:\/\/fundaciohospitalariesmartorell.org\/entre-tots\/?p=11812"},"modified":"2025-07-29T10:44:30","modified_gmt":"2025-07-29T09:44:30","slug":"laparcament-p1-una-nova-font-denergia-per-a-lhospital","status":"publish","type":"post","link":"https:\/\/fundaciohospitalariesmartorell.org\/entre-tots\/2025\/07\/laparcament-p1-una-nova-font-denergia-per-a-lhospital\/","title":{"rendered":"L\u2019aparcament P1, una nova font d\u2019energia per a l\u2019hospital"},"content":{"rendered":"\n<figure class=\"wp-block-image size-large\"><img loading=\"lazy\" decoding=\"async\" width=\"1311\" height=\"738\" src=\"https:\/\/fundaciohospitalariesmartorell.org\/entre-tots\/wp-content\/uploads\/2025\/07\/image-9-edited.png\" alt=\"\" class=\"wp-image-11815\" srcset=\"https:\/\/fundaciohospitalariesmartorell.org\/entre-tots\/wp-content\/uploads\/2025\/07\/image-9-edited.png 1311w, https:\/\/fundaciohospitalariesmartorell.org\/entre-tots\/wp-content\/uploads\/2025\/07\/image-9-edited-300x169.png 300w, https:\/\/fundaciohospitalariesmartorell.org\/entre-tots\/wp-content\/uploads\/2025\/07\/image-9-edited-1024x576.png 1024w, https:\/\/fundaciohospitalariesmartorell.org\/entre-tots\/wp-content\/uploads\/2025\/07\/image-9-edited-768x432.png 768w\" sizes=\"auto, (max-width: 1311px) 100vw, 1311px\" \/><\/figure>\n\n\n\n<p>L\u2019aparcament exterior P1 de l&#8217;hospital ha deixat de ser nom\u00e9s un lloc per deixar-hi el cotxe. Amb la instal\u00b7laci\u00f3 de quatre marquesines fotovoltaiques, aquest espai s\u2019ha transformat en una font d\u2019energia renovable que aposta per la sostenibilitat, el confort i l\u2019efici\u00e8ncia.<\/p>\n\n\n\n<p>Les marquesines han estat dissenyades per complir dues funcions complement\u00e0ries. Per una banda, proporcionen ombra als vehicles estacionats, millorant el confort dels usuaris i allargant la vida \u00fatil dels autom\u00f2bils. Per l\u2019altra, permeten la instal\u00b7laci\u00f3 de panells fotovoltaics a la seva coberta, aprofitant al m\u00e0xim la radiaci\u00f3 solar disponible.<\/p>\n\n\n\n<p>En total, s\u2019han cobert 76 places d\u2019aparcament sota aquestes noves estructures, m\u00e9s 7 places addicionals en una marquesina situada a l\u2019entrada del recinte.<\/p>\n\n\n\n<p>L\u2019electricitat generada es consumeix directament a les instal\u00b7lacions del mateix hospital, reduint la depend\u00e8ncia de la xarxa el\u00e8ctrica convencional i disminuint l\u2019impacte ambiental. Amb una pot\u00e8ncia instal\u00b7lada de 214 kWp, es calcula que es produiran anualment uns 263.000 kWh d\u2019energia solar, equivalents a l\u2019<strong>11% del consum anual<\/strong> del centre. Un pas decidit cap a l\u2019autosufici\u00e8ncia energ\u00e8tica.<\/p>\n\n\n\n<figure class=\"wp-block-image size-large\"><img loading=\"lazy\" decoding=\"async\" width=\"1600\" height=\"900\" src=\"https:\/\/fundaciohospitalariesmartorell.org\/entre-tots\/wp-content\/uploads\/2025\/07\/image-11-edited.png\" alt=\"\" class=\"wp-image-11818\" srcset=\"https:\/\/fundaciohospitalariesmartorell.org\/entre-tots\/wp-content\/uploads\/2025\/07\/image-11-edited.png 1600w, https:\/\/fundaciohospitalariesmartorell.org\/entre-tots\/wp-content\/uploads\/2025\/07\/image-11-edited-300x169.png 300w, https:\/\/fundaciohospitalariesmartorell.org\/entre-tots\/wp-content\/uploads\/2025\/07\/image-11-edited-1024x576.png 1024w, https:\/\/fundaciohospitalariesmartorell.org\/entre-tots\/wp-content\/uploads\/2025\/07\/image-11-edited-768x432.png 768w, https:\/\/fundaciohospitalariesmartorell.org\/entre-tots\/wp-content\/uploads\/2025\/07\/image-11-edited-1536x864.png 1536w, https:\/\/fundaciohospitalariesmartorell.org\/entre-tots\/wp-content\/uploads\/2025\/07\/image-11-edited-1320x743.png 1320w\" sizes=\"auto, (max-width: 1600px) 100vw, 1600px\" \/><\/figure>\n\n\n\n<h3 class=\"wp-block-heading\">Pensant en la mobilitat del futur<\/h3>\n\n\n\n<p>El projecte tamb\u00e9 mira cap endavant. S\u2019ha previst la futura instal\u00b7laci\u00f3 de punts de rec\u00e0rrega per a vehicles el\u00e8ctrics, que podran alimentar-se directament de l\u2019energia solar generada a les marquesines. Aix\u00f2 permetr\u00e0 oferir una rec\u00e0rrega neta i de zero emissions directament des del mateix aparcament.<\/p>\n\n\n\n<h3 class=\"wp-block-heading\">M\u00e9s energia verda als edificis<\/h3>\n\n\n\n<p>Aquest projecte forma part d\u2019una actuaci\u00f3 m\u00e9s \u00e0mplia. Des del setembre de 2024, ja estan en funcionament sis plantes solars m\u00e9s als edificis 1, 3, 5, 6, 7 i 9 del complex hospitalari.<br>Amb una pot\u00e8ncia total de 697 kWp, aquestes instal\u00b7lacions han generat 450.000 kWh d\u2019electricitat en menys d\u2019un any, cobrint un 16,4% del consum total del centre i evitant l\u2019emissi\u00f3 de 21,2 tones de CO\u2082.<\/p>\n\n\n\n<h3 class=\"wp-block-heading\">Una aposta ferma per la transici\u00f3 energ\u00e8tica<\/h3>\n\n\n\n<p>La instal\u00b7laci\u00f3 de marquesines solars i la generaci\u00f3 d\u2019energia renovable dins del mateix hospital \u00e9s un exemple clar de com es poden fer accions locals amb un gran impacte global.<br>Confort per als usuaris, estalvi econ\u00f2mic, energia neta i una empremta ecol\u00f2gica m\u00e9s lleugera. Aquest \u00e9s el cam\u00ed cap a un futur m\u00e9s sostenible.<\/p>\n\n\n\n<figure class=\"wp-block-image size-large\"><img decoding=\"async\" src=\"https:\/\/fundaciohospitalariesmartorell.org\/entre-tots\/wp-content\/uploads\/2025\/07\/image-10-1024x768.png\" alt=\"\" class=\"wp-image-11816\"\/><\/figure>\n","protected":false},"excerpt":{"rendered":"<p>L\u2019aparcament exterior P1 de l&#8217;hospital ha deixat de ser nom\u00e9s un lloc per deixar-hi el cotxe. Amb la instal\u00b7laci\u00f3 de quatre marquesines fotovoltaiques, aquest espai s\u2019ha transformat en una font d\u2019energia renovable que aposta per la sostenibilitat, el confort i l\u2019efici\u00e8ncia. Les marquesines han estat dissenyades per complir dues funcions complement\u00e0ries. Per una banda, proporcionen [&hellip;]<\/p>\n","protected":false},"author":6,"featured_media":11815,"comment_status":"closed","ping_status":"closed","sticky":false,"template":"","format":"standard","meta":{"footnotes":""},"categories":[27,60,55],"tags":[],"class_list":["post-11812","post","type-post","status-publish","format-standard","has-post-thumbnail","hentry","category-actualitat","category-medi-ambient","category-sostenibilitat"],"blocksy_meta":[],"featured_image_urls_v2":{"full":["https:\/\/fundaciohospitalariesmartorell.org\/entre-tots\/wp-content\/uploads\/2025\/07\/image-9-edited.png",1311,738,false],"thumbnail":["https:\/\/fundaciohospitalariesmartorell.org\/entre-tots\/wp-content\/uploads\/2025\/07\/image-9-edited-150x150.png",150,150,true],"medium":["https:\/\/fundaciohospitalariesmartorell.org\/entre-tots\/wp-content\/uploads\/2025\/07\/image-9-edited-300x169.png",300,169,true],"medium_large":["https:\/\/fundaciohospitalariesmartorell.org\/entre-tots\/wp-content\/uploads\/2025\/07\/image-9-edited-768x432.png",768,432,true],"large":["https:\/\/fundaciohospitalariesmartorell.org\/entre-tots\/wp-content\/uploads\/2025\/07\/image-9-edited-1024x576.png",1024,576,true],"1536x1536":["https:\/\/fundaciohospitalariesmartorell.org\/entre-tots\/wp-content\/uploads\/2025\/07\/image-9-edited.png",1311,738,false],"2048x2048":["https:\/\/fundaciohospitalariesmartorell.org\/entre-tots\/wp-content\/uploads\/2025\/07\/image-9-edited.png",1311,738,false],"mailpoet_newsletter_max":["https:\/\/fundaciohospitalariesmartorell.org\/entre-tots\/wp-content\/uploads\/2025\/07\/image-9-edited.png",1311,738,false]},"post_excerpt_stackable_v2":"<p>L\u2019aparcament exterior P1 de l&#8217;hospital ha deixat de ser nom\u00e9s un lloc per deixar-hi el cotxe. Amb la instal\u00b7laci\u00f3 de quatre marquesines fotovoltaiques, aquest espai s\u2019ha transformat en una font d\u2019energia renovable que aposta per la sostenibilitat, el confort i l\u2019efici\u00e8ncia. Les marquesines han estat dissenyades per complir dues funcions complement\u00e0ries. Per una banda, proporcionen ombra als vehicles estacionats, millorant el confort dels usuaris i allargant la vida \u00fatil dels autom\u00f2bils. Per l\u2019altra, permeten la instal\u00b7laci\u00f3 de panells fotovoltaics a la seva coberta, aprofitant al m\u00e0xim la radiaci\u00f3 solar disponible. En total, s\u2019han cobert 76 places d\u2019aparcament sota aquestes noves&hellip;<\/p>\n","category_list_v2":"<a href=\"https:\/\/fundaciohospitalariesmartorell.org\/entre-tots\/category\/actualitat\/\" rel=\"category tag\">ACTUALITAT<\/a>, <a href=\"https:\/\/fundaciohospitalariesmartorell.org\/entre-tots\/category\/actualitat\/medi-ambient\/\" rel=\"category tag\">MEDI AMBIENT<\/a>, <a href=\"https:\/\/fundaciohospitalariesmartorell.org\/entre-tots\/category\/actualitat\/sostenibilitat\/\" rel=\"category tag\">SOSTENIBILITAT<\/a>","author_info_v2":{"name":"Martorell_comunicacio","url":"https:\/\/fundaciohospitalariesmartorell.org\/entre-tots\/author\/martorell_comunicacio\/"},"comments_num_v2":"0 comments","_links":{"self":[{"href":"https:\/\/fundaciohospitalariesmartorell.org\/entre-tots\/wp-json\/wp\/v2\/posts\/11812","targetHints":{"allow":["GET"]}}],"collection":[{"href":"https:\/\/fundaciohospitalariesmartorell.org\/entre-tots\/wp-json\/wp\/v2\/posts"}],"about":[{"href":"https:\/\/fundaciohospitalariesmartorell.org\/entre-tots\/wp-json\/wp\/v2\/types\/post"}],"author":[{"embeddable":true,"href":"https:\/\/fundaciohospitalariesmartorell.org\/entre-tots\/wp-json\/wp\/v2\/users\/6"}],"replies":[{"embeddable":true,"href":"https:\/\/fundaciohospitalariesmartorell.org\/entre-tots\/wp-json\/wp\/v2\/comments?post=11812"}],"version-history":[{"count":2,"href":"https:\/\/fundaciohospitalariesmartorell.org\/entre-tots\/wp-json\/wp\/v2\/posts\/11812\/revisions"}],"predecessor-version":[{"id":11819,"href":"https:\/\/fundaciohospitalariesmartorell.org\/entre-tots\/wp-json\/wp\/v2\/posts\/11812\/revisions\/11819"}],"wp:featuredmedia":[{"embeddable":true,"href":"https:\/\/fundaciohospitalariesmartorell.org\/entre-tots\/wp-json\/wp\/v2\/media\/11815"}],"wp:attachment":[{"href":"https:\/\/fundaciohospitalariesmartorell.org\/entre-tots\/wp-json\/wp\/v2\/media?parent=11812"}],"wp:term":[{"taxonomy":"category","embeddable":true,"href":"https:\/\/fundaciohospitalariesmartorell.org\/entre-tots\/wp-json\/wp\/v2\/categories?post=11812"},{"taxonomy":"post_tag","embeddable":true,"href":"https:\/\/fundaciohospitalariesmartorell.org\/entre-tots\/wp-json\/wp\/v2\/tags?post=11812"}],"curies":[{"name":"wp","href":"https:\/\/api.w.org\/{rel}","templated":true}]}}