{"id":11821,"date":"2025-07-29T11:33:29","date_gmt":"2025-07-29T10:33:29","guid":{"rendered":"https:\/\/fundaciohospitalariesmartorell.org\/entre-tots\/?p=11821"},"modified":"2025-07-29T11:33:29","modified_gmt":"2025-07-29T10:33:29","slug":"es-posa-en-marxa-un-grup-de-treball-per-millorar-la-prevencio-i-labordatge-de-la-conducta-suicida-als-serveis-comunitaris","status":"publish","type":"post","link":"https:\/\/fundaciohospitalariesmartorell.org\/entre-tots\/2025\/07\/es-posa-en-marxa-un-grup-de-treball-per-millorar-la-prevencio-i-labordatge-de-la-conducta-suicida-als-serveis-comunitaris\/","title":{"rendered":"Es posa en marxa un grup de treball per millorar la prevenci\u00f3 i l&#8217;abordatge de la conducta su\u00efcida als serveis comunitaris"},"content":{"rendered":"\n<figure class=\"wp-block-image size-large\"><img loading=\"lazy\" decoding=\"async\" width=\"1363\" height=\"908\" src=\"https:\/\/fundaciohospitalariesmartorell.org\/entre-tots\/wp-content\/uploads\/2025\/07\/WhatsApp-Image-2025-07-29-at-10.56.15-edited.jpeg\" alt=\"\" class=\"wp-image-11823\" srcset=\"https:\/\/fundaciohospitalariesmartorell.org\/entre-tots\/wp-content\/uploads\/2025\/07\/WhatsApp-Image-2025-07-29-at-10.56.15-edited.jpeg 1363w, https:\/\/fundaciohospitalariesmartorell.org\/entre-tots\/wp-content\/uploads\/2025\/07\/WhatsApp-Image-2025-07-29-at-10.56.15-edited-300x200.jpeg 300w, https:\/\/fundaciohospitalariesmartorell.org\/entre-tots\/wp-content\/uploads\/2025\/07\/WhatsApp-Image-2025-07-29-at-10.56.15-edited-1024x682.jpeg 1024w, https:\/\/fundaciohospitalariesmartorell.org\/entre-tots\/wp-content\/uploads\/2025\/07\/WhatsApp-Image-2025-07-29-at-10.56.15-edited-768x512.jpeg 768w, https:\/\/fundaciohospitalariesmartorell.org\/entre-tots\/wp-content\/uploads\/2025\/07\/WhatsApp-Image-2025-07-29-at-10.56.15-edited-1320x879.jpeg 1320w\" sizes=\"auto, (max-width: 1363px) 100vw, 1363px\" \/><\/figure>\n\n\n\n<p>Des de l&#8217;\u00c0rea d&#8217;Atenci\u00f3 Comunit\u00e0ria de la Fundaci\u00f3 Hospital\u00e0ries Martorell s&#8217;ha creat un grup de treball interdisciplinari amb l&#8217;objectiu de millorar l&#8217;abordatge i la prevenci\u00f3 de la conducta su\u00efcida als nostres serveis comunitaris.<\/p>\n\n\n\n<p>Aquest nou grup t\u00e9 com a primera tasca l\u2019elaboraci\u00f3 d\u2019un protocol de postvenci\u00f3 homogeni, a partir del document marc ja existent en el Pla de Prevenci\u00f3 de la Conducta Su\u00efcida de Catalunya (PLAPRESC 2021-2025). Aquesta iniciativa sorgeix de la necessitat de dotar els equips de referents, circuits d\u2019intervenci\u00f3 clars i eines concretes per acompanyar adequadament en situacions d\u2019alta complexitat.<\/p>\n\n\n\n<p>Durant els primers mesos de treball, el grup se centrar\u00e0, entre altres, en:<\/p>\n\n\n\n<ul class=\"wp-block-list\">\n<li>Definir i unificar els circuits d&#8217;intervenci\u00f3 en situacions de conducta su\u00efcida.<\/li>\n\n\n\n<li>Designar referents espec\u00edfics per a cada servei comunitari.<\/li>\n\n\n\n<li>Elaborar un mapa de recursos disponibles als diferents territoris.<\/li>\n\n\n\n<li>Desenvolupar i difondre material psicoeducatiu adre\u00e7at a les persones supervivents i els seus entorns.<\/li>\n<\/ul>\n\n\n\n<figure class=\"wp-block-image size-large\"><img loading=\"lazy\" decoding=\"async\" width=\"1600\" height=\"1067\" src=\"https:\/\/fundaciohospitalariesmartorell.org\/entre-tots\/wp-content\/uploads\/2025\/07\/WhatsApp-Image-2025-07-29-at-10.56.26-edited.jpeg\" alt=\"\" class=\"wp-image-11825\" srcset=\"https:\/\/fundaciohospitalariesmartorell.org\/entre-tots\/wp-content\/uploads\/2025\/07\/WhatsApp-Image-2025-07-29-at-10.56.26-edited.jpeg 1600w, https:\/\/fundaciohospitalariesmartorell.org\/entre-tots\/wp-content\/uploads\/2025\/07\/WhatsApp-Image-2025-07-29-at-10.56.26-edited-300x200.jpeg 300w, https:\/\/fundaciohospitalariesmartorell.org\/entre-tots\/wp-content\/uploads\/2025\/07\/WhatsApp-Image-2025-07-29-at-10.56.26-edited-1024x683.jpeg 1024w, https:\/\/fundaciohospitalariesmartorell.org\/entre-tots\/wp-content\/uploads\/2025\/07\/WhatsApp-Image-2025-07-29-at-10.56.26-edited-768x512.jpeg 768w, https:\/\/fundaciohospitalariesmartorell.org\/entre-tots\/wp-content\/uploads\/2025\/07\/WhatsApp-Image-2025-07-29-at-10.56.26-edited-1536x1024.jpeg 1536w, https:\/\/fundaciohospitalariesmartorell.org\/entre-tots\/wp-content\/uploads\/2025\/07\/WhatsApp-Image-2025-07-29-at-10.56.26-edited-1320x880.jpeg 1320w\" sizes=\"auto, (max-width: 1600px) 100vw, 1600px\" \/><\/figure>\n","protected":false},"excerpt":{"rendered":"<p>Des de l&#8217;\u00c0rea d&#8217;Atenci\u00f3 Comunit\u00e0ria de la Fundaci\u00f3 Hospital\u00e0ries Martorell s&#8217;ha creat un grup de treball interdisciplinari amb l&#8217;objectiu de millorar l&#8217;abordatge i la prevenci\u00f3 de la conducta su\u00efcida als nostres serveis comunitaris. Aquest nou grup t\u00e9 com a primera tasca l\u2019elaboraci\u00f3 d\u2019un protocol de postvenci\u00f3 homogeni, a partir del document marc ja existent en [&hellip;]<\/p>\n","protected":false},"author":6,"featured_media":11823,"comment_status":"closed","ping_status":"","sticky":false,"template":"","format":"standard","meta":{"footnotes":""},"categories":[27],"tags":[],"class_list":["post-11821","post","type-post","status-publish","format-standard","has-post-thumbnail","hentry","category-actualitat"],"blocksy_meta":[],"featured_image_urls_v2":{"full":["https:\/\/fundaciohospitalariesmartorell.org\/entre-tots\/wp-content\/uploads\/2025\/07\/WhatsApp-Image-2025-07-29-at-10.56.15-edited.jpeg",1363,908,false],"thumbnail":["https:\/\/fundaciohospitalariesmartorell.org\/entre-tots\/wp-content\/uploads\/2025\/07\/WhatsApp-Image-2025-07-29-at-10.56.15-edited-150x150.jpeg",150,150,true],"medium":["https:\/\/fundaciohospitalariesmartorell.org\/entre-tots\/wp-content\/uploads\/2025\/07\/WhatsApp-Image-2025-07-29-at-10.56.15-edited-300x200.jpeg",300,200,true],"medium_large":["https:\/\/fundaciohospitalariesmartorell.org\/entre-tots\/wp-content\/uploads\/2025\/07\/WhatsApp-Image-2025-07-29-at-10.56.15-edited-768x512.jpeg",768,512,true],"large":["https:\/\/fundaciohospitalariesmartorell.org\/entre-tots\/wp-content\/uploads\/2025\/07\/WhatsApp-Image-2025-07-29-at-10.56.15-edited-1024x682.jpeg",1024,682,true],"1536x1536":["https:\/\/fundaciohospitalariesmartorell.org\/entre-tots\/wp-content\/uploads\/2025\/07\/WhatsApp-Image-2025-07-29-at-10.56.15-edited.jpeg",1363,908,false],"2048x2048":["https:\/\/fundaciohospitalariesmartorell.org\/entre-tots\/wp-content\/uploads\/2025\/07\/WhatsApp-Image-2025-07-29-at-10.56.15-edited.jpeg",1363,908,false],"mailpoet_newsletter_max":["https:\/\/fundaciohospitalariesmartorell.org\/entre-tots\/wp-content\/uploads\/2025\/07\/WhatsApp-Image-2025-07-29-at-10.56.15-edited-1320x879.jpeg",1320,879,true]},"post_excerpt_stackable_v2":"<p>Des de l&#8217;\u00c0rea d&#8217;Atenci\u00f3 Comunit\u00e0ria de la Fundaci\u00f3 Hospital\u00e0ries Martorell s&#8217;ha creat un grup de treball interdisciplinari amb l&#8217;objectiu de millorar l&#8217;abordatge i la prevenci\u00f3 de la conducta su\u00efcida als nostres serveis comunitaris. Aquest nou grup t\u00e9 com a primera tasca l\u2019elaboraci\u00f3 d\u2019un protocol de postvenci\u00f3 homogeni, a partir del document marc ja existent en el Pla de Prevenci\u00f3 de la Conducta Su\u00efcida de Catalunya (PLAPRESC 2021-2025). Aquesta iniciativa sorgeix de la necessitat de dotar els equips de referents, circuits d\u2019intervenci\u00f3 clars i eines concretes per acompanyar adequadament en situacions d\u2019alta complexitat. Durant els primers mesos de treball, el grup&hellip;<\/p>\n","category_list_v2":"<a href=\"https:\/\/fundaciohospitalariesmartorell.org\/entre-tots\/category\/actualitat\/\" rel=\"category tag\">ACTUALITAT<\/a>","author_info_v2":{"name":"Martorell_comunicacio","url":"https:\/\/fundaciohospitalariesmartorell.org\/entre-tots\/author\/martorell_comunicacio\/"},"comments_num_v2":"0 comments","_links":{"self":[{"href":"https:\/\/fundaciohospitalariesmartorell.org\/entre-tots\/wp-json\/wp\/v2\/posts\/11821","targetHints":{"allow":["GET"]}}],"collection":[{"href":"https:\/\/fundaciohospitalariesmartorell.org\/entre-tots\/wp-json\/wp\/v2\/posts"}],"about":[{"href":"https:\/\/fundaciohospitalariesmartorell.org\/entre-tots\/wp-json\/wp\/v2\/types\/post"}],"author":[{"embeddable":true,"href":"https:\/\/fundaciohospitalariesmartorell.org\/entre-tots\/wp-json\/wp\/v2\/users\/6"}],"replies":[{"embeddable":true,"href":"https:\/\/fundaciohospitalariesmartorell.org\/entre-tots\/wp-json\/wp\/v2\/comments?post=11821"}],"version-history":[{"count":1,"href":"https:\/\/fundaciohospitalariesmartorell.org\/entre-tots\/wp-json\/wp\/v2\/posts\/11821\/revisions"}],"predecessor-version":[{"id":11826,"href":"https:\/\/fundaciohospitalariesmartorell.org\/entre-tots\/wp-json\/wp\/v2\/posts\/11821\/revisions\/11826"}],"wp:featuredmedia":[{"embeddable":true,"href":"https:\/\/fundaciohospitalariesmartorell.org\/entre-tots\/wp-json\/wp\/v2\/media\/11823"}],"wp:attachment":[{"href":"https:\/\/fundaciohospitalariesmartorell.org\/entre-tots\/wp-json\/wp\/v2\/media?parent=11821"}],"wp:term":[{"taxonomy":"category","embeddable":true,"href":"https:\/\/fundaciohospitalariesmartorell.org\/entre-tots\/wp-json\/wp\/v2\/categories?post=11821"},{"taxonomy":"post_tag","embeddable":true,"href":"https:\/\/fundaciohospitalariesmartorell.org\/entre-tots\/wp-json\/wp\/v2\/tags?post=11821"}],"curies":[{"name":"wp","href":"https:\/\/api.w.org\/{rel}","templated":true}]}}