{"id":11827,"date":"2025-07-30T07:53:36","date_gmt":"2025-07-30T06:53:36","guid":{"rendered":"https:\/\/fundaciohospitalariesmartorell.org\/entre-tots\/?p=11827"},"modified":"2025-07-30T07:53:38","modified_gmt":"2025-07-30T06:53:38","slug":"el-galaxy-martorell-tanca-amb-exit-la-seva-primera-temporada-a-la-lliga-inclusiva-de-salut-mental","status":"publish","type":"post","link":"https:\/\/fundaciohospitalariesmartorell.org\/entre-tots\/2025\/07\/el-galaxy-martorell-tanca-amb-exit-la-seva-primera-temporada-a-la-lliga-inclusiva-de-salut-mental\/","title":{"rendered":"El Galaxy Martorell tanca amb \u00e8xit la seva primera temporada a la Lliga inclusiva de salut mental"},"content":{"rendered":"\n<figure class=\"wp-block-image size-large\"><img loading=\"lazy\" decoding=\"async\" width=\"1024\" height=\"575\" src=\"https:\/\/fundaciohospitalariesmartorell.org\/entre-tots\/wp-content\/uploads\/2025\/07\/WhatsApp-Image-2025-05-16-at-13.33.33-1-edited-1024x575.jpeg\" alt=\"\" class=\"wp-image-11828\" srcset=\"https:\/\/fundaciohospitalariesmartorell.org\/entre-tots\/wp-content\/uploads\/2025\/07\/WhatsApp-Image-2025-05-16-at-13.33.33-1-edited-1024x575.jpeg 1024w, https:\/\/fundaciohospitalariesmartorell.org\/entre-tots\/wp-content\/uploads\/2025\/07\/WhatsApp-Image-2025-05-16-at-13.33.33-1-edited-300x169.jpeg 300w, https:\/\/fundaciohospitalariesmartorell.org\/entre-tots\/wp-content\/uploads\/2025\/07\/WhatsApp-Image-2025-05-16-at-13.33.33-1-edited-768x432.jpeg 768w, https:\/\/fundaciohospitalariesmartorell.org\/entre-tots\/wp-content\/uploads\/2025\/07\/WhatsApp-Image-2025-05-16-at-13.33.33-1-edited-1536x863.jpeg 1536w, https:\/\/fundaciohospitalariesmartorell.org\/entre-tots\/wp-content\/uploads\/2025\/07\/WhatsApp-Image-2025-05-16-at-13.33.33-1-edited-1320x742.jpeg 1320w, https:\/\/fundaciohospitalariesmartorell.org\/entre-tots\/wp-content\/uploads\/2025\/07\/WhatsApp-Image-2025-05-16-at-13.33.33-1-edited.jpeg 1600w\" sizes=\"auto, (max-width: 1024px) 100vw, 1024px\" \/><\/figure>\n\n\n\n<p>La temporada de debut del Galaxy Martorell a la Lliga inclusiva de salut mental ha estat tot un \u00e8xit. N&#8217;ha destacat la intensitat dels partits i la qualitat futbol\u00edstica dels equips participants. La competici\u00f3 ha superat les expectatives, consolidant-se com una lliga atractiva, competitiva i plena de valors esportius.<\/p>\n\n\n\n<p>Des de l&#8217;inici, el Galaxy Martorell ha representat uns valors marcats pel companyerisme, el respecte i la superaci\u00f3 constant, mantenint sempre una actitud positiva i lluitadora, independentment del resultat. Al llarg de la temporada, l&#8217;equip ha viscut canvis a la plantilla: algunes baixes degudes a altes hospital\u00e0ries i noves incorporacions, que han enriquit el grup, aportant noves perspectives i energia.<\/p>\n\n\n\n<p>Pel que fa a la competici\u00f3, la temporada ha comptat amb partits molt disputats, amb remuntades destacables i situacions que han perm\u00e8s aprendre, cr\u00e9ixer i consolidar l\u2019equip. Tant les vict\u00f2ries com les derrotes han estat oportunitats de millora i de cohesi\u00f3, assegura Jes\u00fas Lago, entrenador del nostre equip. <\/p>\n\n\n\n<figure class=\"wp-block-image size-large\"><img loading=\"lazy\" decoding=\"async\" width=\"2560\" height=\"1707\" src=\"https:\/\/fundaciohospitalariesmartorell.org\/entre-tots\/wp-content\/uploads\/2025\/07\/IMG_5842-scaled-1-edited.jpeg\" alt=\"\" class=\"wp-image-11830\" srcset=\"https:\/\/fundaciohospitalariesmartorell.org\/entre-tots\/wp-content\/uploads\/2025\/07\/IMG_5842-scaled-1-edited.jpeg 2560w, https:\/\/fundaciohospitalariesmartorell.org\/entre-tots\/wp-content\/uploads\/2025\/07\/IMG_5842-scaled-1-edited-300x200.jpeg 300w, https:\/\/fundaciohospitalariesmartorell.org\/entre-tots\/wp-content\/uploads\/2025\/07\/IMG_5842-scaled-1-edited-1024x683.jpeg 1024w, https:\/\/fundaciohospitalariesmartorell.org\/entre-tots\/wp-content\/uploads\/2025\/07\/IMG_5842-scaled-1-edited-768x512.jpeg 768w, https:\/\/fundaciohospitalariesmartorell.org\/entre-tots\/wp-content\/uploads\/2025\/07\/IMG_5842-scaled-1-edited-1536x1024.jpeg 1536w, https:\/\/fundaciohospitalariesmartorell.org\/entre-tots\/wp-content\/uploads\/2025\/07\/IMG_5842-scaled-1-edited-2048x1366.jpeg 2048w, https:\/\/fundaciohospitalariesmartorell.org\/entre-tots\/wp-content\/uploads\/2025\/07\/IMG_5842-scaled-1-edited-1320x880.jpeg 1320w\" sizes=\"auto, (max-width: 2560px) 100vw, 2560px\" \/><\/figure>\n\n\n\n<p>M\u00e9s enll\u00e0 de la lliga, l\u2019equip ha participat en amistosos amb l\u2019hospital de Sant Boi i en una jornada especial amb el club Sala 5 Martorell, refor\u00e7ant els vincles amb altres entitats del territori. La cloenda de la temporada, que es va celebrar a Vilafranca del Pened\u00e8s, va reunir tots els equips en una jornada de conviv\u00e8ncia on es van formar equips mixtos per fomentar la germanor entre jugadors de diferents clubs.<\/p>\n\n\n\n<p>La temporada ha estat acompanyada d\u2019activitats socials com el dinar de Nadal i el dinar de final de temporada, iniciatives que han contribu\u00eft a refor\u00e7ar la cohesi\u00f3 del grup i el bon ambient.<\/p>\n\n\n\n<p>Cal destacar la tasca de l\u2019equip de terapeutes ocupacionals, que han estat clau en l\u2019organitzaci\u00f3 i desenvolupament de cada partit. Tamb\u00e9 mereix un reconeixement especial el p\u00fablic assistent, que ha animat l\u2019equip jornada rere jornada.<\/p>\n\n\n\n<p>Amb la mirada posada a la pr\u00f2xima temporada, prevista per al mes d\u2019octubre, el Galaxy Martorell es prepara per afrontar nous reptes amb un equip m\u00e9s compacte i madur, amb l\u2019objectiu de continuar gaudint del futbol i, si \u00e9s possible, aspirar a posicions de podi. Tot aix\u00f2, sense perdre de vista l\u2019ess\u00e8ncia del projecte: divertir-se, cr\u00e9ixer i compartir a trav\u00e9s de l\u2019esport.<\/p>\n\n\n\n<figure class=\"wp-block-image size-large\"><img loading=\"lazy\" decoding=\"async\" width=\"2560\" height=\"1707\" src=\"https:\/\/fundaciohospitalariesmartorell.org\/entre-tots\/wp-content\/uploads\/2025\/07\/IMG_2870-scaled-1-edited.jpg\" alt=\"\" class=\"wp-image-11832\" srcset=\"https:\/\/fundaciohospitalariesmartorell.org\/entre-tots\/wp-content\/uploads\/2025\/07\/IMG_2870-scaled-1-edited.jpg 2560w, https:\/\/fundaciohospitalariesmartorell.org\/entre-tots\/wp-content\/uploads\/2025\/07\/IMG_2870-scaled-1-edited-300x200.jpg 300w, https:\/\/fundaciohospitalariesmartorell.org\/entre-tots\/wp-content\/uploads\/2025\/07\/IMG_2870-scaled-1-edited-1024x683.jpg 1024w, https:\/\/fundaciohospitalariesmartorell.org\/entre-tots\/wp-content\/uploads\/2025\/07\/IMG_2870-scaled-1-edited-768x512.jpg 768w, https:\/\/fundaciohospitalariesmartorell.org\/entre-tots\/wp-content\/uploads\/2025\/07\/IMG_2870-scaled-1-edited-1536x1024.jpg 1536w, https:\/\/fundaciohospitalariesmartorell.org\/entre-tots\/wp-content\/uploads\/2025\/07\/IMG_2870-scaled-1-edited-2048x1366.jpg 2048w, https:\/\/fundaciohospitalariesmartorell.org\/entre-tots\/wp-content\/uploads\/2025\/07\/IMG_2870-scaled-1-edited-1320x880.jpg 1320w\" sizes=\"auto, (max-width: 2560px) 100vw, 2560px\" \/><\/figure>\n","protected":false},"excerpt":{"rendered":"<p>La temporada de debut del Galaxy Martorell a la Lliga inclusiva de salut mental ha estat tot un \u00e8xit. N&#8217;ha destacat la intensitat dels partits i la qualitat futbol\u00edstica dels equips participants. La competici\u00f3 ha superat les expectatives, consolidant-se com una lliga atractiva, competitiva i plena de valors esportius. Des de l&#8217;inici, el Galaxy Martorell [&hellip;]<\/p>\n","protected":false},"author":6,"featured_media":11828,"comment_status":"closed","ping_status":"closed","sticky":false,"template":"","format":"standard","meta":{"footnotes":""},"categories":[27,57],"tags":[],"class_list":["post-11827","post","type-post","status-publish","format-standard","has-post-thumbnail","hentry","category-actualitat","category-usuaris-es"],"blocksy_meta":[],"featured_image_urls_v2":{"full":["https:\/\/fundaciohospitalariesmartorell.org\/entre-tots\/wp-content\/uploads\/2025\/07\/WhatsApp-Image-2025-05-16-at-13.33.33-1-edited.jpeg",1600,899,false],"thumbnail":["https:\/\/fundaciohospitalariesmartorell.org\/entre-tots\/wp-content\/uploads\/2025\/07\/WhatsApp-Image-2025-05-16-at-13.33.33-1-edited-150x150.jpeg",150,150,true],"medium":["https:\/\/fundaciohospitalariesmartorell.org\/entre-tots\/wp-content\/uploads\/2025\/07\/WhatsApp-Image-2025-05-16-at-13.33.33-1-edited-300x169.jpeg",300,169,true],"medium_large":["https:\/\/fundaciohospitalariesmartorell.org\/entre-tots\/wp-content\/uploads\/2025\/07\/WhatsApp-Image-2025-05-16-at-13.33.33-1-edited-768x432.jpeg",768,432,true],"large":["https:\/\/fundaciohospitalariesmartorell.org\/entre-tots\/wp-content\/uploads\/2025\/07\/WhatsApp-Image-2025-05-16-at-13.33.33-1-edited-1024x575.jpeg",1024,575,true],"1536x1536":["https:\/\/fundaciohospitalariesmartorell.org\/entre-tots\/wp-content\/uploads\/2025\/07\/WhatsApp-Image-2025-05-16-at-13.33.33-1-edited-1536x863.jpeg",1536,863,true],"2048x2048":["https:\/\/fundaciohospitalariesmartorell.org\/entre-tots\/wp-content\/uploads\/2025\/07\/WhatsApp-Image-2025-05-16-at-13.33.33-1-edited.jpeg",1600,899,false],"mailpoet_newsletter_max":["https:\/\/fundaciohospitalariesmartorell.org\/entre-tots\/wp-content\/uploads\/2025\/07\/WhatsApp-Image-2025-05-16-at-13.33.33-1-edited-1320x742.jpeg",1320,742,true]},"post_excerpt_stackable_v2":"<p>La temporada de debut del Galaxy Martorell a la Lliga inclusiva de salut mental ha estat tot un \u00e8xit. N&#8217;ha destacat la intensitat dels partits i la qualitat futbol\u00edstica dels equips participants. La competici\u00f3 ha superat les expectatives, consolidant-se com una lliga atractiva, competitiva i plena de valors esportius. Des de l&#8217;inici, el Galaxy Martorell ha representat uns valors marcats pel companyerisme, el respecte i la superaci\u00f3 constant, mantenint sempre una actitud positiva i lluitadora, independentment del resultat. Al llarg de la temporada, l&#8217;equip ha viscut canvis a la plantilla: algunes baixes degudes a altes hospital\u00e0ries i noves incorporacions, que&hellip;<\/p>\n","category_list_v2":"<a href=\"https:\/\/fundaciohospitalariesmartorell.org\/entre-tots\/category\/actualitat\/\" rel=\"category tag\">ACTUALITAT<\/a>, <a href=\"https:\/\/fundaciohospitalariesmartorell.org\/entre-tots\/category\/actualitat\/usuaris-es\/\" rel=\"category tag\">USUARIS\/ES<\/a>","author_info_v2":{"name":"Martorell_comunicacio","url":"https:\/\/fundaciohospitalariesmartorell.org\/entre-tots\/author\/martorell_comunicacio\/"},"comments_num_v2":"0 comments","_links":{"self":[{"href":"https:\/\/fundaciohospitalariesmartorell.org\/entre-tots\/wp-json\/wp\/v2\/posts\/11827","targetHints":{"allow":["GET"]}}],"collection":[{"href":"https:\/\/fundaciohospitalariesmartorell.org\/entre-tots\/wp-json\/wp\/v2\/posts"}],"about":[{"href":"https:\/\/fundaciohospitalariesmartorell.org\/entre-tots\/wp-json\/wp\/v2\/types\/post"}],"author":[{"embeddable":true,"href":"https:\/\/fundaciohospitalariesmartorell.org\/entre-tots\/wp-json\/wp\/v2\/users\/6"}],"replies":[{"embeddable":true,"href":"https:\/\/fundaciohospitalariesmartorell.org\/entre-tots\/wp-json\/wp\/v2\/comments?post=11827"}],"version-history":[{"count":2,"href":"https:\/\/fundaciohospitalariesmartorell.org\/entre-tots\/wp-json\/wp\/v2\/posts\/11827\/revisions"}],"predecessor-version":[{"id":11834,"href":"https:\/\/fundaciohospitalariesmartorell.org\/entre-tots\/wp-json\/wp\/v2\/posts\/11827\/revisions\/11834"}],"wp:featuredmedia":[{"embeddable":true,"href":"https:\/\/fundaciohospitalariesmartorell.org\/entre-tots\/wp-json\/wp\/v2\/media\/11828"}],"wp:attachment":[{"href":"https:\/\/fundaciohospitalariesmartorell.org\/entre-tots\/wp-json\/wp\/v2\/media?parent=11827"}],"wp:term":[{"taxonomy":"category","embeddable":true,"href":"https:\/\/fundaciohospitalariesmartorell.org\/entre-tots\/wp-json\/wp\/v2\/categories?post=11827"},{"taxonomy":"post_tag","embeddable":true,"href":"https:\/\/fundaciohospitalariesmartorell.org\/entre-tots\/wp-json\/wp\/v2\/tags?post=11827"}],"curies":[{"name":"wp","href":"https:\/\/api.w.org\/{rel}","templated":true}]}}