{"id":11861,"date":"2025-09-08T08:47:52","date_gmt":"2025-09-08T07:47:52","guid":{"rendered":"https:\/\/fundaciohospitalariesmartorell.org\/entre-tots\/?p=11861"},"modified":"2025-09-08T09:03:59","modified_gmt":"2025-09-08T08:03:59","slug":"tornada-a-lescola-roger-ballesca-validar-les-emocions-dels-infants-els-ajuda-a-gestionar-les","status":"publish","type":"post","link":"https:\/\/fundaciohospitalariesmartorell.org\/entre-tots\/2025\/09\/tornada-a-lescola-roger-ballesca-validar-les-emocions-dels-infants-els-ajuda-a-gestionar-les\/","title":{"rendered":"Tornada a l&#8217;escola | Roger Ballesc\u00e0: &#8220;Validar les emocions dels infants els ajuda a gestionar-les&#8221;"},"content":{"rendered":"\n<figure class=\"wp-block-image size-large\"><img loading=\"lazy\" decoding=\"async\" width=\"1600\" height=\"1067\" src=\"https:\/\/fundaciohospitalariesmartorell.org\/entre-tots\/wp-content\/uploads\/2025\/09\/image-edited.png\" alt=\"\" class=\"wp-image-11863\" srcset=\"https:\/\/fundaciohospitalariesmartorell.org\/entre-tots\/wp-content\/uploads\/2025\/09\/image-edited.png 1600w, https:\/\/fundaciohospitalariesmartorell.org\/entre-tots\/wp-content\/uploads\/2025\/09\/image-edited-300x200.png 300w, https:\/\/fundaciohospitalariesmartorell.org\/entre-tots\/wp-content\/uploads\/2025\/09\/image-edited-1024x683.png 1024w, https:\/\/fundaciohospitalariesmartorell.org\/entre-tots\/wp-content\/uploads\/2025\/09\/image-edited-768x512.png 768w, https:\/\/fundaciohospitalariesmartorell.org\/entre-tots\/wp-content\/uploads\/2025\/09\/image-edited-1536x1024.png 1536w, https:\/\/fundaciohospitalariesmartorell.org\/entre-tots\/wp-content\/uploads\/2025\/09\/image-edited-1320x880.png 1320w\" sizes=\"auto, (max-width: 1600px) 100vw, 1600px\" \/><\/figure>\n\n\n\n<p><strong><span style=\"color: var(--theme-palette-color-1, #9f2b68);\" class=\"stk-highlight\">De quina manera podem ajudar els infants a recuperar les rutines i els horaris amb m\u00e9s facilitat? Com haurien de ser els comiats per tal que fossin m\u00e9s tranquils i respectuosos amb les emocions dels nens? Perqu\u00e8 un infant es resisteixi o es nega a tornar a l\u2019escola?<\/span><\/strong><\/p>\n\n\n\n<p>El psic\u00f2leg Roger Ballesc\u00e0, psicoterapeuta i coordinador de l\u2019\u00c0rea de Salut Mental Infantojuvenil de la Fundaci\u00f3 Hospital\u00e0ries Martorell, ha participat en el programa de Catalunya R\u00e0dio <em><a href=\"https:\/\/www.3cat.cat\/3cat\/com-evitar-que-sels-faci-una-muntanya-la-tornada-a-lescola\/audio\/1253172\/\">L\u2019ofici d\u2019educar<\/a><\/em> per analitzar com viuen els infants i adolescents la tornada a l\u2019escola i quines claus poden ajudar fam\u00edlies i docents.<\/p>\n\n\n\n<p>Segons Ballesc\u00e0, la tornada no sempre es viu amb alegria: &#8220;Els canvis d\u2019etapa poden generar nervis, tristesa o por. En lloc de dir-los que no han d\u2019estar tristos o nerviosos, \u00e9s molt m\u00e9s \u00fatil dir-los que \u00e9s normal sentir-ho i que aquesta emoci\u00f3 passar\u00e0.&#8221; Validar el que senten, assegura, els ajuda a gestionar-ho millor.<\/p>\n\n\n\n<p>El psic\u00f2leg tamb\u00e9 posa l\u2019accent en la import\u00e0ncia de recuperar les rutines amb condicions favorables, per\u00f2 sense oblidar l\u2019oci i el descans: &#8220;No puc for\u00e7ar un nen a dormir o a menjar, per\u00f2 s\u00ed crear l\u2019entorn adequat: anar al llit, apagar el llum i estar tranquil, sense pantalles.&#8221;<\/p>\n\n\n\n<p>Sobre els infants que es resisteixen a tornar a l\u2019escola, Ballesc\u00e0 alerta que pot ser un senyal de patiment important: &#8220;Si un infant no se sent competent o t\u00e9 dificultats d\u2019aprenentatge, o b\u00e9 pateix problemes en les relacions amb companys, pors o situacions d\u2019assetjament, \u00e9s l\u00f2gic que s\u2019hi resisteixi. Cal investigar qu\u00e8 hi ha darrere.&#8221; Tamb\u00e9 reclama m\u00e9s recursos p\u00fablics perqu\u00e8 les fam\u00edlies no quedin desateses despr\u00e9s d\u2019un diagn\u00f2stic: &#8220;El seg\u00fcent pas hauria de ser que les administracions donessin una bona resposta i una intervenci\u00f3 preco\u00e7.&#8221;<\/p>\n\n\n\n<p>Un altre aspecte clau per Ballesc\u00e0 s\u00f3n els comiats a la porta de l\u2019escola o en qualsevol activitat. Recomana anticipar-los i acceptar que els infants poden expressar el seu malestar: &#8220;No podem pretendre que ens facin cas amb un somriure. El principal error \u00e9s voler raonar amb un nen enrabiat; cal mantenir la calma.&#8221; Tamb\u00e9 recorda que la separaci\u00f3 genera angoixa tant en els fills com en els pares: &#8220;\u00c9s important verbalitzar-ho, dir-los que a nosaltres tamb\u00e9 ens costa una mica, per\u00f2 que aviat estaran millor.&#8221;<\/p>\n\n\n\n<p>Finalment, Ballesc\u00e0 adverteix sobre la gesti\u00f3 de les pantalles, especialment en adolescents: &#8220;Pretendre que es regulin sols \u00e9s com esperar que un nen de quatre anys amb una bossa de llaminadures nom\u00e9s en mengi dues i pari. Aix\u00f2 no passa. Necessiten regulaci\u00f3 externa fins que siguin capa\u00e7os d\u2019assumir-la internament.&#8221;<\/p>\n\n\n\n<p><\/p>\n","protected":false},"excerpt":{"rendered":"<p>De quina manera podem ajudar els infants a recuperar les rutines i els horaris amb m\u00e9s facilitat? Com haurien de ser els comiats per tal que fossin m\u00e9s tranquils i respectuosos amb les emocions dels nens? Perqu\u00e8 un infant es resisteixi o es nega a tornar a l\u2019escola? El psic\u00f2leg Roger Ballesc\u00e0, psicoterapeuta i coordinador [&hellip;]<\/p>\n","protected":false},"author":6,"featured_media":11863,"comment_status":"closed","ping_status":"","sticky":false,"template":"","format":"standard","meta":{"footnotes":""},"categories":[27,44],"tags":[],"class_list":["post-11861","post","type-post","status-publish","format-standard","has-post-thumbnail","hentry","category-actualitat","category-entre-noticies"],"blocksy_meta":[],"featured_image_urls_v2":{"full":["https:\/\/fundaciohospitalariesmartorell.org\/entre-tots\/wp-content\/uploads\/2025\/09\/image-edited.png",1600,1067,false],"thumbnail":["https:\/\/fundaciohospitalariesmartorell.org\/entre-tots\/wp-content\/uploads\/2025\/09\/image-edited-150x150.png",150,150,true],"medium":["https:\/\/fundaciohospitalariesmartorell.org\/entre-tots\/wp-content\/uploads\/2025\/09\/image-edited-300x200.png",300,200,true],"medium_large":["https:\/\/fundaciohospitalariesmartorell.org\/entre-tots\/wp-content\/uploads\/2025\/09\/image-edited-768x512.png",768,512,true],"large":["https:\/\/fundaciohospitalariesmartorell.org\/entre-tots\/wp-content\/uploads\/2025\/09\/image-edited-1024x683.png",1024,683,true],"1536x1536":["https:\/\/fundaciohospitalariesmartorell.org\/entre-tots\/wp-content\/uploads\/2025\/09\/image-edited-1536x1024.png",1536,1024,true],"2048x2048":["https:\/\/fundaciohospitalariesmartorell.org\/entre-tots\/wp-content\/uploads\/2025\/09\/image-edited.png",1600,1067,false],"mailpoet_newsletter_max":["https:\/\/fundaciohospitalariesmartorell.org\/entre-tots\/wp-content\/uploads\/2025\/09\/image-edited-1320x880.png",1320,880,true]},"post_excerpt_stackable_v2":"<p>De quina manera podem ajudar els infants a recuperar les rutines i els horaris amb m\u00e9s facilitat? Com haurien de ser els comiats per tal que fossin m\u00e9s tranquils i respectuosos amb les emocions dels nens? Perqu\u00e8 un infant es resisteixi o es nega a tornar a l\u2019escola? El psic\u00f2leg Roger Ballesc\u00e0, psicoterapeuta i coordinador de l\u2019\u00c0rea de Salut Mental Infantojuvenil de la Fundaci\u00f3 Hospital\u00e0ries Martorell, ha participat en el programa de Catalunya R\u00e0dio L\u2019ofici d\u2019educar per analitzar com viuen els infants i adolescents la tornada a l\u2019escola i quines claus poden ajudar fam\u00edlies i docents. Segons Ballesc\u00e0, la tornada&hellip;<\/p>\n","category_list_v2":"<a href=\"https:\/\/fundaciohospitalariesmartorell.org\/entre-tots\/category\/actualitat\/\" rel=\"category tag\">ACTUALITAT<\/a>, <a href=\"https:\/\/fundaciohospitalariesmartorell.org\/entre-tots\/category\/entre-noticies\/\" rel=\"category tag\">ENTRE NOT\u00cdCIES<\/a>","author_info_v2":{"name":"Martorell_comunicacio","url":"https:\/\/fundaciohospitalariesmartorell.org\/entre-tots\/author\/martorell_comunicacio\/"},"comments_num_v2":"0 comments","_links":{"self":[{"href":"https:\/\/fundaciohospitalariesmartorell.org\/entre-tots\/wp-json\/wp\/v2\/posts\/11861","targetHints":{"allow":["GET"]}}],"collection":[{"href":"https:\/\/fundaciohospitalariesmartorell.org\/entre-tots\/wp-json\/wp\/v2\/posts"}],"about":[{"href":"https:\/\/fundaciohospitalariesmartorell.org\/entre-tots\/wp-json\/wp\/v2\/types\/post"}],"author":[{"embeddable":true,"href":"https:\/\/fundaciohospitalariesmartorell.org\/entre-tots\/wp-json\/wp\/v2\/users\/6"}],"replies":[{"embeddable":true,"href":"https:\/\/fundaciohospitalariesmartorell.org\/entre-tots\/wp-json\/wp\/v2\/comments?post=11861"}],"version-history":[{"count":2,"href":"https:\/\/fundaciohospitalariesmartorell.org\/entre-tots\/wp-json\/wp\/v2\/posts\/11861\/revisions"}],"predecessor-version":[{"id":11866,"href":"https:\/\/fundaciohospitalariesmartorell.org\/entre-tots\/wp-json\/wp\/v2\/posts\/11861\/revisions\/11866"}],"wp:featuredmedia":[{"embeddable":true,"href":"https:\/\/fundaciohospitalariesmartorell.org\/entre-tots\/wp-json\/wp\/v2\/media\/11863"}],"wp:attachment":[{"href":"https:\/\/fundaciohospitalariesmartorell.org\/entre-tots\/wp-json\/wp\/v2\/media?parent=11861"}],"wp:term":[{"taxonomy":"category","embeddable":true,"href":"https:\/\/fundaciohospitalariesmartorell.org\/entre-tots\/wp-json\/wp\/v2\/categories?post=11861"},{"taxonomy":"post_tag","embeddable":true,"href":"https:\/\/fundaciohospitalariesmartorell.org\/entre-tots\/wp-json\/wp\/v2\/tags?post=11861"}],"curies":[{"name":"wp","href":"https:\/\/api.w.org\/{rel}","templated":true}]}}