{"id":11868,"date":"2025-09-09T10:37:47","date_gmt":"2025-09-09T09:37:47","guid":{"rendered":"https:\/\/fundaciohospitalariesmartorell.org\/entre-tots\/?p=11868"},"modified":"2025-09-09T12:44:25","modified_gmt":"2025-09-09T11:44:25","slug":"carta-dagraiment-des-de-lindia","status":"publish","type":"post","link":"https:\/\/fundaciohospitalariesmartorell.org\/entre-tots\/2025\/09\/carta-dagraiment-des-de-lindia\/","title":{"rendered":"Carta d&#8217;agra\u00efment des de l&#8217;\u00cdndia"},"content":{"rendered":"\n<p>La superiora local i la directora gerent del Benedict Menni Psychosocial Rehabilitation Centre, destinatari de la recaptaci\u00f3 solid\u00e0ria de la Fundaci\u00f3 Hospital\u00e0ries Martorell durant el 2024, ens han fet arribar una carta d\u2019agra\u00efment adre\u00e7ada a tot el personal col\u00b7laborador que va <a href=\"https:\/\/fundaciohospitalariesmartorell.org\/entre-tots\/2024\/02\/lhospital-sagrat-cor-se-solidaritzara-el-2024-amb-dones-amb-malaltia-mental-altament-vulnerables-a-lindia\/\">contribuir <\/a>al finan\u00e7ament del projecte destinat a dones amb trastorn mental en situaci\u00f3 d\u2019alta vulnerabilitat a l\u2019\u00cdndia.<\/p>\n\n\n\n<figure class=\"wp-block-image size-large\"><img loading=\"lazy\" decoding=\"async\" width=\"1024\" height=\"768\" src=\"https:\/\/fundaciohospitalariesmartorell.org\/entre-tots\/wp-content\/uploads\/2025\/09\/image-1-1024x768.png\" alt=\"\" class=\"wp-image-11870\" srcset=\"https:\/\/fundaciohospitalariesmartorell.org\/entre-tots\/wp-content\/uploads\/2025\/09\/image-1-1024x768.png 1024w, https:\/\/fundaciohospitalariesmartorell.org\/entre-tots\/wp-content\/uploads\/2025\/09\/image-1-300x225.png 300w, https:\/\/fundaciohospitalariesmartorell.org\/entre-tots\/wp-content\/uploads\/2025\/09\/image-1-768x576.png 768w, https:\/\/fundaciohospitalariesmartorell.org\/entre-tots\/wp-content\/uploads\/2025\/09\/image-1-1536x1152.png 1536w, https:\/\/fundaciohospitalariesmartorell.org\/entre-tots\/wp-content\/uploads\/2025\/09\/image-1-1320x990.png 1320w, https:\/\/fundaciohospitalariesmartorell.org\/entre-tots\/wp-content\/uploads\/2025\/09\/image-1.png 2048w\" sizes=\"auto, (max-width: 1024px) 100vw, 1024px\" \/><\/figure>\n\n\n\n<blockquote class=\"wp-block-quote is-layout-flow wp-block-quote-is-layout-flow\">\n<p>Muy queridos todos<\/p>\n\n\n\n<p>Desde la Fundaci\u00f3n Benito Menni, en Madrid, nos comunicaron que hab\u00e9is colaborado en el Proyecto que presentamos el a\u00f1o 2024 para nuestro centro Benedict Menni Psichosocial Rehabilitation Centre.<\/p>\n\n\n\n<p>Con estas letras queremos agradecer de coraz\u00f3n vuestra sensibilidad y colaboraci\u00f3n hacia nuestra misi\u00f3n aqu\u00ed en Trivandrum, India. El centro, en este momento, cuenta con 59 residentes de las 60 plazas disponibles. M\u00e1s de la mitad proceden de la calle y el resto de sus familias, las residentes procedentes de la calle, despu\u00e9s de la covid, han disminuido considerablemente pues hay menos control policial por las calles.<\/p>\n\n\n\n<p>Hay un gran desconocimiento de la enfermedad mental y nuestro objetivo es el de seguir trabajando con las familias y con el entorno para darla a conocer, no es f\u00e1cil pero es muy necesario.<\/p>\n\n\n\n<p>El centro est\u00e1 bien reconocido por las autoridades de la salud. Contamos con la ayuda y colaboraci\u00f3n de estudiantes de terapia ocupacional, de trabajo social y con el apoyo de la gente sencilla que nos ofrecen comida, productos de limpieza, etc. y seguimos contando tambi\u00e9n con vuestro colaboraci\u00f3n para mejorar la calidad de vida de nuestras residentes.<\/p>\n\n\n\n<p>Una vez mas, gracias por vuestra apoyo y nos sentimos unidas a toda la familia hospitalaria que trabaja por curar y hacer m\u00e1s f\u00e1cil la vida a tantas personas que sufren problemas mentales.<\/p>\n\n\n\n<p><br>Sr. Soshy J. Soman<br>Directora Gerente<\/p>\n\n\n\n<p>Sr. Daryl B. Capuno<br>Superiora local<\/p>\n<\/blockquote>\n\n\n\n<p><\/p>\n","protected":false},"excerpt":{"rendered":"<p>La superiora local i la directora gerent del Benedict Menni Psychosocial Rehabilitation Centre, destinatari de la recaptaci\u00f3 solid\u00e0ria de la Fundaci\u00f3 Hospital\u00e0ries Martorell durant el 2024, ens han fet arribar una carta d\u2019agra\u00efment adre\u00e7ada a tot el personal col\u00b7laborador que va contribuir al finan\u00e7ament del projecte destinat a dones amb trastorn mental en situaci\u00f3 d\u2019alta [&hellip;]<\/p>\n","protected":false},"author":6,"featured_media":11870,"comment_status":"closed","ping_status":"closed","sticky":false,"template":"","format":"standard","meta":{"footnotes":""},"categories":[27,58],"tags":[],"class_list":["post-11868","post","type-post","status-publish","format-standard","has-post-thumbnail","hentry","category-actualitat","category-collaboradors-es"],"blocksy_meta":[],"featured_image_urls_v2":{"full":["https:\/\/fundaciohospitalariesmartorell.org\/entre-tots\/wp-content\/uploads\/2025\/09\/image-1.png",2048,1536,false],"thumbnail":["https:\/\/fundaciohospitalariesmartorell.org\/entre-tots\/wp-content\/uploads\/2025\/09\/image-1-150x150.png",150,150,true],"medium":["https:\/\/fundaciohospitalariesmartorell.org\/entre-tots\/wp-content\/uploads\/2025\/09\/image-1-300x225.png",300,225,true],"medium_large":["https:\/\/fundaciohospitalariesmartorell.org\/entre-tots\/wp-content\/uploads\/2025\/09\/image-1-768x576.png",768,576,true],"large":["https:\/\/fundaciohospitalariesmartorell.org\/entre-tots\/wp-content\/uploads\/2025\/09\/image-1-1024x768.png",1024,768,true],"1536x1536":["https:\/\/fundaciohospitalariesmartorell.org\/entre-tots\/wp-content\/uploads\/2025\/09\/image-1-1536x1152.png",1536,1152,true],"2048x2048":["https:\/\/fundaciohospitalariesmartorell.org\/entre-tots\/wp-content\/uploads\/2025\/09\/image-1.png",2048,1536,false],"mailpoet_newsletter_max":["https:\/\/fundaciohospitalariesmartorell.org\/entre-tots\/wp-content\/uploads\/2025\/09\/image-1-1320x990.png",1320,990,true]},"post_excerpt_stackable_v2":"<p>La superiora local i la directora gerent del Benedict Menni Psychosocial Rehabilitation Centre, destinatari de la recaptaci\u00f3 solid\u00e0ria de la Fundaci\u00f3 Hospital\u00e0ries Martorell durant el 2024, ens han fet arribar una carta d\u2019agra\u00efment adre\u00e7ada a tot el personal col\u00b7laborador que va contribuir al finan\u00e7ament del projecte destinat a dones amb trastorn mental en situaci\u00f3 d\u2019alta vulnerabilitat a l\u2019\u00cdndia. Muy queridos todos Desde la Fundaci\u00f3n Benito Menni, en Madrid, nos comunicaron que hab\u00e9is colaborado en el Proyecto que presentamos el a\u00f1o 2024 para nuestro centro Benedict Menni Psichosocial Rehabilitation Centre. Con estas letras queremos agradecer de coraz\u00f3n vuestra sensibilidad y colaboraci\u00f3n&hellip;<\/p>\n","category_list_v2":"<a href=\"https:\/\/fundaciohospitalariesmartorell.org\/entre-tots\/category\/actualitat\/\" rel=\"category tag\">ACTUALITAT<\/a>, <a href=\"https:\/\/fundaciohospitalariesmartorell.org\/entre-tots\/category\/actualitat\/col%c2%b7laboradors-es\/\" rel=\"category tag\">COL\u00b7LABORADORS\/ES<\/a>","author_info_v2":{"name":"Martorell_comunicacio","url":"https:\/\/fundaciohospitalariesmartorell.org\/entre-tots\/author\/martorell_comunicacio\/"},"comments_num_v2":"0 comments","_links":{"self":[{"href":"https:\/\/fundaciohospitalariesmartorell.org\/entre-tots\/wp-json\/wp\/v2\/posts\/11868","targetHints":{"allow":["GET"]}}],"collection":[{"href":"https:\/\/fundaciohospitalariesmartorell.org\/entre-tots\/wp-json\/wp\/v2\/posts"}],"about":[{"href":"https:\/\/fundaciohospitalariesmartorell.org\/entre-tots\/wp-json\/wp\/v2\/types\/post"}],"author":[{"embeddable":true,"href":"https:\/\/fundaciohospitalariesmartorell.org\/entre-tots\/wp-json\/wp\/v2\/users\/6"}],"replies":[{"embeddable":true,"href":"https:\/\/fundaciohospitalariesmartorell.org\/entre-tots\/wp-json\/wp\/v2\/comments?post=11868"}],"version-history":[{"count":3,"href":"https:\/\/fundaciohospitalariesmartorell.org\/entre-tots\/wp-json\/wp\/v2\/posts\/11868\/revisions"}],"predecessor-version":[{"id":11872,"href":"https:\/\/fundaciohospitalariesmartorell.org\/entre-tots\/wp-json\/wp\/v2\/posts\/11868\/revisions\/11872"}],"wp:featuredmedia":[{"embeddable":true,"href":"https:\/\/fundaciohospitalariesmartorell.org\/entre-tots\/wp-json\/wp\/v2\/media\/11870"}],"wp:attachment":[{"href":"https:\/\/fundaciohospitalariesmartorell.org\/entre-tots\/wp-json\/wp\/v2\/media?parent=11868"}],"wp:term":[{"taxonomy":"category","embeddable":true,"href":"https:\/\/fundaciohospitalariesmartorell.org\/entre-tots\/wp-json\/wp\/v2\/categories?post=11868"},{"taxonomy":"post_tag","embeddable":true,"href":"https:\/\/fundaciohospitalariesmartorell.org\/entre-tots\/wp-json\/wp\/v2\/tags?post=11868"}],"curies":[{"name":"wp","href":"https:\/\/api.w.org\/{rel}","templated":true}]}}