{"id":11873,"date":"2025-09-10T13:45:32","date_gmt":"2025-09-10T12:45:32","guid":{"rendered":"https:\/\/fundaciohospitalariesmartorell.org\/entre-tots\/?p=11873"},"modified":"2025-09-10T13:46:28","modified_gmt":"2025-09-10T12:46:28","slug":"dia-mundial-per-a-la-prevencio-del-suicidi-ens-unim-al-manifest-per-la-vida","status":"publish","type":"post","link":"https:\/\/fundaciohospitalariesmartorell.org\/entre-tots\/2025\/09\/dia-mundial-per-a-la-prevencio-del-suicidi-ens-unim-al-manifest-per-la-vida\/","title":{"rendered":"Dia Mundial per a la Prevenci\u00f3 del Su\u00efcidi: ens unim al Manifest per la Vida"},"content":{"rendered":"\n<figure class=\"wp-block-image size-large\"><img loading=\"lazy\" decoding=\"async\" width=\"1024\" height=\"576\" src=\"https:\/\/fundaciohospitalariesmartorell.org\/entre-tots\/wp-content\/uploads\/2025\/09\/WhatsApp-Image-2025-09-10-at-13.29.39-1-1024x576.jpeg\" alt=\"\" class=\"wp-image-11874\" srcset=\"https:\/\/fundaciohospitalariesmartorell.org\/entre-tots\/wp-content\/uploads\/2025\/09\/WhatsApp-Image-2025-09-10-at-13.29.39-1-1024x576.jpeg 1024w, https:\/\/fundaciohospitalariesmartorell.org\/entre-tots\/wp-content\/uploads\/2025\/09\/WhatsApp-Image-2025-09-10-at-13.29.39-1-300x169.jpeg 300w, https:\/\/fundaciohospitalariesmartorell.org\/entre-tots\/wp-content\/uploads\/2025\/09\/WhatsApp-Image-2025-09-10-at-13.29.39-1-768x432.jpeg 768w, https:\/\/fundaciohospitalariesmartorell.org\/entre-tots\/wp-content\/uploads\/2025\/09\/WhatsApp-Image-2025-09-10-at-13.29.39-1-1536x864.jpeg 1536w, https:\/\/fundaciohospitalariesmartorell.org\/entre-tots\/wp-content\/uploads\/2025\/09\/WhatsApp-Image-2025-09-10-at-13.29.39-1-1320x743.jpeg 1320w, https:\/\/fundaciohospitalariesmartorell.org\/entre-tots\/wp-content\/uploads\/2025\/09\/WhatsApp-Image-2025-09-10-at-13.29.39-1.jpeg 1600w\" sizes=\"auto, (max-width: 1024px) 100vw, 1024px\" \/><\/figure>\n\n\n\n<p>El passat dimecres 10 de setembre, amb motiu del Dia Mundial per a la Prevenci\u00f3 del Su\u00efcidi, ens vam sumar al <a href=\"https:\/\/www.uab.cat\/doc\/manifestperlavida\">Manifest per la Vida<\/a>, una iniciativa impulsada pel Departament de Salut per trencar el silenci, combatre l\u2019estigma i reafirmar el comprom\u00eds col\u00b7lectiu amb la vida, la salut mental i la cura de les persones.<\/p>\n\n\n\n<p>Per commemorar aquesta jornada, una quarentena de persones provinents de les diferents unitats de salut mental de l\u2019hospital es van reunir davant de l\u2019olivera per a la lectura conjunta del manifest. Tamb\u00e9 col\u00b7laboradors i persones usu\u00e0ries dels dispositius comunitaris van participar activament en aquesta iniciativa a l\u2019entrada dels seus respectius centres. <\/p>\n\n\n\n<p>Cada any, milers de persones a Catalunya viuen situacions de patiment emocional profund. El su\u00efcidi no \u00e9s un acte incomprensible ni inevitable: \u00e9s una realitat complexa i multifactorial, per\u00f2 pot prevenir-se si disposem de consci\u00e8ncia, recursos i suport col\u00b7lectiu.<\/p>\n\n\n\n<figure class=\"wp-block-image size-large\"><img loading=\"lazy\" decoding=\"async\" width=\"1024\" height=\"577\" src=\"https:\/\/fundaciohospitalariesmartorell.org\/entre-tots\/wp-content\/uploads\/2025\/09\/WhatsApp-Image-2025-09-10-at-14.13.07-1024x577.jpeg\" alt=\"\" class=\"wp-image-11875\" srcset=\"https:\/\/fundaciohospitalariesmartorell.org\/entre-tots\/wp-content\/uploads\/2025\/09\/WhatsApp-Image-2025-09-10-at-14.13.07-1024x577.jpeg 1024w, https:\/\/fundaciohospitalariesmartorell.org\/entre-tots\/wp-content\/uploads\/2025\/09\/WhatsApp-Image-2025-09-10-at-14.13.07-300x169.jpeg 300w, https:\/\/fundaciohospitalariesmartorell.org\/entre-tots\/wp-content\/uploads\/2025\/09\/WhatsApp-Image-2025-09-10-at-14.13.07-768x432.jpeg 768w, https:\/\/fundaciohospitalariesmartorell.org\/entre-tots\/wp-content\/uploads\/2025\/09\/WhatsApp-Image-2025-09-10-at-14.13.07-1536x865.jpeg 1536w, https:\/\/fundaciohospitalariesmartorell.org\/entre-tots\/wp-content\/uploads\/2025\/09\/WhatsApp-Image-2025-09-10-at-14.13.07-1320x743.jpeg 1320w, https:\/\/fundaciohospitalariesmartorell.org\/entre-tots\/wp-content\/uploads\/2025\/09\/WhatsApp-Image-2025-09-10-at-14.13.07.jpeg 2000w\" sizes=\"auto, (max-width: 1024px) 100vw, 1024px\" \/><\/figure>\n\n\n\n<figure class=\"wp-block-image size-full\"><img loading=\"lazy\" decoding=\"async\" width=\"895\" height=\"503\" src=\"https:\/\/fundaciohospitalariesmartorell.org\/entre-tots\/wp-content\/uploads\/2025\/09\/WhatsApp-Image-2025-09-10-at-13.29.40-edited.jpeg\" alt=\"\" class=\"wp-image-11878\" srcset=\"https:\/\/fundaciohospitalariesmartorell.org\/entre-tots\/wp-content\/uploads\/2025\/09\/WhatsApp-Image-2025-09-10-at-13.29.40-edited.jpeg 895w, https:\/\/fundaciohospitalariesmartorell.org\/entre-tots\/wp-content\/uploads\/2025\/09\/WhatsApp-Image-2025-09-10-at-13.29.40-edited-300x169.jpeg 300w, https:\/\/fundaciohospitalariesmartorell.org\/entre-tots\/wp-content\/uploads\/2025\/09\/WhatsApp-Image-2025-09-10-at-13.29.40-edited-768x432.jpeg 768w\" sizes=\"auto, (max-width: 895px) 100vw, 895px\" \/><\/figure>\n\n\n\n<figure class=\"wp-block-image size-full\"><img loading=\"lazy\" decoding=\"async\" width=\"920\" height=\"515\" src=\"https:\/\/fundaciohospitalariesmartorell.org\/entre-tots\/wp-content\/uploads\/2025\/09\/berga.png\" alt=\"\" class=\"wp-image-11877\" srcset=\"https:\/\/fundaciohospitalariesmartorell.org\/entre-tots\/wp-content\/uploads\/2025\/09\/berga.png 920w, https:\/\/fundaciohospitalariesmartorell.org\/entre-tots\/wp-content\/uploads\/2025\/09\/berga-300x168.png 300w, https:\/\/fundaciohospitalariesmartorell.org\/entre-tots\/wp-content\/uploads\/2025\/09\/berga-768x430.png 768w\" sizes=\"auto, (max-width: 920px) 100vw, 920px\" \/><\/figure>\n","protected":false},"excerpt":{"rendered":"<p>El passat dimecres 10 de setembre, amb motiu del Dia Mundial per a la Prevenci\u00f3 del Su\u00efcidi, ens vam sumar al Manifest per la Vida, una iniciativa impulsada pel Departament de Salut per trencar el silenci, combatre l\u2019estigma i reafirmar el comprom\u00eds col\u00b7lectiu amb la vida, la salut mental i la cura de les persones. [&hellip;]<\/p>\n","protected":false},"author":6,"featured_media":11876,"comment_status":"closed","ping_status":"","sticky":false,"template":"","format":"standard","meta":{"footnotes":""},"categories":[27,61],"tags":[],"class_list":["post-11873","post","type-post","status-publish","format-standard","has-post-thumbnail","hentry","category-actualitat","category-societat"],"blocksy_meta":[],"featured_image_urls_v2":{"full":["https:\/\/fundaciohospitalariesmartorell.org\/entre-tots\/wp-content\/uploads\/2025\/09\/WhatsApp-Image-2025-09-10-at-13.29.40.jpeg",895,744,false],"thumbnail":["https:\/\/fundaciohospitalariesmartorell.org\/entre-tots\/wp-content\/uploads\/2025\/09\/WhatsApp-Image-2025-09-10-at-13.29.40-150x150.jpeg",150,150,true],"medium":["https:\/\/fundaciohospitalariesmartorell.org\/entre-tots\/wp-content\/uploads\/2025\/09\/WhatsApp-Image-2025-09-10-at-13.29.40-300x249.jpeg",300,249,true],"medium_large":["https:\/\/fundaciohospitalariesmartorell.org\/entre-tots\/wp-content\/uploads\/2025\/09\/WhatsApp-Image-2025-09-10-at-13.29.40-768x638.jpeg",768,638,true],"large":["https:\/\/fundaciohospitalariesmartorell.org\/entre-tots\/wp-content\/uploads\/2025\/09\/WhatsApp-Image-2025-09-10-at-13.29.40.jpeg",895,744,false],"1536x1536":["https:\/\/fundaciohospitalariesmartorell.org\/entre-tots\/wp-content\/uploads\/2025\/09\/WhatsApp-Image-2025-09-10-at-13.29.40.jpeg",895,744,false],"2048x2048":["https:\/\/fundaciohospitalariesmartorell.org\/entre-tots\/wp-content\/uploads\/2025\/09\/WhatsApp-Image-2025-09-10-at-13.29.40.jpeg",895,744,false],"mailpoet_newsletter_max":["https:\/\/fundaciohospitalariesmartorell.org\/entre-tots\/wp-content\/uploads\/2025\/09\/WhatsApp-Image-2025-09-10-at-13.29.40.jpeg",895,744,false]},"post_excerpt_stackable_v2":"<p>El passat dimecres 10 de setembre, amb motiu del Dia Mundial per a la Prevenci\u00f3 del Su\u00efcidi, ens vam sumar al Manifest per la Vida, una iniciativa impulsada pel Departament de Salut per trencar el silenci, combatre l\u2019estigma i reafirmar el comprom\u00eds col\u00b7lectiu amb la vida, la salut mental i la cura de les persones. Per commemorar aquesta jornada, una quarentena de persones provinents de les diferents unitats de salut mental de l\u2019hospital es van reunir davant de l\u2019olivera per a la lectura conjunta del manifest. Tamb\u00e9 col\u00b7laboradors i persones usu\u00e0ries dels dispositius comunitaris van participar activament en aquesta iniciativa&hellip;<\/p>\n","category_list_v2":"<a href=\"https:\/\/fundaciohospitalariesmartorell.org\/entre-tots\/category\/actualitat\/\" rel=\"category tag\">ACTUALITAT<\/a>, <a href=\"https:\/\/fundaciohospitalariesmartorell.org\/entre-tots\/category\/actualitat\/societat\/\" rel=\"category tag\">SOCIETAT<\/a>","author_info_v2":{"name":"Martorell_comunicacio","url":"https:\/\/fundaciohospitalariesmartorell.org\/entre-tots\/author\/martorell_comunicacio\/"},"comments_num_v2":"0 comments","_links":{"self":[{"href":"https:\/\/fundaciohospitalariesmartorell.org\/entre-tots\/wp-json\/wp\/v2\/posts\/11873","targetHints":{"allow":["GET"]}}],"collection":[{"href":"https:\/\/fundaciohospitalariesmartorell.org\/entre-tots\/wp-json\/wp\/v2\/posts"}],"about":[{"href":"https:\/\/fundaciohospitalariesmartorell.org\/entre-tots\/wp-json\/wp\/v2\/types\/post"}],"author":[{"embeddable":true,"href":"https:\/\/fundaciohospitalariesmartorell.org\/entre-tots\/wp-json\/wp\/v2\/users\/6"}],"replies":[{"embeddable":true,"href":"https:\/\/fundaciohospitalariesmartorell.org\/entre-tots\/wp-json\/wp\/v2\/comments?post=11873"}],"version-history":[{"count":2,"href":"https:\/\/fundaciohospitalariesmartorell.org\/entre-tots\/wp-json\/wp\/v2\/posts\/11873\/revisions"}],"predecessor-version":[{"id":11880,"href":"https:\/\/fundaciohospitalariesmartorell.org\/entre-tots\/wp-json\/wp\/v2\/posts\/11873\/revisions\/11880"}],"wp:featuredmedia":[{"embeddable":true,"href":"https:\/\/fundaciohospitalariesmartorell.org\/entre-tots\/wp-json\/wp\/v2\/media\/11876"}],"wp:attachment":[{"href":"https:\/\/fundaciohospitalariesmartorell.org\/entre-tots\/wp-json\/wp\/v2\/media?parent=11873"}],"wp:term":[{"taxonomy":"category","embeddable":true,"href":"https:\/\/fundaciohospitalariesmartorell.org\/entre-tots\/wp-json\/wp\/v2\/categories?post=11873"},{"taxonomy":"post_tag","embeddable":true,"href":"https:\/\/fundaciohospitalariesmartorell.org\/entre-tots\/wp-json\/wp\/v2\/tags?post=11873"}],"curies":[{"name":"wp","href":"https:\/\/api.w.org\/{rel}","templated":true}]}}