{"id":11881,"date":"2025-09-15T11:18:23","date_gmt":"2025-09-15T10:18:23","guid":{"rendered":"https:\/\/fundaciohospitalariesmartorell.org\/entre-tots\/?p=11881"},"modified":"2025-09-15T12:58:14","modified_gmt":"2025-09-15T11:58:14","slug":"les-fortes-pluges-inunden-part-de-lhospital-pero-sense-interrompre-els-serveis-assistencials","status":"publish","type":"post","link":"https:\/\/fundaciohospitalariesmartorell.org\/entre-tots\/2025\/09\/les-fortes-pluges-inunden-part-de-lhospital-pero-sense-interrompre-els-serveis-assistencials\/","title":{"rendered":"Les fortes pluges inunden part de l\u2019hospital per\u00f2 sense interrompre els serveis assistencials"},"content":{"rendered":"\n<div class=\"wp-block-stackable-text stk-block-text stk-block stk-35edd21\" id=\"strong-la-rapida-actuacio-del-personal-assistencial-i-de-serveis-generals-que-es-van-implicar-activament-en-les-tasques-de-neteja-va-ser-clau-per-recuperar-la-normalitat-al-centre-despres-de-lincident-la-col-laboracio-de-tots-els-equips-va-permetre-restablir-els-serveis-de-manera-agil-i-eficient-demostrant-la-solidaritat-i-compromis-de-tots-els-professionals-strong\" data-block-id=\"35edd21\"><style>.stk-35edd21 .stk-block-text__text{font-weight:300 !important;}<\/style><p class=\"stk-block-text__text\"><strong><mark style=\"background-color:rgba(0, 0, 0, 0)\" class=\"has-inline-color has-palette-color-1-color\">La r\u00e0pida actuaci\u00f3 del personal assistencial i de l&#8217;equip de Serveis Generals, que es van implicar activament en les tasques de neteja, va ser clau per recuperar la normalitat al centre despr\u00e9s de les inundacions. La col\u00b7laboraci\u00f3 de tots els equips va permetre restablir els serveis de manera \u00e0gil i eficient, demostrant la solidaritat i comprom\u00eds de tots els professionals.<\/mark><\/strong><\/p><\/div>\n\n\n\n<p>Les pluges intenses registrades dissabte 13 de setembre a la tarda al Baix Llobregat, que van superar els 100 litres per metre quadrat segons dades de <a href=\"https:\/\/govern.cat\/salapremsa\/notes-premsa\/742200\/proteccio-civil-mante-vigilancia-rius-rieres-despr-lepisodi-extraordinari-pluges-intenses-davui?v=\">Protecci\u00f3 Civil<\/a>, van afectar les instal\u00b7lacions del nostre hospital, especialment a la planta -1. Tot i la magnitud de l\u2019episodi, tots els serveis assistencials, incl\u00f2s el servei d\u2019urg\u00e8ncies que es troba en aquesta planta, van continuar funcionant amb normalitat.<\/p>\n\n\n\n<figure class=\"wp-block-image size-large\"><img loading=\"lazy\" decoding=\"async\" width=\"1024\" height=\"523\" src=\"https:\/\/fundaciohospitalariesmartorell.org\/entre-tots\/wp-content\/uploads\/2025\/09\/Plantilles-LinkedIn-1920-x-980-px-1-1024x523.png\" alt=\"\" class=\"wp-image-11887\" srcset=\"https:\/\/fundaciohospitalariesmartorell.org\/entre-tots\/wp-content\/uploads\/2025\/09\/Plantilles-LinkedIn-1920-x-980-px-1-1024x523.png 1024w, https:\/\/fundaciohospitalariesmartorell.org\/entre-tots\/wp-content\/uploads\/2025\/09\/Plantilles-LinkedIn-1920-x-980-px-1-300x153.png 300w, https:\/\/fundaciohospitalariesmartorell.org\/entre-tots\/wp-content\/uploads\/2025\/09\/Plantilles-LinkedIn-1920-x-980-px-1-768x392.png 768w, https:\/\/fundaciohospitalariesmartorell.org\/entre-tots\/wp-content\/uploads\/2025\/09\/Plantilles-LinkedIn-1920-x-980-px-1-1536x784.png 1536w, https:\/\/fundaciohospitalariesmartorell.org\/entre-tots\/wp-content\/uploads\/2025\/09\/Plantilles-LinkedIn-1920-x-980-px-1-1320x674.png 1320w, https:\/\/fundaciohospitalariesmartorell.org\/entre-tots\/wp-content\/uploads\/2025\/09\/Plantilles-LinkedIn-1920-x-980-px-1.png 1920w\" sizes=\"auto, (max-width: 1024px) 100vw, 1024px\" \/><\/figure>\n\n\n\n<p>Des del primer moment es van activar actuacions intensives de neteja i recuperaci\u00f3 amb la col\u00b7laboraci\u00f3 dels Bombers, EVSA, Neteges Coral i l\u2019equip de Serveis Generals. Tamb\u00e9 personal assistencial que es trobava treballant en diferents unitats van contribuir a les tasques de neteja. Gr\u00e0cies a aquesta resposta r\u00e0pida i coordinada, la cuina, el servei de farm\u00e0cia, els magatzems, l\u2019Hospital de Dia, els vestidors i la resta de depend\u00e8ncies afectades van recuperar la normalitat en unes hores. Cal destacar que els talls de carretera i la interrupci\u00f3 del transport p\u00fablic van dificultar l\u2019arribada d\u2019alguns professionals durant les hores m\u00e9s cr\u00edtiques, fet que va obligar a reorganitzar serveis per garantir el correcte funcionament del centre.<\/p>\n\n\n\n<p>Tamb\u00e9 volem posar en valor la responsabilitat i el comprom\u00eds del nostre personal durant una situaci\u00f3 de m\u00e0xima complexitat. Durant l\u2019episodi, set persones usu\u00e0ries que participaven en una activitat exterior van haver de tornar caminant fins al centre, acompanyades per l\u2019equip de Rehabilitaci\u00f3, i van arribar sense incid\u00e8ncies. Al mateix temps, dues persones afectades per la riuada a la carretera d\u2019acc\u00e9s van rebre atenci\u00f3 immediata gr\u00e0cies a la rapidesa dels professionals de l\u2019hospital.<\/p>\n\n\n\n<p>La direcci\u00f3 vol agrair la col\u00b7laboraci\u00f3, la professionalitat i el comprom\u00eds de tots els equips que va fer possible restablir la normalitat amb la m\u00e0xima celeritat.<\/p>\n\n\n\n<div class=\"wp-block-stackable-columns stk-block-columns stk-block stk-1d6647d\" data-block-id=\"1d6647d\"><div class=\"stk-row stk-inner-blocks stk-block-content stk-content-align stk-1d6647d-column\">\n<div class=\"wp-block-stackable-column stk-block-column stk-column stk-block stk-b5ac19c\" data-v=\"4\" data-block-id=\"b5ac19c\"><div class=\"stk-column-wrapper stk-block-column__content stk-container stk-b5ac19c-container stk--no-background stk--no-padding\"><div class=\"stk-block-content stk-inner-blocks stk-b5ac19c-inner-blocks\">\n<figure class=\"wp-block-gallery has-nested-images columns-default is-cropped wp-block-gallery-1 is-layout-flex wp-block-gallery-is-layout-flex\">\n<figure class=\"wp-block-image size-large\"><img loading=\"lazy\" decoding=\"async\" width=\"466\" height=\"1024\" data-id=\"11891\" src=\"https:\/\/fundaciohospitalariesmartorell.org\/entre-tots\/wp-content\/uploads\/2025\/09\/WhatsApp-Image-2025-09-15-at-13.02.53-466x1024.jpeg\" alt=\"\" class=\"wp-image-11891\" srcset=\"https:\/\/fundaciohospitalariesmartorell.org\/entre-tots\/wp-content\/uploads\/2025\/09\/WhatsApp-Image-2025-09-15-at-13.02.53-466x1024.jpeg 466w, https:\/\/fundaciohospitalariesmartorell.org\/entre-tots\/wp-content\/uploads\/2025\/09\/WhatsApp-Image-2025-09-15-at-13.02.53-137x300.jpeg 137w, https:\/\/fundaciohospitalariesmartorell.org\/entre-tots\/wp-content\/uploads\/2025\/09\/WhatsApp-Image-2025-09-15-at-13.02.53-768x1688.jpeg 768w, https:\/\/fundaciohospitalariesmartorell.org\/entre-tots\/wp-content\/uploads\/2025\/09\/WhatsApp-Image-2025-09-15-at-13.02.53-699x1536.jpeg 699w, https:\/\/fundaciohospitalariesmartorell.org\/entre-tots\/wp-content\/uploads\/2025\/09\/WhatsApp-Image-2025-09-15-at-13.02.53.jpeg 932w\" sizes=\"auto, (max-width: 466px) 100vw, 466px\" \/><\/figure>\n\n\n\n<figure class=\"wp-block-image size-large\"><img loading=\"lazy\" decoding=\"async\" width=\"768\" height=\"1024\" data-id=\"11893\" src=\"https:\/\/fundaciohospitalariesmartorell.org\/entre-tots\/wp-content\/uploads\/2025\/09\/WhatsApp-Image-2025-09-15-at-13.12.33-768x1024.jpeg\" alt=\"\" class=\"wp-image-11893\" srcset=\"https:\/\/fundaciohospitalariesmartorell.org\/entre-tots\/wp-content\/uploads\/2025\/09\/WhatsApp-Image-2025-09-15-at-13.12.33-768x1024.jpeg 768w, https:\/\/fundaciohospitalariesmartorell.org\/entre-tots\/wp-content\/uploads\/2025\/09\/WhatsApp-Image-2025-09-15-at-13.12.33-225x300.jpeg 225w, https:\/\/fundaciohospitalariesmartorell.org\/entre-tots\/wp-content\/uploads\/2025\/09\/WhatsApp-Image-2025-09-15-at-13.12.33-1152x1536.jpeg 1152w, https:\/\/fundaciohospitalariesmartorell.org\/entre-tots\/wp-content\/uploads\/2025\/09\/WhatsApp-Image-2025-09-15-at-13.12.33-1320x1760.jpeg 1320w, https:\/\/fundaciohospitalariesmartorell.org\/entre-tots\/wp-content\/uploads\/2025\/09\/WhatsApp-Image-2025-09-15-at-13.12.33.jpeg 1500w\" sizes=\"auto, (max-width: 768px) 100vw, 768px\" \/><\/figure>\n\n\n\n<figure class=\"wp-block-image size-large\"><img loading=\"lazy\" decoding=\"async\" width=\"576\" height=\"1024\" data-id=\"11895\" src=\"https:\/\/fundaciohospitalariesmartorell.org\/entre-tots\/wp-content\/uploads\/2025\/09\/WhatsApp-Image-2025-09-15-at-13.02.51-576x1024.jpeg\" alt=\"\" class=\"wp-image-11895\" srcset=\"https:\/\/fundaciohospitalariesmartorell.org\/entre-tots\/wp-content\/uploads\/2025\/09\/WhatsApp-Image-2025-09-15-at-13.02.51-576x1024.jpeg 576w, https:\/\/fundaciohospitalariesmartorell.org\/entre-tots\/wp-content\/uploads\/2025\/09\/WhatsApp-Image-2025-09-15-at-13.02.51-169x300.jpeg 169w, https:\/\/fundaciohospitalariesmartorell.org\/entre-tots\/wp-content\/uploads\/2025\/09\/WhatsApp-Image-2025-09-15-at-13.02.51-768x1365.jpeg 768w, https:\/\/fundaciohospitalariesmartorell.org\/entre-tots\/wp-content\/uploads\/2025\/09\/WhatsApp-Image-2025-09-15-at-13.02.51-864x1536.jpeg 864w, https:\/\/fundaciohospitalariesmartorell.org\/entre-tots\/wp-content\/uploads\/2025\/09\/WhatsApp-Image-2025-09-15-at-13.02.51.jpeg 1152w\" sizes=\"auto, (max-width: 576px) 100vw, 576px\" \/><\/figure>\n\n\n\n<figure class=\"wp-block-image size-large\"><img loading=\"lazy\" decoding=\"async\" width=\"1024\" height=\"576\" data-id=\"11890\" src=\"https:\/\/fundaciohospitalariesmartorell.org\/entre-tots\/wp-content\/uploads\/2025\/09\/WhatsApp-Image-2025-09-15-at-13.12.27-1024x576.jpeg\" alt=\"\" class=\"wp-image-11890\" srcset=\"https:\/\/fundaciohospitalariesmartorell.org\/entre-tots\/wp-content\/uploads\/2025\/09\/WhatsApp-Image-2025-09-15-at-13.12.27-1024x576.jpeg 1024w, https:\/\/fundaciohospitalariesmartorell.org\/entre-tots\/wp-content\/uploads\/2025\/09\/WhatsApp-Image-2025-09-15-at-13.12.27-300x169.jpeg 300w, https:\/\/fundaciohospitalariesmartorell.org\/entre-tots\/wp-content\/uploads\/2025\/09\/WhatsApp-Image-2025-09-15-at-13.12.27-768x432.jpeg 768w, https:\/\/fundaciohospitalariesmartorell.org\/entre-tots\/wp-content\/uploads\/2025\/09\/WhatsApp-Image-2025-09-15-at-13.12.27-1536x864.jpeg 1536w, https:\/\/fundaciohospitalariesmartorell.org\/entre-tots\/wp-content\/uploads\/2025\/09\/WhatsApp-Image-2025-09-15-at-13.12.27-1320x743.jpeg 1320w, https:\/\/fundaciohospitalariesmartorell.org\/entre-tots\/wp-content\/uploads\/2025\/09\/WhatsApp-Image-2025-09-15-at-13.12.27.jpeg 1920w\" sizes=\"auto, (max-width: 1024px) 100vw, 1024px\" \/><\/figure>\n<\/figure>\n<\/div><\/div><\/div>\n<\/div><\/div>\n","protected":false},"excerpt":{"rendered":"<p>La r\u00e0pida actuaci\u00f3 del personal assistencial i de l&#8217;equip de Serveis Generals, que es van implicar activament en les tasques de neteja, va ser clau per recuperar la normalitat al centre despr\u00e9s de les inundacions. La col\u00b7laboraci\u00f3 de tots els equips va permetre restablir els serveis de manera \u00e0gil i eficient, demostrant la solidaritat i [&hellip;]<\/p>\n","protected":false},"author":6,"featured_media":11886,"comment_status":"closed","ping_status":"closed","sticky":false,"template":"","format":"standard","meta":{"footnotes":""},"categories":[27],"tags":[],"class_list":["post-11881","post","type-post","status-publish","format-standard","has-post-thumbnail","hentry","category-actualitat"],"blocksy_meta":[],"featured_image_urls_v2":{"full":["https:\/\/fundaciohospitalariesmartorell.org\/entre-tots\/wp-content\/uploads\/2025\/09\/Plantilles-LinkedIn-1920-x-980-px.png",1920,980,false],"thumbnail":["https:\/\/fundaciohospitalariesmartorell.org\/entre-tots\/wp-content\/uploads\/2025\/09\/Plantilles-LinkedIn-1920-x-980-px-150x150.png",150,150,true],"medium":["https:\/\/fundaciohospitalariesmartorell.org\/entre-tots\/wp-content\/uploads\/2025\/09\/Plantilles-LinkedIn-1920-x-980-px-300x153.png",300,153,true],"medium_large":["https:\/\/fundaciohospitalariesmartorell.org\/entre-tots\/wp-content\/uploads\/2025\/09\/Plantilles-LinkedIn-1920-x-980-px-768x392.png",768,392,true],"large":["https:\/\/fundaciohospitalariesmartorell.org\/entre-tots\/wp-content\/uploads\/2025\/09\/Plantilles-LinkedIn-1920-x-980-px-1024x523.png",1024,523,true],"1536x1536":["https:\/\/fundaciohospitalariesmartorell.org\/entre-tots\/wp-content\/uploads\/2025\/09\/Plantilles-LinkedIn-1920-x-980-px-1536x784.png",1536,784,true],"2048x2048":["https:\/\/fundaciohospitalariesmartorell.org\/entre-tots\/wp-content\/uploads\/2025\/09\/Plantilles-LinkedIn-1920-x-980-px.png",1920,980,false],"mailpoet_newsletter_max":["https:\/\/fundaciohospitalariesmartorell.org\/entre-tots\/wp-content\/uploads\/2025\/09\/Plantilles-LinkedIn-1920-x-980-px-1320x674.png",1320,674,true]},"post_excerpt_stackable_v2":"<p>La r\u00e0pida actuaci\u00f3 del personal assistencial i de l&#8217;equip de Serveis Generals, que es van implicar activament en les tasques de neteja, va ser clau per recuperar la normalitat al centre despr\u00e9s de les inundacions. La col\u00b7laboraci\u00f3 de tots els equips va permetre restablir els serveis de manera \u00e0gil i eficient, demostrant la solidaritat i comprom\u00eds de tots els professionals. Les pluges intenses registrades dissabte 13 de setembre a la tarda al Baix Llobregat, que van superar els 100 litres per metre quadrat segons dades de Protecci\u00f3 Civil, van afectar les instal\u00b7lacions del nostre hospital, especialment a la planta -1.&hellip;<\/p>\n","category_list_v2":"<a href=\"https:\/\/fundaciohospitalariesmartorell.org\/entre-tots\/category\/actualitat\/\" rel=\"category tag\">ACTUALITAT<\/a>","author_info_v2":{"name":"Martorell_comunicacio","url":"https:\/\/fundaciohospitalariesmartorell.org\/entre-tots\/author\/martorell_comunicacio\/"},"comments_num_v2":"0 comments","_links":{"self":[{"href":"https:\/\/fundaciohospitalariesmartorell.org\/entre-tots\/wp-json\/wp\/v2\/posts\/11881","targetHints":{"allow":["GET"]}}],"collection":[{"href":"https:\/\/fundaciohospitalariesmartorell.org\/entre-tots\/wp-json\/wp\/v2\/posts"}],"about":[{"href":"https:\/\/fundaciohospitalariesmartorell.org\/entre-tots\/wp-json\/wp\/v2\/types\/post"}],"author":[{"embeddable":true,"href":"https:\/\/fundaciohospitalariesmartorell.org\/entre-tots\/wp-json\/wp\/v2\/users\/6"}],"replies":[{"embeddable":true,"href":"https:\/\/fundaciohospitalariesmartorell.org\/entre-tots\/wp-json\/wp\/v2\/comments?post=11881"}],"version-history":[{"count":8,"href":"https:\/\/fundaciohospitalariesmartorell.org\/entre-tots\/wp-json\/wp\/v2\/posts\/11881\/revisions"}],"predecessor-version":[{"id":11900,"href":"https:\/\/fundaciohospitalariesmartorell.org\/entre-tots\/wp-json\/wp\/v2\/posts\/11881\/revisions\/11900"}],"wp:featuredmedia":[{"embeddable":true,"href":"https:\/\/fundaciohospitalariesmartorell.org\/entre-tots\/wp-json\/wp\/v2\/media\/11886"}],"wp:attachment":[{"href":"https:\/\/fundaciohospitalariesmartorell.org\/entre-tots\/wp-json\/wp\/v2\/media?parent=11881"}],"wp:term":[{"taxonomy":"category","embeddable":true,"href":"https:\/\/fundaciohospitalariesmartorell.org\/entre-tots\/wp-json\/wp\/v2\/categories?post=11881"},{"taxonomy":"post_tag","embeddable":true,"href":"https:\/\/fundaciohospitalariesmartorell.org\/entre-tots\/wp-json\/wp\/v2\/tags?post=11881"}],"curies":[{"name":"wp","href":"https:\/\/api.w.org\/{rel}","templated":true}]}}