{"id":11906,"date":"2025-09-18T14:28:23","date_gmt":"2025-09-18T13:28:23","guid":{"rendered":"https:\/\/fundaciohospitalariesmartorell.org\/entre-tots\/?p=11906"},"modified":"2025-09-18T14:29:13","modified_gmt":"2025-09-18T13:29:13","slug":"fh-martorell-consolida-un-sistema-dinnovacio-estructurat-per-millorar-la-vida-de-pacients-families-i-professionals","status":"publish","type":"post","link":"https:\/\/fundaciohospitalariesmartorell.org\/entre-tots\/2025\/09\/fh-martorell-consolida-un-sistema-dinnovacio-estructurat-per-millorar-la-vida-de-pacients-families-i-professionals\/","title":{"rendered":"FH Martorell consolida un sistema d\u2019innovaci\u00f3 estructurat per millorar la vida de pacients, fam\u00edlies i professionals"},"content":{"rendered":"\n<figure class=\"wp-block-image size-large\"><img loading=\"lazy\" decoding=\"async\" width=\"1024\" height=\"768\" src=\"https:\/\/fundaciohospitalariesmartorell.org\/entre-tots\/wp-content\/uploads\/2025\/03\/Neuromodulacio-1024x768.jpg\" alt=\"\" class=\"wp-image-11021\" srcset=\"https:\/\/fundaciohospitalariesmartorell.org\/entre-tots\/wp-content\/uploads\/2025\/03\/Neuromodulacio-1024x768.jpg 1024w, https:\/\/fundaciohospitalariesmartorell.org\/entre-tots\/wp-content\/uploads\/2025\/03\/Neuromodulacio-300x225.jpg 300w, https:\/\/fundaciohospitalariesmartorell.org\/entre-tots\/wp-content\/uploads\/2025\/03\/Neuromodulacio-768x576.jpg 768w, https:\/\/fundaciohospitalariesmartorell.org\/entre-tots\/wp-content\/uploads\/2025\/03\/Neuromodulacio-1536x1152.jpg 1536w, https:\/\/fundaciohospitalariesmartorell.org\/entre-tots\/wp-content\/uploads\/2025\/03\/Neuromodulacio-2048x1536.jpg 2048w, https:\/\/fundaciohospitalariesmartorell.org\/entre-tots\/wp-content\/uploads\/2025\/03\/Neuromodulacio-1320x990.jpg 1320w\" sizes=\"auto, (max-width: 1024px) 100vw, 1024px\" \/><\/figure>\n\n\n\n<p>A la Fundaci\u00f3 Hospital\u00e0ria Martorell sabem que la innovaci\u00f3 no \u00e9s nom\u00e9s tecnologia: \u00e9s una manera de mirar el dia a dia, de detectar necessitats i de trobar solucions que millorin la vida de les persones usu\u00e0ries dels nostres serveis, de les fam\u00edlies i tamb\u00e9 del personal col\u00b7laborador. Per aix\u00f2, emmarcat en el Pla Estrat\u00e8gic 2024-2027 de la Fundaci\u00f3 Hospital\u00e0ries, hem desplegat una estructura d\u2019innovaci\u00f3 i una metodologia pr\u00f2pia que ens permeten treballar de manera organitzada, compartida i m\u00e9s eficient.&nbsp;<\/p>\n\n\n\n<p>Gr\u00e0cies a aquesta nova manera de fer, &#8220;<em>passem de no tenir estructura a comptar amb un sistema consolidat de gesti\u00f3 de la innovaci\u00f3: una xarxa de referents\u00a0en 18 unitats assistencials i no assistencials\u00a0<\/em><em>, que recullen necessitats reals i les transformen en propostes de millora<\/em>&#8220;, explica Juan Carlos Cejudo, responsable d&#8217;Innovaci\u00f3 del nostre centre.\u00a0<\/p>\n\n\n\n<p><strong><span style=\"color: var(--theme-palette-color-1, #9f2b68);\" class=\"stk-highlight\">Un proc\u00e9s estructurat de gesti\u00f3 de la innovaci\u00f3<\/span><\/strong><\/p>\n\n\n\n<p>El sistema parteix de la detecci\u00f3 de necessitats: un cop l\u2019any, cada unitat identificar\u00e0 problem\u00e0tiques o \u00e0rees de millora mitjan\u00e7ant un q\u00fcestionari dissenyat per valorar aspectes com efectivitat, viabilitat i temps d\u2019implementaci\u00f3.&nbsp; Aquestes propostes es traduiran en fitxes de necessitats i possibles solucions, que seran avaluades per l&#8217;\u00c0rea d&#8217;Innovaci\u00f3 i Direcci\u00f3 del centre amb una escala de valoraci\u00f3 de 0 a 100 punts, tenint en compte criteris com l\u2019alineaci\u00f3 amb l\u2019estrat\u00e8gia de la Fundaci\u00f3 Hospital\u00e0ries, el grau d\u2019innovaci\u00f3 i l\u2019impacte esperat.<br>Finalment, s\u2019escolliran 1 o 2 idees per curs, que passaran a fase de desenvolupament. En breu es faran p\u00fabliques les idees seleccionades per aquest 2026.<\/p>\n\n\n\n<p><strong><span style=\"color: var(--theme-palette-color-1, #9f2b68);\" class=\"stk-highlight\">Nou espai per compartir idees i bones pr\u00e0ctiques innovadores<\/span><\/strong><\/p>\n\n\n\n<p>D&#8217;altra banda, a partir de l\u2019octubre, entrar\u00e0 en funcionament el Centre de Vigil\u00e0ncia Tecnol\u00f2gica corporatiu, una plataforma web on els referents d\u2019innovaci\u00f3 de cada centre de Fundaci\u00f3 Hospital\u00e0ries podran introduir i consultar projectes. Aquest espai permetr\u00e0 compartir idees i bones pr\u00e0ctiques&nbsp;generades arreu de la Fundaci\u00f3.<\/p>\n\n\n\n<p><strong><span style=\"color: var(--theme-palette-color-1, #9f2b68);\" class=\"stk-highlight\">Innovaci\u00f3 amb impacte real<\/span><\/strong><\/p>\n\n\n\n<p>Durant els darrers dos anys ja&nbsp;s\u2019han impulsat projectes amb resultats rellevants, com ara:<\/p>\n\n\n\n<ul class=\"wp-block-list\">\n<li><a href=\"https:\/\/fundaciohospitalariesmartorell.org\/entre-tots\/2024\/01\/lhospital-sagrat-cor-avanca-en-el-diagnostic-prodromic-de-la-malaltia-dalzheimer\/\" target=\"_blank\" rel=\"noreferrer noopener\">Implementaci\u00f3 de biomarcadors a la unitat de dem\u00e8ncia.<\/a><\/li>\n\n\n\n<li><a href=\"https:\/\/fundaciohospitalariesmartorell.org\/entre-tots\/2025\/03\/els-csma-de-sant-feliu-i-martorell-introdueixen-la-neuromodulacio-per-tractar-la-depressio-resistent-als-tractaments-convencionals\/\" target=\"_blank\" rel=\"noreferrer noopener\">Aplicaci\u00f3 de neuromodulaci\u00f3 en depressi\u00f3 a l\u2019\u00e0mbit comunitari.<\/a><\/li>\n<\/ul>\n\n\n\n<p>La innovaci\u00f3 a la Fundaci\u00f3 Hospital\u00e0ries Martorell \u00e9s avui m\u00e9s propera, m\u00e9s compartida i amb m\u00e9s impacte real. Un pas endavant que consolida la nostra cultura innovadora i que t\u00e9 un objectiu clar: millorar la vida de tota la comunitat hospital\u00e0ria.<\/p>\n","protected":false},"excerpt":{"rendered":"<p>A la Fundaci\u00f3 Hospital\u00e0ria Martorell sabem que la innovaci\u00f3 no \u00e9s nom\u00e9s tecnologia: \u00e9s una manera de mirar el dia a dia, de detectar necessitats i de trobar solucions que millorin la vida de les persones usu\u00e0ries dels nostres serveis, de les fam\u00edlies i tamb\u00e9 del personal col\u00b7laborador. Per aix\u00f2, emmarcat en el Pla Estrat\u00e8gic [&hellip;]<\/p>\n","protected":false},"author":6,"featured_media":11021,"comment_status":"closed","ping_status":"","sticky":false,"template":"","format":"standard","meta":{"footnotes":""},"categories":[27,58],"tags":[],"class_list":["post-11906","post","type-post","status-publish","format-standard","has-post-thumbnail","hentry","category-actualitat","category-collaboradors-es"],"blocksy_meta":[],"featured_image_urls_v2":{"full":["https:\/\/fundaciohospitalariesmartorell.org\/entre-tots\/wp-content\/uploads\/2025\/03\/Neuromodulacio-scaled.jpg",2560,1920,false],"thumbnail":["https:\/\/fundaciohospitalariesmartorell.org\/entre-tots\/wp-content\/uploads\/2025\/03\/Neuromodulacio-150x150.jpg",150,150,true],"medium":["https:\/\/fundaciohospitalariesmartorell.org\/entre-tots\/wp-content\/uploads\/2025\/03\/Neuromodulacio-300x225.jpg",300,225,true],"medium_large":["https:\/\/fundaciohospitalariesmartorell.org\/entre-tots\/wp-content\/uploads\/2025\/03\/Neuromodulacio-768x576.jpg",768,576,true],"large":["https:\/\/fundaciohospitalariesmartorell.org\/entre-tots\/wp-content\/uploads\/2025\/03\/Neuromodulacio-1024x768.jpg",1024,768,true],"1536x1536":["https:\/\/fundaciohospitalariesmartorell.org\/entre-tots\/wp-content\/uploads\/2025\/03\/Neuromodulacio-1536x1152.jpg",1536,1152,true],"2048x2048":["https:\/\/fundaciohospitalariesmartorell.org\/entre-tots\/wp-content\/uploads\/2025\/03\/Neuromodulacio-2048x1536.jpg",2048,1536,true],"mailpoet_newsletter_max":["https:\/\/fundaciohospitalariesmartorell.org\/entre-tots\/wp-content\/uploads\/2025\/03\/Neuromodulacio-1320x990.jpg",1320,990,true]},"post_excerpt_stackable_v2":"<p>A la Fundaci\u00f3 Hospital\u00e0ria Martorell sabem que la innovaci\u00f3 no \u00e9s nom\u00e9s tecnologia: \u00e9s una manera de mirar el dia a dia, de detectar necessitats i de trobar solucions que millorin la vida de les persones usu\u00e0ries dels nostres serveis, de les fam\u00edlies i tamb\u00e9 del personal col\u00b7laborador. Per aix\u00f2, emmarcat en el Pla Estrat\u00e8gic 2024-2027 de la Fundaci\u00f3 Hospital\u00e0ries, hem desplegat una estructura d\u2019innovaci\u00f3 i una metodologia pr\u00f2pia que ens permeten treballar de manera organitzada, compartida i m\u00e9s eficient.&nbsp; Gr\u00e0cies a aquesta nova manera de fer, &#8220;passem de no tenir estructura a comptar amb un sistema consolidat de gesti\u00f3&hellip;<\/p>\n","category_list_v2":"<a href=\"https:\/\/fundaciohospitalariesmartorell.org\/entre-tots\/category\/actualitat\/\" rel=\"category tag\">ACTUALITAT<\/a>, <a href=\"https:\/\/fundaciohospitalariesmartorell.org\/entre-tots\/category\/actualitat\/col%c2%b7laboradors-es\/\" rel=\"category tag\">COL\u00b7LABORADORS\/ES<\/a>","author_info_v2":{"name":"Martorell_comunicacio","url":"https:\/\/fundaciohospitalariesmartorell.org\/entre-tots\/author\/martorell_comunicacio\/"},"comments_num_v2":"0 comments","_links":{"self":[{"href":"https:\/\/fundaciohospitalariesmartorell.org\/entre-tots\/wp-json\/wp\/v2\/posts\/11906","targetHints":{"allow":["GET"]}}],"collection":[{"href":"https:\/\/fundaciohospitalariesmartorell.org\/entre-tots\/wp-json\/wp\/v2\/posts"}],"about":[{"href":"https:\/\/fundaciohospitalariesmartorell.org\/entre-tots\/wp-json\/wp\/v2\/types\/post"}],"author":[{"embeddable":true,"href":"https:\/\/fundaciohospitalariesmartorell.org\/entre-tots\/wp-json\/wp\/v2\/users\/6"}],"replies":[{"embeddable":true,"href":"https:\/\/fundaciohospitalariesmartorell.org\/entre-tots\/wp-json\/wp\/v2\/comments?post=11906"}],"version-history":[{"count":5,"href":"https:\/\/fundaciohospitalariesmartorell.org\/entre-tots\/wp-json\/wp\/v2\/posts\/11906\/revisions"}],"predecessor-version":[{"id":11911,"href":"https:\/\/fundaciohospitalariesmartorell.org\/entre-tots\/wp-json\/wp\/v2\/posts\/11906\/revisions\/11911"}],"wp:featuredmedia":[{"embeddable":true,"href":"https:\/\/fundaciohospitalariesmartorell.org\/entre-tots\/wp-json\/wp\/v2\/media\/11021"}],"wp:attachment":[{"href":"https:\/\/fundaciohospitalariesmartorell.org\/entre-tots\/wp-json\/wp\/v2\/media?parent=11906"}],"wp:term":[{"taxonomy":"category","embeddable":true,"href":"https:\/\/fundaciohospitalariesmartorell.org\/entre-tots\/wp-json\/wp\/v2\/categories?post=11906"},{"taxonomy":"post_tag","embeddable":true,"href":"https:\/\/fundaciohospitalariesmartorell.org\/entre-tots\/wp-json\/wp\/v2\/tags?post=11906"}],"curies":[{"name":"wp","href":"https:\/\/api.w.org\/{rel}","templated":true}]}}