{"id":11914,"date":"2025-09-24T10:33:11","date_gmt":"2025-09-24T09:33:11","guid":{"rendered":"https:\/\/fundaciohospitalariesmartorell.org\/entre-tots\/?p=11914"},"modified":"2025-09-25T08:15:12","modified_gmt":"2025-09-25T07:15:12","slug":"el-la-farmaceutic-a-hospitalari-a-de-gestor-a-a-peca-clau-dels-equips-assistencials","status":"publish","type":"post","link":"https:\/\/fundaciohospitalariesmartorell.org\/entre-tots\/2025\/09\/el-la-farmaceutic-a-hospitalari-a-de-gestor-a-a-peca-clau-dels-equips-assistencials\/","title":{"rendered":"El\/la farmac\u00e8utic\/a hospitalari\/\u00e0ria: de gestor\/a a pe\u00e7a clau dels equips assistencials"},"content":{"rendered":"\n<figure class=\"wp-block-image size-large\"><img loading=\"lazy\" decoding=\"async\" width=\"1024\" height=\"576\" src=\"https:\/\/fundaciohospitalariesmartorell.org\/entre-tots\/wp-content\/uploads\/2025\/09\/Farmacia-2025-1024x576.png\" alt=\"\" class=\"wp-image-11943\" srcset=\"https:\/\/fundaciohospitalariesmartorell.org\/entre-tots\/wp-content\/uploads\/2025\/09\/Farmacia-2025-1024x576.png 1024w, https:\/\/fundaciohospitalariesmartorell.org\/entre-tots\/wp-content\/uploads\/2025\/09\/Farmacia-2025-300x169.png 300w, https:\/\/fundaciohospitalariesmartorell.org\/entre-tots\/wp-content\/uploads\/2025\/09\/Farmacia-2025-768x432.png 768w, https:\/\/fundaciohospitalariesmartorell.org\/entre-tots\/wp-content\/uploads\/2025\/09\/Farmacia-2025-1536x864.png 1536w, https:\/\/fundaciohospitalariesmartorell.org\/entre-tots\/wp-content\/uploads\/2025\/09\/Farmacia-2025-1320x743.png 1320w, https:\/\/fundaciohospitalariesmartorell.org\/entre-tots\/wp-content\/uploads\/2025\/09\/Farmacia-2025.png 1920w\" sizes=\"auto, (max-width: 1024px) 100vw, 1024px\" \/><\/figure>\n\n\n\n<p>Autora: Laura Comella, cap de Farm\u00e0cia de la FH Martorell<\/p>\n\n\n\n<p>Amb l\u2019arribada de l\u2019automatitzaci\u00f3 al servei de farm\u00e0cia, fa m\u00e9s de dos anys, i amb l\u2019expansi\u00f3 del circuit de dispensaci\u00f3 en dosi unit\u00e0ria, el\/la farmac\u00e8utic\/a ha deixat enrere un paper cl\u00e0ssicament vinculat a la gesti\u00f3 per endinsar-se en una funci\u00f3 cada vegada m\u00e9s cl\u00ednica. Des de la supervisi\u00f3 de pautes fins a l\u2019aportaci\u00f3 de recomanacions, transformem l\u2019evid\u00e8ncia cient\u00edfica en decisions pr\u00e0ctiques que contribueixen a millorar la qualitat de l\u2019atenci\u00f3. La validaci\u00f3 de prescripcions ha estat la porta d\u2019entrada a una col\u00b7laboraci\u00f3 estreta amb metges i infermeria, amb l\u2019objectiu de garantir que els tractaments siguin sempre els m\u00e9s adequats, segurs i adaptats a cada pacient.<\/p>\n\n\n\n<p>Podem afirmar amb satisfacci\u00f3 que, al llarg del darrer any, hem anat operativitzant amb \u00e8xit diverses iniciatives destinades a refor\u00e7ar el rol del\/la farmac\u00e8utic\/a hospitalari\/\u00e0ria: potenciar la notificaci\u00f3 d\u2019errors de medicaci\u00f3, dur a terme la conciliaci\u00f3 terap\u00e8utica en el moment de l\u2019ingr\u00e9s, integrar-nos a l\u2019equip d&#8217;optimitzaci\u00f3 de ter\u00e0pia antimicrobiana i augmentar la nostra visibilitat com a expert assessor del f\u00e0rmac. Tot plegat s\u2019ha tradu\u00eft en un increment notable del nombre de consultes i en un reconeixement creixent de la nostra tasca.<\/p>\n\n\n\n<p>Som, i sempre serem, al costat dels equips assistencials, per oferir tot el suport possible. Ara b\u00e9, res d\u2019aix\u00f2 no seria possible sense la col\u00b7laboraci\u00f3 i la confian\u00e7a d\u2019aquells que, a l\u2019altra banda del tel\u00e8fon, han sabut valorar positivament les nostres intervencions. Per aquest motiu, volem expressar la nostra m\u00e9s sincera gratitud per l\u2019acollida i la receptivitat que hem rebut des del primer moment.<\/p>\n\n\n\n<p>Esperem poder continuar millorant vides al vostre costat durant molts anys m\u00e9s.<\/p>\n","protected":false},"excerpt":{"rendered":"<p>Autora: Laura Comella, cap de Farm\u00e0cia de la FH Martorell Amb l\u2019arribada de l\u2019automatitzaci\u00f3 al servei de farm\u00e0cia, fa m\u00e9s de dos anys, i amb l\u2019expansi\u00f3 del circuit de dispensaci\u00f3 en dosi unit\u00e0ria, el\/la farmac\u00e8utic\/a ha deixat enrere un paper cl\u00e0ssicament vinculat a la gesti\u00f3 per endinsar-se en una funci\u00f3 cada vegada m\u00e9s cl\u00ednica. Des [&hellip;]<\/p>\n","protected":false},"author":6,"featured_media":11943,"comment_status":"closed","ping_status":"closed","sticky":false,"template":"","format":"standard","meta":{"footnotes":""},"categories":[27,58],"tags":[],"class_list":["post-11914","post","type-post","status-publish","format-standard","has-post-thumbnail","hentry","category-actualitat","category-collaboradors-es"],"blocksy_meta":[],"featured_image_urls_v2":{"full":["https:\/\/fundaciohospitalariesmartorell.org\/entre-tots\/wp-content\/uploads\/2025\/09\/Farmacia-2025.png",1920,1080,false],"thumbnail":["https:\/\/fundaciohospitalariesmartorell.org\/entre-tots\/wp-content\/uploads\/2025\/09\/Farmacia-2025-150x150.png",150,150,true],"medium":["https:\/\/fundaciohospitalariesmartorell.org\/entre-tots\/wp-content\/uploads\/2025\/09\/Farmacia-2025-300x169.png",300,169,true],"medium_large":["https:\/\/fundaciohospitalariesmartorell.org\/entre-tots\/wp-content\/uploads\/2025\/09\/Farmacia-2025-768x432.png",768,432,true],"large":["https:\/\/fundaciohospitalariesmartorell.org\/entre-tots\/wp-content\/uploads\/2025\/09\/Farmacia-2025-1024x576.png",1024,576,true],"1536x1536":["https:\/\/fundaciohospitalariesmartorell.org\/entre-tots\/wp-content\/uploads\/2025\/09\/Farmacia-2025-1536x864.png",1536,864,true],"2048x2048":["https:\/\/fundaciohospitalariesmartorell.org\/entre-tots\/wp-content\/uploads\/2025\/09\/Farmacia-2025.png",1920,1080,false],"mailpoet_newsletter_max":["https:\/\/fundaciohospitalariesmartorell.org\/entre-tots\/wp-content\/uploads\/2025\/09\/Farmacia-2025-1320x743.png",1320,743,true]},"post_excerpt_stackable_v2":"<p>Autora: Laura Comella, cap de Farm\u00e0cia de la FH Martorell Amb l\u2019arribada de l\u2019automatitzaci\u00f3 al servei de farm\u00e0cia, fa m\u00e9s de dos anys, i amb l\u2019expansi\u00f3 del circuit de dispensaci\u00f3 en dosi unit\u00e0ria, el\/la farmac\u00e8utic\/a ha deixat enrere un paper cl\u00e0ssicament vinculat a la gesti\u00f3 per endinsar-se en una funci\u00f3 cada vegada m\u00e9s cl\u00ednica. Des de la supervisi\u00f3 de pautes fins a l\u2019aportaci\u00f3 de recomanacions, transformem l\u2019evid\u00e8ncia cient\u00edfica en decisions pr\u00e0ctiques que contribueixen a millorar la qualitat de l\u2019atenci\u00f3. La validaci\u00f3 de prescripcions ha estat la porta d\u2019entrada a una col\u00b7laboraci\u00f3 estreta amb metges i infermeria, amb l\u2019objectiu de garantir&hellip;<\/p>\n","category_list_v2":"<a href=\"https:\/\/fundaciohospitalariesmartorell.org\/entre-tots\/category\/actualitat\/\" rel=\"category tag\">ACTUALITAT<\/a>, <a href=\"https:\/\/fundaciohospitalariesmartorell.org\/entre-tots\/category\/actualitat\/col%c2%b7laboradors-es\/\" rel=\"category tag\">COL\u00b7LABORADORS\/ES<\/a>","author_info_v2":{"name":"Martorell_comunicacio","url":"https:\/\/fundaciohospitalariesmartorell.org\/entre-tots\/author\/martorell_comunicacio\/"},"comments_num_v2":"0 comments","_links":{"self":[{"href":"https:\/\/fundaciohospitalariesmartorell.org\/entre-tots\/wp-json\/wp\/v2\/posts\/11914","targetHints":{"allow":["GET"]}}],"collection":[{"href":"https:\/\/fundaciohospitalariesmartorell.org\/entre-tots\/wp-json\/wp\/v2\/posts"}],"about":[{"href":"https:\/\/fundaciohospitalariesmartorell.org\/entre-tots\/wp-json\/wp\/v2\/types\/post"}],"author":[{"embeddable":true,"href":"https:\/\/fundaciohospitalariesmartorell.org\/entre-tots\/wp-json\/wp\/v2\/users\/6"}],"replies":[{"embeddable":true,"href":"https:\/\/fundaciohospitalariesmartorell.org\/entre-tots\/wp-json\/wp\/v2\/comments?post=11914"}],"version-history":[{"count":4,"href":"https:\/\/fundaciohospitalariesmartorell.org\/entre-tots\/wp-json\/wp\/v2\/posts\/11914\/revisions"}],"predecessor-version":[{"id":11949,"href":"https:\/\/fundaciohospitalariesmartorell.org\/entre-tots\/wp-json\/wp\/v2\/posts\/11914\/revisions\/11949"}],"wp:featuredmedia":[{"embeddable":true,"href":"https:\/\/fundaciohospitalariesmartorell.org\/entre-tots\/wp-json\/wp\/v2\/media\/11943"}],"wp:attachment":[{"href":"https:\/\/fundaciohospitalariesmartorell.org\/entre-tots\/wp-json\/wp\/v2\/media?parent=11914"}],"wp:term":[{"taxonomy":"category","embeddable":true,"href":"https:\/\/fundaciohospitalariesmartorell.org\/entre-tots\/wp-json\/wp\/v2\/categories?post=11914"},{"taxonomy":"post_tag","embeddable":true,"href":"https:\/\/fundaciohospitalariesmartorell.org\/entre-tots\/wp-json\/wp\/v2\/tags?post=11914"}],"curies":[{"name":"wp","href":"https:\/\/api.w.org\/{rel}","templated":true}]}}