{"id":11922,"date":"2025-09-22T12:44:15","date_gmt":"2025-09-22T11:44:15","guid":{"rendered":"https:\/\/fundaciohospitalariesmartorell.org\/entre-tots\/?p=11922"},"modified":"2025-09-22T12:44:15","modified_gmt":"2025-09-22T11:44:15","slug":"es-posa-en-marxa-la-nova-unitat-de-diversitat-funcional-udf","status":"publish","type":"post","link":"https:\/\/fundaciohospitalariesmartorell.org\/entre-tots\/2025\/09\/es-posa-en-marxa-la-nova-unitat-de-diversitat-funcional-udf\/","title":{"rendered":"Es posa en marxa la nova Unitat de Diversitat Funcional (UDF)"},"content":{"rendered":"\n<figure class=\"wp-block-image size-large\"><img loading=\"lazy\" decoding=\"async\" width=\"1024\" height=\"577\" src=\"https:\/\/fundaciohospitalariesmartorell.org\/entre-tots\/wp-content\/uploads\/2025\/09\/image-3-1024x577.png\" alt=\"\" class=\"wp-image-11923\" srcset=\"https:\/\/fundaciohospitalariesmartorell.org\/entre-tots\/wp-content\/uploads\/2025\/09\/image-3-1024x577.png 1024w, https:\/\/fundaciohospitalariesmartorell.org\/entre-tots\/wp-content\/uploads\/2025\/09\/image-3-300x169.png 300w, https:\/\/fundaciohospitalariesmartorell.org\/entre-tots\/wp-content\/uploads\/2025\/09\/image-3-768x432.png 768w, https:\/\/fundaciohospitalariesmartorell.org\/entre-tots\/wp-content\/uploads\/2025\/09\/image-3-1536x865.png 1536w, https:\/\/fundaciohospitalariesmartorell.org\/entre-tots\/wp-content\/uploads\/2025\/09\/image-3-1320x743.png 1320w, https:\/\/fundaciohospitalariesmartorell.org\/entre-tots\/wp-content\/uploads\/2025\/09\/image-3.png 2000w\" sizes=\"auto, (max-width: 1024px) 100vw, 1024px\" \/><\/figure>\n\n\n\n<p>El passat 15 de setembre va entrar en funcionament la nova Unitat de Diversitat Funcional (UDF), ubicada a l\u2019Edifici 9 (antic RH5). La unitat, que disposa de 15 places, est\u00e0 adscrita a l\u2019\u00c0rea de Rehabilitaci\u00f3 Hospital\u00e0ria i estar\u00e0 coordinada per David Juanes.<\/p>\n\n\n\n<p>Per garantir una atenci\u00f3 integral i de qualitat, la UDF compta amb un equip multidisciplinari format per psic\u00f2leg, psiquiatre, professionals d\u2019infermeria, metge internista consultor, integrador social, treballadora social, terapeuta ocupacional i TCAI.<\/p>\n\n\n\n<p>La <a href=\"https:\/\/fundaciohospitalariesmartorell.org\/entre-tots\/2025\/07\/martorell-treballa-en-lobertura-duna-nova-unitat-especialitzada-per-a-joves-amb-discapacitat-intellectual-i-trastorns-greus-de-conducta\/\">UDF de Martorell<\/a> forma part del dispositiu de quatre unitats suprasectorials de Catalunya, amb un total de 60 places, dedicades espec\u00edficament a l\u2019atenci\u00f3 de persones amb trastorn de l\u2019espectre autista (TEA), amb o sense discapacitat intel\u00b7lectual, i amb alteracions de conducta.\u00a0<\/p>\n\n\n\n<p>Es tracta d\u2019unitats de mitja estada&nbsp;(d\u2019entre sis mesos i dos anys), de car\u00e0cter no finalista, que tenen com a objectiu estabilitzar les situacions cl\u00edniques i facilitar la continu\u00eftat assistencial en recursos adequats un cop finalitzat l\u2019ingr\u00e9s.<\/p>\n\n\n\n<p>La nostra unitat est\u00e0 adre\u00e7ada a adults joves d\u2019entre 18 i 25 anys. La derivaci\u00f3 i la gesti\u00f3 de la llista d\u2019espera&nbsp;d\u2019aquests dispositius est\u00e0 coordinada per un grup espec\u00edfic del CatSalut, garantint criteris d\u2019equitat i prioritzaci\u00f3 segons la gravetat i les necessitats dels pacients.<\/p>\n\n\n\n<p>Amb aquesta nova obertura, la Fundaci\u00f3 Hospital\u00e0ria de Martorell refor\u00e7a el seu paper en l\u2019atenci\u00f3 especialitzada i de refer\u00e8ncia a Catalunya en l\u2019\u00e0mbit de la salut mental i la diversitat funcional.<\/p>\n","protected":false},"excerpt":{"rendered":"<p>El passat 15 de setembre va entrar en funcionament la nova Unitat de Diversitat Funcional (UDF), ubicada a l\u2019Edifici 9 (antic RH5). La unitat, que disposa de 15 places, est\u00e0 adscrita a l\u2019\u00c0rea de Rehabilitaci\u00f3 Hospital\u00e0ria i estar\u00e0 coordinada per David Juanes. Per garantir una atenci\u00f3 integral i de qualitat, la UDF compta amb un [&hellip;]<\/p>\n","protected":false},"author":6,"featured_media":11923,"comment_status":"closed","ping_status":"","sticky":false,"template":"","format":"standard","meta":{"footnotes":""},"categories":[27],"tags":[],"class_list":["post-11922","post","type-post","status-publish","format-standard","has-post-thumbnail","hentry","category-actualitat"],"blocksy_meta":[],"featured_image_urls_v2":{"full":["https:\/\/fundaciohospitalariesmartorell.org\/entre-tots\/wp-content\/uploads\/2025\/09\/image-3.png",2000,1126,false],"thumbnail":["https:\/\/fundaciohospitalariesmartorell.org\/entre-tots\/wp-content\/uploads\/2025\/09\/image-3-150x150.png",150,150,true],"medium":["https:\/\/fundaciohospitalariesmartorell.org\/entre-tots\/wp-content\/uploads\/2025\/09\/image-3-300x169.png",300,169,true],"medium_large":["https:\/\/fundaciohospitalariesmartorell.org\/entre-tots\/wp-content\/uploads\/2025\/09\/image-3-768x432.png",768,432,true],"large":["https:\/\/fundaciohospitalariesmartorell.org\/entre-tots\/wp-content\/uploads\/2025\/09\/image-3-1024x577.png",1024,577,true],"1536x1536":["https:\/\/fundaciohospitalariesmartorell.org\/entre-tots\/wp-content\/uploads\/2025\/09\/image-3-1536x865.png",1536,865,true],"2048x2048":["https:\/\/fundaciohospitalariesmartorell.org\/entre-tots\/wp-content\/uploads\/2025\/09\/image-3.png",2000,1126,false],"mailpoet_newsletter_max":["https:\/\/fundaciohospitalariesmartorell.org\/entre-tots\/wp-content\/uploads\/2025\/09\/image-3-1320x743.png",1320,743,true]},"post_excerpt_stackable_v2":"<p>El passat 15 de setembre va entrar en funcionament la nova Unitat de Diversitat Funcional (UDF), ubicada a l\u2019Edifici 9 (antic RH5). La unitat, que disposa de 15 places, est\u00e0 adscrita a l\u2019\u00c0rea de Rehabilitaci\u00f3 Hospital\u00e0ria i estar\u00e0 coordinada per David Juanes. Per garantir una atenci\u00f3 integral i de qualitat, la UDF compta amb un equip multidisciplinari format per psic\u00f2leg, psiquiatre, professionals d\u2019infermeria, metge internista consultor, integrador social, treballadora social, terapeuta ocupacional i TCAI. La UDF de Martorell forma part del dispositiu de quatre unitats suprasectorials de Catalunya, amb un total de 60 places, dedicades espec\u00edficament a l\u2019atenci\u00f3 de persones&hellip;<\/p>\n","category_list_v2":"<a href=\"https:\/\/fundaciohospitalariesmartorell.org\/entre-tots\/category\/actualitat\/\" rel=\"category tag\">ACTUALITAT<\/a>","author_info_v2":{"name":"Martorell_comunicacio","url":"https:\/\/fundaciohospitalariesmartorell.org\/entre-tots\/author\/martorell_comunicacio\/"},"comments_num_v2":"0 comments","_links":{"self":[{"href":"https:\/\/fundaciohospitalariesmartorell.org\/entre-tots\/wp-json\/wp\/v2\/posts\/11922","targetHints":{"allow":["GET"]}}],"collection":[{"href":"https:\/\/fundaciohospitalariesmartorell.org\/entre-tots\/wp-json\/wp\/v2\/posts"}],"about":[{"href":"https:\/\/fundaciohospitalariesmartorell.org\/entre-tots\/wp-json\/wp\/v2\/types\/post"}],"author":[{"embeddable":true,"href":"https:\/\/fundaciohospitalariesmartorell.org\/entre-tots\/wp-json\/wp\/v2\/users\/6"}],"replies":[{"embeddable":true,"href":"https:\/\/fundaciohospitalariesmartorell.org\/entre-tots\/wp-json\/wp\/v2\/comments?post=11922"}],"version-history":[{"count":1,"href":"https:\/\/fundaciohospitalariesmartorell.org\/entre-tots\/wp-json\/wp\/v2\/posts\/11922\/revisions"}],"predecessor-version":[{"id":11924,"href":"https:\/\/fundaciohospitalariesmartorell.org\/entre-tots\/wp-json\/wp\/v2\/posts\/11922\/revisions\/11924"}],"wp:featuredmedia":[{"embeddable":true,"href":"https:\/\/fundaciohospitalariesmartorell.org\/entre-tots\/wp-json\/wp\/v2\/media\/11923"}],"wp:attachment":[{"href":"https:\/\/fundaciohospitalariesmartorell.org\/entre-tots\/wp-json\/wp\/v2\/media?parent=11922"}],"wp:term":[{"taxonomy":"category","embeddable":true,"href":"https:\/\/fundaciohospitalariesmartorell.org\/entre-tots\/wp-json\/wp\/v2\/categories?post=11922"},{"taxonomy":"post_tag","embeddable":true,"href":"https:\/\/fundaciohospitalariesmartorell.org\/entre-tots\/wp-json\/wp\/v2\/tags?post=11922"}],"curies":[{"name":"wp","href":"https:\/\/api.w.org\/{rel}","templated":true}]}}