{"id":11926,"date":"2025-09-22T12:56:11","date_gmt":"2025-09-22T11:56:11","guid":{"rendered":"https:\/\/fundaciohospitalariesmartorell.org\/entre-tots\/?p=11926"},"modified":"2025-09-22T12:56:11","modified_gmt":"2025-09-22T11:56:11","slug":"el-dr-carles-franquelo-nou-coordinador-assistencial-territorial-de-la-fundacio-hospitalaries-a-catalunya","status":"publish","type":"post","link":"https:\/\/fundaciohospitalariesmartorell.org\/entre-tots\/2025\/09\/el-dr-carles-franquelo-nou-coordinador-assistencial-territorial-de-la-fundacio-hospitalaries-a-catalunya\/","title":{"rendered":"El Dr. Carles Franquelo, nou Coordinador Assistencial Territorial de la Fundaci\u00f3 Hospital\u00e0ries a Catalunya"},"content":{"rendered":"\n<figure class=\"wp-block-image size-large\"><img loading=\"lazy\" decoding=\"async\" width=\"1024\" height=\"577\" src=\"https:\/\/fundaciohospitalariesmartorell.org\/entre-tots\/wp-content\/uploads\/2025\/09\/image-4-1024x577.png\" alt=\"\" class=\"wp-image-11927\" srcset=\"https:\/\/fundaciohospitalariesmartorell.org\/entre-tots\/wp-content\/uploads\/2025\/09\/image-4-1024x577.png 1024w, https:\/\/fundaciohospitalariesmartorell.org\/entre-tots\/wp-content\/uploads\/2025\/09\/image-4-300x169.png 300w, https:\/\/fundaciohospitalariesmartorell.org\/entre-tots\/wp-content\/uploads\/2025\/09\/image-4-768x432.png 768w, https:\/\/fundaciohospitalariesmartorell.org\/entre-tots\/wp-content\/uploads\/2025\/09\/image-4-1536x865.png 1536w, https:\/\/fundaciohospitalariesmartorell.org\/entre-tots\/wp-content\/uploads\/2025\/09\/image-4-1320x743.png 1320w, https:\/\/fundaciohospitalariesmartorell.org\/entre-tots\/wp-content\/uploads\/2025\/09\/image-4.png 2000w\" sizes=\"auto, (max-width: 1024px) 100vw, 1024px\" \/><\/figure>\n\n\n\n<p>El Dr. Carles Franquelo, actual director m\u00e8dic de la Fundaci\u00f3 Hospital\u00e0ries Martorell, ha estat nomenat Coordinador Assistencial Territorial de Fundaci\u00f3 Hospital\u00e0ries a Catalunya, en substituci\u00f3 del Dr. Pedro Roy, qui ha exercit aquesta responsabilitat en els darrers anys.<\/p>\n\n\n\n<p>En aquesta nova etapa, el Dr. Franquelo compaginar\u00e0 les seves funcions de director m\u00e8dic amb la coordinaci\u00f3 territorial, on tindr\u00e0 un paper clau en el desplegament de pol\u00edtiques assistencials generals, el suport i acompanyament als centres, la promoci\u00f3 de sinergies i projectes conjunts, el foment de la qualitat, la innovaci\u00f3 i la seguretat, aix\u00ed com en la dinamitzaci\u00f3 de xarxes col\u00b7laboratives al territori.<\/p>\n\n\n\n<p>La traject\u00f2ria del Dr. Franquelo a la Instituci\u00f3 \u00e9s extensa i consolidada. Es va incorporar a la Fundaci\u00f3 Hospital\u00e0ries Martorell l\u2019any 1993 com a psiquiatre adjunt i, posteriorment, va assumir la coordinaci\u00f3 del CSMA de Sant Feliu. Durant molts anys va exercir com a Coordinador de Qualitat de l\u2019Hospital i, des de 2017, \u00e9s el Director M\u00e8dic. Paral\u00b7lelament, \u00e9s membre del Comit\u00e8 d\u2019\u00c8tica Assistencial, coordina la Comissi\u00f3 de Salut Mental i Rehabilitaci\u00f3 Psicosocial i forma part del comit\u00e8 de direcci\u00f3 de la revista <em>Informaciones Psiqui\u00e1tricas<\/em>.<\/p>\n\n\n\n<p>Des de la Fundaci\u00f3 Hospital\u00e0ries volem felicitar el Dr. Franquelo i desitjar-li molts \u00e8xits en aquest nou repte, tot agraint-li el seu comprom\u00eds i dedicaci\u00f3 amb la nostra Instituci\u00f3.<\/p>\n\n\n\n<p><\/p>\n","protected":false},"excerpt":{"rendered":"<p>El Dr. Carles Franquelo, actual director m\u00e8dic de la Fundaci\u00f3 Hospital\u00e0ries Martorell, ha estat nomenat Coordinador Assistencial Territorial de Fundaci\u00f3 Hospital\u00e0ries a Catalunya, en substituci\u00f3 del Dr. Pedro Roy, qui ha exercit aquesta responsabilitat en els darrers anys. En aquesta nova etapa, el Dr. Franquelo compaginar\u00e0 les seves funcions de director m\u00e8dic amb la coordinaci\u00f3 [&hellip;]<\/p>\n","protected":false},"author":6,"featured_media":11927,"comment_status":"closed","ping_status":"","sticky":false,"template":"","format":"standard","meta":{"footnotes":""},"categories":[27,58],"tags":[],"class_list":["post-11926","post","type-post","status-publish","format-standard","has-post-thumbnail","hentry","category-actualitat","category-collaboradors-es"],"blocksy_meta":[],"featured_image_urls_v2":{"full":["https:\/\/fundaciohospitalariesmartorell.org\/entre-tots\/wp-content\/uploads\/2025\/09\/image-4.png",2000,1126,false],"thumbnail":["https:\/\/fundaciohospitalariesmartorell.org\/entre-tots\/wp-content\/uploads\/2025\/09\/image-4-150x150.png",150,150,true],"medium":["https:\/\/fundaciohospitalariesmartorell.org\/entre-tots\/wp-content\/uploads\/2025\/09\/image-4-300x169.png",300,169,true],"medium_large":["https:\/\/fundaciohospitalariesmartorell.org\/entre-tots\/wp-content\/uploads\/2025\/09\/image-4-768x432.png",768,432,true],"large":["https:\/\/fundaciohospitalariesmartorell.org\/entre-tots\/wp-content\/uploads\/2025\/09\/image-4-1024x577.png",1024,577,true],"1536x1536":["https:\/\/fundaciohospitalariesmartorell.org\/entre-tots\/wp-content\/uploads\/2025\/09\/image-4-1536x865.png",1536,865,true],"2048x2048":["https:\/\/fundaciohospitalariesmartorell.org\/entre-tots\/wp-content\/uploads\/2025\/09\/image-4.png",2000,1126,false],"mailpoet_newsletter_max":["https:\/\/fundaciohospitalariesmartorell.org\/entre-tots\/wp-content\/uploads\/2025\/09\/image-4-1320x743.png",1320,743,true]},"post_excerpt_stackable_v2":"<p>El Dr. Carles Franquelo, actual director m\u00e8dic de la Fundaci\u00f3 Hospital\u00e0ries Martorell, ha estat nomenat Coordinador Assistencial Territorial de Fundaci\u00f3 Hospital\u00e0ries a Catalunya, en substituci\u00f3 del Dr. Pedro Roy, qui ha exercit aquesta responsabilitat en els darrers anys. En aquesta nova etapa, el Dr. Franquelo compaginar\u00e0 les seves funcions de director m\u00e8dic amb la coordinaci\u00f3 territorial, on tindr\u00e0 un paper clau en el desplegament de pol\u00edtiques assistencials generals, el suport i acompanyament als centres, la promoci\u00f3 de sinergies i projectes conjunts, el foment de la qualitat, la innovaci\u00f3 i la seguretat, aix\u00ed com en la dinamitzaci\u00f3 de xarxes col\u00b7laboratives al&hellip;<\/p>\n","category_list_v2":"<a href=\"https:\/\/fundaciohospitalariesmartorell.org\/entre-tots\/category\/actualitat\/\" rel=\"category tag\">ACTUALITAT<\/a>, <a href=\"https:\/\/fundaciohospitalariesmartorell.org\/entre-tots\/category\/actualitat\/col%c2%b7laboradors-es\/\" rel=\"category tag\">COL\u00b7LABORADORS\/ES<\/a>","author_info_v2":{"name":"Martorell_comunicacio","url":"https:\/\/fundaciohospitalariesmartorell.org\/entre-tots\/author\/martorell_comunicacio\/"},"comments_num_v2":"0 comments","_links":{"self":[{"href":"https:\/\/fundaciohospitalariesmartorell.org\/entre-tots\/wp-json\/wp\/v2\/posts\/11926","targetHints":{"allow":["GET"]}}],"collection":[{"href":"https:\/\/fundaciohospitalariesmartorell.org\/entre-tots\/wp-json\/wp\/v2\/posts"}],"about":[{"href":"https:\/\/fundaciohospitalariesmartorell.org\/entre-tots\/wp-json\/wp\/v2\/types\/post"}],"author":[{"embeddable":true,"href":"https:\/\/fundaciohospitalariesmartorell.org\/entre-tots\/wp-json\/wp\/v2\/users\/6"}],"replies":[{"embeddable":true,"href":"https:\/\/fundaciohospitalariesmartorell.org\/entre-tots\/wp-json\/wp\/v2\/comments?post=11926"}],"version-history":[{"count":1,"href":"https:\/\/fundaciohospitalariesmartorell.org\/entre-tots\/wp-json\/wp\/v2\/posts\/11926\/revisions"}],"predecessor-version":[{"id":11928,"href":"https:\/\/fundaciohospitalariesmartorell.org\/entre-tots\/wp-json\/wp\/v2\/posts\/11926\/revisions\/11928"}],"wp:featuredmedia":[{"embeddable":true,"href":"https:\/\/fundaciohospitalariesmartorell.org\/entre-tots\/wp-json\/wp\/v2\/media\/11927"}],"wp:attachment":[{"href":"https:\/\/fundaciohospitalariesmartorell.org\/entre-tots\/wp-json\/wp\/v2\/media?parent=11926"}],"wp:term":[{"taxonomy":"category","embeddable":true,"href":"https:\/\/fundaciohospitalariesmartorell.org\/entre-tots\/wp-json\/wp\/v2\/categories?post=11926"},{"taxonomy":"post_tag","embeddable":true,"href":"https:\/\/fundaciohospitalariesmartorell.org\/entre-tots\/wp-json\/wp\/v2\/tags?post=11926"}],"curies":[{"name":"wp","href":"https:\/\/api.w.org\/{rel}","templated":true}]}}