{"id":11929,"date":"2025-09-23T09:04:42","date_gmt":"2025-09-23T08:04:42","guid":{"rendered":"https:\/\/fundaciohospitalariesmartorell.org\/entre-tots\/?p=11929"},"modified":"2025-09-23T09:09:35","modified_gmt":"2025-09-23T08:09:35","slug":"el-galaxy-martorell-ja-esta-a-punt-per-iniciar-la-seva-segona-temporada-federada","status":"publish","type":"post","link":"https:\/\/fundaciohospitalariesmartorell.org\/entre-tots\/2025\/09\/el-galaxy-martorell-ja-esta-a-punt-per-iniciar-la-seva-segona-temporada-federada\/","title":{"rendered":"El Galaxy Martorell ja est\u00e0 a punt per iniciar la seva segona temporada a la Lliga inclusiva de salut mental"},"content":{"rendered":"\n<figure class=\"wp-block-image size-large\"><img loading=\"lazy\" decoding=\"async\" width=\"1024\" height=\"768\" src=\"https:\/\/fundaciohospitalariesmartorell.org\/entre-tots\/wp-content\/uploads\/2025\/09\/WhatsApp-Image-2025-09-20-at-12.55.43-1024x768.jpeg\" alt=\"\" class=\"wp-image-11930\" srcset=\"https:\/\/fundaciohospitalariesmartorell.org\/entre-tots\/wp-content\/uploads\/2025\/09\/WhatsApp-Image-2025-09-20-at-12.55.43-1024x768.jpeg 1024w, https:\/\/fundaciohospitalariesmartorell.org\/entre-tots\/wp-content\/uploads\/2025\/09\/WhatsApp-Image-2025-09-20-at-12.55.43-300x225.jpeg 300w, https:\/\/fundaciohospitalariesmartorell.org\/entre-tots\/wp-content\/uploads\/2025\/09\/WhatsApp-Image-2025-09-20-at-12.55.43-768x576.jpeg 768w, https:\/\/fundaciohospitalariesmartorell.org\/entre-tots\/wp-content\/uploads\/2025\/09\/WhatsApp-Image-2025-09-20-at-12.55.43-1536x1152.jpeg 1536w, https:\/\/fundaciohospitalariesmartorell.org\/entre-tots\/wp-content\/uploads\/2025\/09\/WhatsApp-Image-2025-09-20-at-12.55.43-1320x990.jpeg 1320w, https:\/\/fundaciohospitalariesmartorell.org\/entre-tots\/wp-content\/uploads\/2025\/09\/WhatsApp-Image-2025-09-20-at-12.55.43.jpeg 2048w\" sizes=\"auto, (max-width: 1024px) 100vw, 1024px\" \/><\/figure>\n\n\n\n<p>El Galaxy Martorell ha donat el tret de sortida a la seva segona temporada a la Lliga inclusiva de salut mental, consolidant-se com un projecte esportiu i comunitari de refer\u00e8ncia al nostre centre. Despr\u00e9s d\u2019un primer any ple d\u2019aprenentatges i creixement, l\u2019equip arriba a aquest nou curs amb m\u00e9s experi\u00e8ncia, m\u00e9s cohesi\u00f3 i una din\u00e0mica d\u2019entrenaments que ha esdevingut clau per al progr\u00e9s dels jugadors.<\/p>\n\n\n\n<p>El primer partit d\u2019aquesta nova temporada va tenir lloc el passat diumenge 21 de setembre, amb un amist\u00f3s contra l\u2019Olesa que va acabar amb triomf del Galaxy per 5-3. Un resultat que reflecteix la bona feina feta als entrenaments i l\u2019entusiasme amb qu\u00e8 l\u2019equip afronta aquest segon any.<\/p>\n\n\n\n<figure class=\"wp-block-image size-large\"><img loading=\"lazy\" decoding=\"async\" width=\"2048\" height=\"1152\" src=\"https:\/\/fundaciohospitalariesmartorell.org\/entre-tots\/wp-content\/uploads\/2025\/09\/WhatsApp-Image-2025-09-20-at-12.55.42-edited.jpeg\" alt=\"\" class=\"wp-image-11932\" srcset=\"https:\/\/fundaciohospitalariesmartorell.org\/entre-tots\/wp-content\/uploads\/2025\/09\/WhatsApp-Image-2025-09-20-at-12.55.42-edited.jpeg 2048w, https:\/\/fundaciohospitalariesmartorell.org\/entre-tots\/wp-content\/uploads\/2025\/09\/WhatsApp-Image-2025-09-20-at-12.55.42-edited-300x169.jpeg 300w, https:\/\/fundaciohospitalariesmartorell.org\/entre-tots\/wp-content\/uploads\/2025\/09\/WhatsApp-Image-2025-09-20-at-12.55.42-edited-1024x576.jpeg 1024w, https:\/\/fundaciohospitalariesmartorell.org\/entre-tots\/wp-content\/uploads\/2025\/09\/WhatsApp-Image-2025-09-20-at-12.55.42-edited-768x432.jpeg 768w, https:\/\/fundaciohospitalariesmartorell.org\/entre-tots\/wp-content\/uploads\/2025\/09\/WhatsApp-Image-2025-09-20-at-12.55.42-edited-1536x864.jpeg 1536w, https:\/\/fundaciohospitalariesmartorell.org\/entre-tots\/wp-content\/uploads\/2025\/09\/WhatsApp-Image-2025-09-20-at-12.55.42-edited-1320x743.jpeg 1320w\" sizes=\"auto, (max-width: 2048px) 100vw, 2048px\" \/><\/figure>\n\n\n\n<p>Els entrenaments setmanals s\u00f3n l\u2019eix central del projecte. S\u2019hi treballa no nom\u00e9s la preparaci\u00f3 f\u00edsica i t\u00e0ctica, sin\u00f3 tamb\u00e9 la cohesi\u00f3 de grup, el respecte i el comprom\u00eds. L\u2019objectiu va m\u00e9s enll\u00e0 dels resultats esportius: el Galaxy Martorell vol ser un espai de conviv\u00e8ncia i superaci\u00f3 personal, on cada jugador troba el seu lloc dins i fora del camp.<\/p>\n\n\n\n<p>El projecte, nascut a mitjan 2023 i obert tamb\u00e9 a persones de la comunitat no vinculades directament a l\u2019hospital, t\u00e9 una triple finalitat: fomentar l\u2019activitat f\u00edsica, refor\u00e7ar les habilitats socials i promoure la integraci\u00f3 comunit\u00e0ria.<\/p>\n\n\n\n<p>Endavant, Galaxy Martorell!! Us desitgem molt bona temporada.<\/p>\n\n\n\n<figure class=\"wp-block-image size-large\"><img loading=\"lazy\" decoding=\"async\" width=\"1024\" height=\"576\" src=\"https:\/\/fundaciohospitalariesmartorell.org\/entre-tots\/wp-content\/uploads\/2025\/09\/Galaxy-2025-1024x576.png\" alt=\"\" class=\"wp-image-11937\" srcset=\"https:\/\/fundaciohospitalariesmartorell.org\/entre-tots\/wp-content\/uploads\/2025\/09\/Galaxy-2025-1024x576.png 1024w, https:\/\/fundaciohospitalariesmartorell.org\/entre-tots\/wp-content\/uploads\/2025\/09\/Galaxy-2025-300x169.png 300w, https:\/\/fundaciohospitalariesmartorell.org\/entre-tots\/wp-content\/uploads\/2025\/09\/Galaxy-2025-768x432.png 768w, https:\/\/fundaciohospitalariesmartorell.org\/entre-tots\/wp-content\/uploads\/2025\/09\/Galaxy-2025-1536x864.png 1536w, https:\/\/fundaciohospitalariesmartorell.org\/entre-tots\/wp-content\/uploads\/2025\/09\/Galaxy-2025-1320x743.png 1320w, https:\/\/fundaciohospitalariesmartorell.org\/entre-tots\/wp-content\/uploads\/2025\/09\/Galaxy-2025.png 1920w\" sizes=\"auto, (max-width: 1024px) 100vw, 1024px\" \/><\/figure>\n","protected":false},"excerpt":{"rendered":"<p>El Galaxy Martorell ha donat el tret de sortida a la seva segona temporada a la Lliga inclusiva de salut mental, consolidant-se com un projecte esportiu i comunitari de refer\u00e8ncia al nostre centre. Despr\u00e9s d\u2019un primer any ple d\u2019aprenentatges i creixement, l\u2019equip arriba a aquest nou curs amb m\u00e9s experi\u00e8ncia, m\u00e9s cohesi\u00f3 i una din\u00e0mica [&hellip;]<\/p>\n","protected":false},"author":6,"featured_media":11930,"comment_status":"closed","ping_status":"closed","sticky":false,"template":"","format":"standard","meta":{"footnotes":""},"categories":[27,57],"tags":[],"class_list":["post-11929","post","type-post","status-publish","format-standard","has-post-thumbnail","hentry","category-actualitat","category-usuaris-es"],"blocksy_meta":[],"featured_image_urls_v2":{"full":["https:\/\/fundaciohospitalariesmartorell.org\/entre-tots\/wp-content\/uploads\/2025\/09\/WhatsApp-Image-2025-09-20-at-12.55.43.jpeg",2048,1536,false],"thumbnail":["https:\/\/fundaciohospitalariesmartorell.org\/entre-tots\/wp-content\/uploads\/2025\/09\/WhatsApp-Image-2025-09-20-at-12.55.43-150x150.jpeg",150,150,true],"medium":["https:\/\/fundaciohospitalariesmartorell.org\/entre-tots\/wp-content\/uploads\/2025\/09\/WhatsApp-Image-2025-09-20-at-12.55.43-300x225.jpeg",300,225,true],"medium_large":["https:\/\/fundaciohospitalariesmartorell.org\/entre-tots\/wp-content\/uploads\/2025\/09\/WhatsApp-Image-2025-09-20-at-12.55.43-768x576.jpeg",768,576,true],"large":["https:\/\/fundaciohospitalariesmartorell.org\/entre-tots\/wp-content\/uploads\/2025\/09\/WhatsApp-Image-2025-09-20-at-12.55.43-1024x768.jpeg",1024,768,true],"1536x1536":["https:\/\/fundaciohospitalariesmartorell.org\/entre-tots\/wp-content\/uploads\/2025\/09\/WhatsApp-Image-2025-09-20-at-12.55.43-1536x1152.jpeg",1536,1152,true],"2048x2048":["https:\/\/fundaciohospitalariesmartorell.org\/entre-tots\/wp-content\/uploads\/2025\/09\/WhatsApp-Image-2025-09-20-at-12.55.43.jpeg",2048,1536,false],"mailpoet_newsletter_max":["https:\/\/fundaciohospitalariesmartorell.org\/entre-tots\/wp-content\/uploads\/2025\/09\/WhatsApp-Image-2025-09-20-at-12.55.43-1320x990.jpeg",1320,990,true]},"post_excerpt_stackable_v2":"<p>El Galaxy Martorell ha donat el tret de sortida a la seva segona temporada a la Lliga inclusiva de salut mental, consolidant-se com un projecte esportiu i comunitari de refer\u00e8ncia al nostre centre. Despr\u00e9s d\u2019un primer any ple d\u2019aprenentatges i creixement, l\u2019equip arriba a aquest nou curs amb m\u00e9s experi\u00e8ncia, m\u00e9s cohesi\u00f3 i una din\u00e0mica d\u2019entrenaments que ha esdevingut clau per al progr\u00e9s dels jugadors. El primer partit d\u2019aquesta nova temporada va tenir lloc el passat diumenge 21 de setembre, amb un amist\u00f3s contra l\u2019Olesa que va acabar amb triomf del Galaxy per 5-3. Un resultat que reflecteix la bona&hellip;<\/p>\n","category_list_v2":"<a href=\"https:\/\/fundaciohospitalariesmartorell.org\/entre-tots\/category\/actualitat\/\" rel=\"category tag\">ACTUALITAT<\/a>, <a href=\"https:\/\/fundaciohospitalariesmartorell.org\/entre-tots\/category\/actualitat\/usuaris-es\/\" rel=\"category tag\">USUARIS\/ES<\/a>","author_info_v2":{"name":"Martorell_comunicacio","url":"https:\/\/fundaciohospitalariesmartorell.org\/entre-tots\/author\/martorell_comunicacio\/"},"comments_num_v2":"0 comments","_links":{"self":[{"href":"https:\/\/fundaciohospitalariesmartorell.org\/entre-tots\/wp-json\/wp\/v2\/posts\/11929","targetHints":{"allow":["GET"]}}],"collection":[{"href":"https:\/\/fundaciohospitalariesmartorell.org\/entre-tots\/wp-json\/wp\/v2\/posts"}],"about":[{"href":"https:\/\/fundaciohospitalariesmartorell.org\/entre-tots\/wp-json\/wp\/v2\/types\/post"}],"author":[{"embeddable":true,"href":"https:\/\/fundaciohospitalariesmartorell.org\/entre-tots\/wp-json\/wp\/v2\/users\/6"}],"replies":[{"embeddable":true,"href":"https:\/\/fundaciohospitalariesmartorell.org\/entre-tots\/wp-json\/wp\/v2\/comments?post=11929"}],"version-history":[{"count":3,"href":"https:\/\/fundaciohospitalariesmartorell.org\/entre-tots\/wp-json\/wp\/v2\/posts\/11929\/revisions"}],"predecessor-version":[{"id":11938,"href":"https:\/\/fundaciohospitalariesmartorell.org\/entre-tots\/wp-json\/wp\/v2\/posts\/11929\/revisions\/11938"}],"wp:featuredmedia":[{"embeddable":true,"href":"https:\/\/fundaciohospitalariesmartorell.org\/entre-tots\/wp-json\/wp\/v2\/media\/11930"}],"wp:attachment":[{"href":"https:\/\/fundaciohospitalariesmartorell.org\/entre-tots\/wp-json\/wp\/v2\/media?parent=11929"}],"wp:term":[{"taxonomy":"category","embeddable":true,"href":"https:\/\/fundaciohospitalariesmartorell.org\/entre-tots\/wp-json\/wp\/v2\/categories?post=11929"},{"taxonomy":"post_tag","embeddable":true,"href":"https:\/\/fundaciohospitalariesmartorell.org\/entre-tots\/wp-json\/wp\/v2\/tags?post=11929"}],"curies":[{"name":"wp","href":"https:\/\/api.w.org\/{rel}","templated":true}]}}