{"id":11950,"date":"2025-09-26T10:30:21","date_gmt":"2025-09-26T09:30:21","guid":{"rendered":"https:\/\/fundaciohospitalariesmartorell.org\/entre-tots\/?p=11950"},"modified":"2025-09-29T07:04:21","modified_gmt":"2025-09-29T06:04:21","slug":"el-pades-celebra-25-anys-com-a-equip-de-referencia-en-cures-palliatives-domiciliaries-al-territori","status":"publish","type":"post","link":"https:\/\/fundaciohospitalariesmartorell.org\/entre-tots\/2025\/09\/el-pades-celebra-25-anys-com-a-equip-de-referencia-en-cures-palliatives-domiciliaries-al-territori\/","title":{"rendered":"El PADES celebra 25 anys com a equip de refer\u00e8ncia en cures pal\u00b7liatives domicili\u00e0ries al territori"},"content":{"rendered":"\n<h3 class=\"wp-block-heading\"><span style=\"color: var(--theme-palette-color-4, #501744);\" class=\"stk-highlight\">&#8220;Quan una fam\u00edlia t\u2019obre les portes de casa seva i et dona plena confian\u00e7a, s\u2019estableix un vincle que no es pot explicar si no has treballat en un PADES&#8221;, Dr. Bernades<\/span><\/h3>\n\n\n\n<figure class=\"wp-block-image size-large\"><img loading=\"lazy\" decoding=\"async\" width=\"1024\" height=\"768\" src=\"https:\/\/fundaciohospitalariesmartorell.org\/entre-tots\/wp-content\/uploads\/2025\/09\/image-5-1024x768.png\" alt=\"\" class=\"wp-image-11953\" srcset=\"https:\/\/fundaciohospitalariesmartorell.org\/entre-tots\/wp-content\/uploads\/2025\/09\/image-5-1024x768.png 1024w, https:\/\/fundaciohospitalariesmartorell.org\/entre-tots\/wp-content\/uploads\/2025\/09\/image-5-300x225.png 300w, https:\/\/fundaciohospitalariesmartorell.org\/entre-tots\/wp-content\/uploads\/2025\/09\/image-5-768x576.png 768w, https:\/\/fundaciohospitalariesmartorell.org\/entre-tots\/wp-content\/uploads\/2025\/09\/image-5-1536x1152.png 1536w, https:\/\/fundaciohospitalariesmartorell.org\/entre-tots\/wp-content\/uploads\/2025\/09\/image-5-1320x990.png 1320w, https:\/\/fundaciohospitalariesmartorell.org\/entre-tots\/wp-content\/uploads\/2025\/09\/image-5.png 1600w\" sizes=\"auto, (max-width: 1024px) 100vw, 1024px\" \/><\/figure>\n\n\n\n<p><strong><span style=\"color: var(--theme-palette-color-1, #9f2b68);\" class=\"stk-highlight\">Aquest m\u00e9s de setembre s&#8217;ha celebrat el 25\u00e8 aniversari de la posada en marxa del PADES (Programa d\u2019Atenci\u00f3 Domicili\u00e0ria i Equips de Suport) al Baix Llobregat Nord, un recurs clau en l\u2019atenci\u00f3 pal\u00b7liativa comunit\u00e0ria. Per commemorar aquesta efem\u00e8ride, iniciem un cicle d\u2019entrevistes amb professionals que n\u2019han estat protagonistes des dels inicis i al llarg d&#8217;aquestes dues d\u00e8cades i mitja. Obrim el cicle parlant amb el Dr. Santi Bernades, actual subdirector m\u00e8dic de la Fundaci\u00f3 Hospital\u00e0ries Marotrell i impulsor del servei, que recorda l\u2019origen, les motivacions i els reptes d\u2019aquells primers anys.<\/span><\/strong><\/p>\n\n\n\n<hr class=\"wp-block-separator has-alpha-channel-opacity\"\/>\n\n\n\n<p><strong>Com va n\u00e9ixer la idea de posar en marxa el PADES al Baix Llobregat?<\/strong><br>A l\u2019any 2000 el Baix Llobregat Nord no disposava d\u2019un equip especialitzat que don\u00e9s atenci\u00f3 domicili\u00e0ria als pacients pal\u00b7liatius, a difer\u00e8ncia dels territoris ve\u00efns. Va ser llavors quan l\u2019Hospital Sagrat Cor de Martorell i el CatSalut van veure la necessitat de posar en marxa aquest servei.<\/p>\n\n\n\n<p><strong>Quines necessitats es van detectar en aquell moment que van fer evident la creaci\u00f3 d\u2019aquest recurs?<\/strong><br>Principalment, la necessitat d\u2019atendre els pacients pal\u00b7liatius al seu entorn natural \u2014el domicili\u2014, garantint el seu benestar i evitant trasllats a urg\u00e8ncies o ingressos hospitalaris innecessaris.<\/p>\n\n\n\n<p><strong>Quins van ser els principals reptes a l\u2019hora de comen\u00e7ar?<\/strong><br>El primer repte va ser crear un equip de professionals amb sensibilitat i comprom\u00eds per garantir una atenci\u00f3 d\u2019excel\u00b7l\u00e8ncia. Tamb\u00e9 calia donar-nos a con\u00e8ixer, i per aix\u00f2 vam comen\u00e7ar a fer reunions amb els equips d\u2019atenci\u00f3 prim\u00e0ria i l\u2019hospital comarcal. Un altre repte era log\u00edstic: con\u00e8ixer b\u00e9 els municipis i arribar als domicilis, sovint en zones de muntanya, en una \u00e8poca en qu\u00e8 encara no dispos\u00e0vem de navegadors.<\/p>\n\n\n\n<p><strong>Amb quin equip inicial vau comen\u00e7ar i quins perfils professionals hi havia?<\/strong><br>Vam comen\u00e7ar amb cinc professionals: metge, infermera, treballadora social i administrativa. Era el model dels equips PADES a altres territoris. Recordo que ens vam reunir amb el PADES de Manresa, que ens va ajudar a desenvolupar el projecte.<\/p>\n\n\n\n<p><strong>Qu\u00e8 recordes amb m\u00e9s emoci\u00f3 d\u2019aquells primers anys?<\/strong><br>Sobretot les mostres d\u2019agra\u00efment dels pacients i les fam\u00edlies. Hem de tenir en compte que \u00e9s un equip que treballa al domicili particular d&#8217;una persona malalta i la seva familia. Entres a casa seva en un moment molt delicat i et donen plena confian\u00e7a. Aix\u00f2 fa que s&#8217;estableixi un vincle molt especial. \u00c9s un aprenentatge que no es troba als llibres: s\u00f3n els pacients i les fam\u00edlies qui et fan cr\u00e9ixer com a professional i com a persona.<\/p>\n\n\n\n<p><strong>Hi havia resist\u00e8ncies o desconeixement respecte a les cures pal\u00b7liatives?<\/strong><br>Al principi, alguns professionals de l\u2019atenci\u00f3 prim\u00e0ria desconeixien el funcionament dels PADES i aix\u00f2 podia generar resist\u00e8ncies. Per\u00f2 es van dissipar r\u00e0pidament en veure els resultats i els beneficis clars per als pacients i els seus cuidadors.<\/p>\n\n\n\n<p><strong>Quin paper van jugar els professionals i les fam\u00edlies en la consolidaci\u00f3 del servei?<\/strong><br>El treball en equip i la mirada multidisciplinar ens van permetre fer una intervenci\u00f3 centrada en la persona, tenint en compte necessitats, valors i prefer\u00e8ncies. L\u2019acompanyament i l\u2019escolta activa van ser fonamentals.<\/p>\n\n\n\n<p><strong>Com valores el recorregut del PADES en aquests 25 anys?<\/strong><br>S\u2019ha consolidat com l\u2019equip especialitzat de cures pal\u00b7liatives de refer\u00e8ncia al territori, i \u00e9s un actor clau en el treball en xarxa de l&#8217;atenci\u00f3 pal\u00b7liativa, coordinats amb l\u2019atenci\u00f3 prim\u00e0ria, l\u2019hospital comarcal, els serveis socials comunitaris i altres dispositius especialitzats.<\/p>\n\n\n\n<p><strong>En qu\u00e8 ha canviat la manera d\u2019entendre i aplicar les cures pal\u00b7liatives des de llavors fins avui?<\/strong><br>Els aven\u00e7os en els tractaments oncol\u00f2gics han canviat radicalment el pron\u00f2stic del c\u00e0ncer, i aix\u00f2 tamb\u00e9 ha transformat la intervenci\u00f3 del PADES. A m\u00e9s, l\u2019increment de malalties cr\u00f2niques avan\u00e7ades, especialment aquelles amb moderada o alta complexitat, ha requerit formar els professionals per garantir la qualitat assistencial.<\/p>\n\n\n\n<p><strong>Quins s\u00f3n els principals reptes assistencials que afronta avui el PADES?<\/strong><br>L\u2019increment de l\u2019esperan\u00e7a de vida comporta un augment de les malalties -oncol\u00f2giques i no oncol\u00f2giques- que en algun moment necessitaran atenci\u00f3 pal\u00b7liativa. El repte \u00e9s si, tal i com estan dimensionats els equips actuals, podrem donar-hi resposta. Tamb\u00e9 ens preocupa la manca de professionals, un problema que afecta tot el sistema de salut.<\/p>\n\n\n\n<p><strong>Quines necessitats emergents marcaran els pr\u00f2xims anys?<\/strong><br>Els canvis familiars, econ\u00f2mics i laborals impacten en la capacitat de cuidar els pacients al domicili. Per aix\u00f2 tenim l\u2019esperan\u00e7a que l\u2019Ag\u00e8ncia Integral Social i Sanit\u00e0ria generi nous recursos per garantir l\u2019atenci\u00f3 a casa.<\/p>\n","protected":false},"excerpt":{"rendered":"<p>&#8220;Quan una fam\u00edlia t\u2019obre les portes de casa seva i et dona plena confian\u00e7a, s\u2019estableix un vincle que no es pot explicar si no has treballat en un PADES&#8221;, Dr. Bernades Aquest m\u00e9s de setembre s&#8217;ha celebrat el 25\u00e8 aniversari de la posada en marxa del PADES (Programa d\u2019Atenci\u00f3 Domicili\u00e0ria i Equips de Suport) al [&hellip;]<\/p>\n","protected":false},"author":7,"featured_media":11953,"comment_status":"closed","ping_status":"closed","sticky":false,"template":"","format":"standard","meta":{"footnotes":""},"categories":[28],"tags":[],"class_list":["post-11950","post","type-post","status-publish","format-standard","has-post-thumbnail","hentry","category-tot-aixo-es-nostre"],"blocksy_meta":[],"featured_image_urls_v2":{"full":["https:\/\/fundaciohospitalariesmartorell.org\/entre-tots\/wp-content\/uploads\/2025\/09\/image-5.png",1600,1200,false],"thumbnail":["https:\/\/fundaciohospitalariesmartorell.org\/entre-tots\/wp-content\/uploads\/2025\/09\/image-5-150x150.png",150,150,true],"medium":["https:\/\/fundaciohospitalariesmartorell.org\/entre-tots\/wp-content\/uploads\/2025\/09\/image-5-300x225.png",300,225,true],"medium_large":["https:\/\/fundaciohospitalariesmartorell.org\/entre-tots\/wp-content\/uploads\/2025\/09\/image-5-768x576.png",768,576,true],"large":["https:\/\/fundaciohospitalariesmartorell.org\/entre-tots\/wp-content\/uploads\/2025\/09\/image-5-1024x768.png",1024,768,true],"1536x1536":["https:\/\/fundaciohospitalariesmartorell.org\/entre-tots\/wp-content\/uploads\/2025\/09\/image-5-1536x1152.png",1536,1152,true],"2048x2048":["https:\/\/fundaciohospitalariesmartorell.org\/entre-tots\/wp-content\/uploads\/2025\/09\/image-5.png",1600,1200,false],"mailpoet_newsletter_max":["https:\/\/fundaciohospitalariesmartorell.org\/entre-tots\/wp-content\/uploads\/2025\/09\/image-5-1320x990.png",1320,990,true]},"post_excerpt_stackable_v2":"<p>&#8220;Quan una fam\u00edlia t\u2019obre les portes de casa seva i et dona plena confian\u00e7a, s\u2019estableix un vincle que no es pot explicar si no has treballat en un PADES&#8221;, Dr. Bernades Aquest m\u00e9s de setembre s&#8217;ha celebrat el 25\u00e8 aniversari de la posada en marxa del PADES (Programa d\u2019Atenci\u00f3 Domicili\u00e0ria i Equips de Suport) al Baix Llobregat Nord, un recurs clau en l\u2019atenci\u00f3 pal\u00b7liativa comunit\u00e0ria. Per commemorar aquesta efem\u00e8ride, iniciem un cicle d\u2019entrevistes amb professionals que n\u2019han estat protagonistes des dels inicis i al llarg d&#8217;aquestes dues d\u00e8cades i mitja. Obrim el cicle parlant amb el Dr. Santi Bernades, actual&hellip;<\/p>\n","category_list_v2":"<a href=\"https:\/\/fundaciohospitalariesmartorell.org\/entre-tots\/category\/tot-aixo-es-nostre\/\" rel=\"category tag\">TOT AIX\u00d2 \u00c9S NOSTRE<\/a>","author_info_v2":{"name":"ALBA_FELIP","url":"https:\/\/fundaciohospitalariesmartorell.org\/entre-tots\/author\/alba_felip\/"},"comments_num_v2":"0 comments","_links":{"self":[{"href":"https:\/\/fundaciohospitalariesmartorell.org\/entre-tots\/wp-json\/wp\/v2\/posts\/11950","targetHints":{"allow":["GET"]}}],"collection":[{"href":"https:\/\/fundaciohospitalariesmartorell.org\/entre-tots\/wp-json\/wp\/v2\/posts"}],"about":[{"href":"https:\/\/fundaciohospitalariesmartorell.org\/entre-tots\/wp-json\/wp\/v2\/types\/post"}],"author":[{"embeddable":true,"href":"https:\/\/fundaciohospitalariesmartorell.org\/entre-tots\/wp-json\/wp\/v2\/users\/7"}],"replies":[{"embeddable":true,"href":"https:\/\/fundaciohospitalariesmartorell.org\/entre-tots\/wp-json\/wp\/v2\/comments?post=11950"}],"version-history":[{"count":5,"href":"https:\/\/fundaciohospitalariesmartorell.org\/entre-tots\/wp-json\/wp\/v2\/posts\/11950\/revisions"}],"predecessor-version":[{"id":11964,"href":"https:\/\/fundaciohospitalariesmartorell.org\/entre-tots\/wp-json\/wp\/v2\/posts\/11950\/revisions\/11964"}],"wp:featuredmedia":[{"embeddable":true,"href":"https:\/\/fundaciohospitalariesmartorell.org\/entre-tots\/wp-json\/wp\/v2\/media\/11953"}],"wp:attachment":[{"href":"https:\/\/fundaciohospitalariesmartorell.org\/entre-tots\/wp-json\/wp\/v2\/media?parent=11950"}],"wp:term":[{"taxonomy":"category","embeddable":true,"href":"https:\/\/fundaciohospitalariesmartorell.org\/entre-tots\/wp-json\/wp\/v2\/categories?post=11950"},{"taxonomy":"post_tag","embeddable":true,"href":"https:\/\/fundaciohospitalariesmartorell.org\/entre-tots\/wp-json\/wp\/v2\/tags?post=11950"}],"curies":[{"name":"wp","href":"https:\/\/api.w.org\/{rel}","templated":true}]}}