{"id":11957,"date":"2025-09-26T10:37:53","date_gmt":"2025-09-26T09:37:53","guid":{"rendered":"https:\/\/fundaciohospitalariesmartorell.org\/entre-tots\/?p=11957"},"modified":"2025-09-29T10:24:10","modified_gmt":"2025-09-29T09:24:10","slug":"el-dr-manel-sanchez-participa-en-la-jornada-que-acredita-la-fundacio-hospitalaries-burgos-com-a-centre-lliure-de-subjeccions","status":"publish","type":"post","link":"https:\/\/fundaciohospitalariesmartorell.org\/entre-tots\/2025\/09\/el-dr-manel-sanchez-participa-en-la-jornada-que-acredita-la-fundacio-hospitalaries-burgos-com-a-centre-lliure-de-subjeccions\/","title":{"rendered":"El Dr. Manel S\u00e1nchez participa en la jornada que acredita la Fundaci\u00f3 Hospital\u00e0ries Burgos com a centre\u00a0lliure de subjeccions"},"content":{"rendered":"\n<figure class=\"wp-block-image size-large\"><img loading=\"lazy\" decoding=\"async\" width=\"1600\" height=\"900\" src=\"https:\/\/fundaciohospitalariesmartorell.org\/entre-tots\/wp-content\/uploads\/2025\/09\/image-6-edited.png\" alt=\"\" class=\"wp-image-11959\" srcset=\"https:\/\/fundaciohospitalariesmartorell.org\/entre-tots\/wp-content\/uploads\/2025\/09\/image-6-edited.png 1600w, https:\/\/fundaciohospitalariesmartorell.org\/entre-tots\/wp-content\/uploads\/2025\/09\/image-6-edited-300x169.png 300w, https:\/\/fundaciohospitalariesmartorell.org\/entre-tots\/wp-content\/uploads\/2025\/09\/image-6-edited-1024x576.png 1024w, https:\/\/fundaciohospitalariesmartorell.org\/entre-tots\/wp-content\/uploads\/2025\/09\/image-6-edited-768x432.png 768w, https:\/\/fundaciohospitalariesmartorell.org\/entre-tots\/wp-content\/uploads\/2025\/09\/image-6-edited-1536x864.png 1536w, https:\/\/fundaciohospitalariesmartorell.org\/entre-tots\/wp-content\/uploads\/2025\/09\/image-6-edited-1320x743.png 1320w\" sizes=\"auto, (max-width: 1600px) 100vw, 1600px\" \/><\/figure>\n\n\n\n<p>El Dr. Manel S\u00e1nchez, director de l&#8217;\u00c0rea de Gesti\u00f3 del Coneixement de la FH Martorell, ha participat, aquest passat 24 de setembre, en la I Jornada de Bones Pr\u00e0ctiques en l\u2019atenci\u00f3 a Persones Grans, celebrada al Centre Assistencial de la\u00a0Fundaci\u00f3 Hospital\u00e0ries de Burgos, en motiu de l\u2019acreditaci\u00f3 del centre com a\u00a0Centre Lliure de Subjeccions.<\/p>\n\n\n\n<p>Durant la seva intervenci\u00f3, el Dr. S\u00e1nchez, que tamb\u00e9 \u00e9s president de la Societat Espanyola de Psicogeriatria, ha impartit la pon\u00e8ncia \u201cLes ter\u00e0pies no farmacol\u00f2giques: s\u00f3n realment una alternativa a l\u2019\u00fas de&nbsp;psicof\u00e0rmacs en els trastorns de conducta de les dem\u00e8ncies?\u201d<\/p>\n\n\n\n<p>En la seva exposici\u00f3, ha defensat l\u2019efic\u00e0cia de les&nbsp;intervencions no farmacol\u00f2giques&nbsp;com a part fonamental d\u2019un model d\u2019atenci\u00f3 m\u00e9s&nbsp;hum\u00e0, respectu\u00f3s i centrat en la persona, especialment en el cas de persones amb deteriorament cognitiu i trastorns de conducta.<\/p>\n\n\n\n<p>L\u2019acte s\u2019ha celebrat en el marc de la concessi\u00f3 de l\u2019acreditaci\u00f3 com a&nbsp;Centre Lliure de Subjeccions, atorgada per la&nbsp;Confederaci\u00f3n Espa\u00f1ola de Organizaciones de Mayores (CEOMA). Amb aquest reconeixement, el centre de Burgos es converteix en&nbsp;el primer de la prov\u00edncia, i un dels pocs de&nbsp;Castella i Lle\u00f3, a rebre aquesta certificaci\u00f3, dins del programa \u201cDesatar al anciano y al enfermo de Alzheimer\u201d.<\/p>\n\n\n\n<p>La jornada ha comptat amb la participaci\u00f3 de Jos\u00e9 Luis Fern\u00e1ndez Santillana, president de CEOMA, qui ha fet l\u2019entrega oficial de l\u2019acreditaci\u00f3;&nbsp;Alberto Mart\u00edn, director general de la Fundaci\u00f3 Hospital\u00e0ries;&nbsp;Javier Arellano, director gerent de la Fundaci\u00f3 Hospital\u00e0ries Pal\u00e8ncia; i&nbsp;Esperanza V\u00e1zquez Boyero, gerent de Serveis Socials de la Junta de Castella i Lle\u00f3.<\/p>\n\n\n\n<p>Aquest reconeixement reflecteix el&nbsp;comprom\u00eds ferm de la Fundaci\u00f3 Hospital\u00e0ries amb un model assistencial innovador, lliure de subjeccions f\u00edsiques, que dignifica la vida de les persones grans i en promou el benestar. Un model que ja va comen\u00e7ar a consolidar-se amb el&nbsp;Centre Sociosanitari de la Fundaci\u00f3 Hospital\u00e0ries Pal\u00e8ncia, acreditat com a Centre Lliure de Subjeccions en nivell Or l\u2019any 2023.<\/p>\n\n\n\n<figure class=\"wp-block-image size-large\"><img loading=\"lazy\" decoding=\"async\" width=\"1200\" height=\"900\" src=\"https:\/\/fundaciohospitalariesmartorell.org\/entre-tots\/wp-content\/uploads\/2025\/09\/image-8-edited.png\" alt=\"\" class=\"wp-image-11962\" srcset=\"https:\/\/fundaciohospitalariesmartorell.org\/entre-tots\/wp-content\/uploads\/2025\/09\/image-8-edited.png 1200w, https:\/\/fundaciohospitalariesmartorell.org\/entre-tots\/wp-content\/uploads\/2025\/09\/image-8-edited-300x225.png 300w, https:\/\/fundaciohospitalariesmartorell.org\/entre-tots\/wp-content\/uploads\/2025\/09\/image-8-edited-1024x768.png 1024w, https:\/\/fundaciohospitalariesmartorell.org\/entre-tots\/wp-content\/uploads\/2025\/09\/image-8-edited-768x576.png 768w\" sizes=\"auto, (max-width: 1200px) 100vw, 1200px\" \/><\/figure>\n","protected":false},"excerpt":{"rendered":"<p>El Dr. Manel S\u00e1nchez, director de l&#8217;\u00c0rea de Gesti\u00f3 del Coneixement de la FH Martorell, ha participat, aquest passat 24 de setembre, en la I Jornada de Bones Pr\u00e0ctiques en l\u2019atenci\u00f3 a Persones Grans, celebrada al Centre Assistencial de la\u00a0Fundaci\u00f3 Hospital\u00e0ries de Burgos, en motiu de l\u2019acreditaci\u00f3 del centre com a\u00a0Centre Lliure de Subjeccions. Durant [&hellip;]<\/p>\n","protected":false},"author":6,"featured_media":11962,"comment_status":"closed","ping_status":"closed","sticky":false,"template":"","format":"standard","meta":{"footnotes":""},"categories":[27,58],"tags":[],"class_list":["post-11957","post","type-post","status-publish","format-standard","has-post-thumbnail","hentry","category-actualitat","category-collaboradors-es"],"blocksy_meta":[],"featured_image_urls_v2":{"full":["https:\/\/fundaciohospitalariesmartorell.org\/entre-tots\/wp-content\/uploads\/2025\/09\/image-8-edited.png",1200,900,false],"thumbnail":["https:\/\/fundaciohospitalariesmartorell.org\/entre-tots\/wp-content\/uploads\/2025\/09\/image-8-edited-150x150.png",150,150,true],"medium":["https:\/\/fundaciohospitalariesmartorell.org\/entre-tots\/wp-content\/uploads\/2025\/09\/image-8-edited-300x225.png",300,225,true],"medium_large":["https:\/\/fundaciohospitalariesmartorell.org\/entre-tots\/wp-content\/uploads\/2025\/09\/image-8-edited-768x576.png",768,576,true],"large":["https:\/\/fundaciohospitalariesmartorell.org\/entre-tots\/wp-content\/uploads\/2025\/09\/image-8-edited-1024x768.png",1024,768,true],"1536x1536":["https:\/\/fundaciohospitalariesmartorell.org\/entre-tots\/wp-content\/uploads\/2025\/09\/image-8-edited.png",1200,900,false],"2048x2048":["https:\/\/fundaciohospitalariesmartorell.org\/entre-tots\/wp-content\/uploads\/2025\/09\/image-8-edited.png",1200,900,false],"mailpoet_newsletter_max":["https:\/\/fundaciohospitalariesmartorell.org\/entre-tots\/wp-content\/uploads\/2025\/09\/image-8-edited.png",1200,900,false]},"post_excerpt_stackable_v2":"<p>El Dr. Manel S\u00e1nchez, director de l&#8217;\u00c0rea de Gesti\u00f3 del Coneixement de la FH Martorell, ha participat, aquest passat 24 de setembre, en la I Jornada de Bones Pr\u00e0ctiques en l\u2019atenci\u00f3 a Persones Grans, celebrada al Centre Assistencial de la\u00a0Fundaci\u00f3 Hospital\u00e0ries de Burgos, en motiu de l\u2019acreditaci\u00f3 del centre com a\u00a0Centre Lliure de Subjeccions. Durant la seva intervenci\u00f3, el Dr. S\u00e1nchez, que tamb\u00e9 \u00e9s president de la Societat Espanyola de Psicogeriatria, ha impartit la pon\u00e8ncia \u201cLes ter\u00e0pies no farmacol\u00f2giques: s\u00f3n realment una alternativa a l\u2019\u00fas de&nbsp;psicof\u00e0rmacs en els trastorns de conducta de les dem\u00e8ncies?\u201d En la seva exposici\u00f3, ha defensat&hellip;<\/p>\n","category_list_v2":"<a href=\"https:\/\/fundaciohospitalariesmartorell.org\/entre-tots\/category\/actualitat\/\" rel=\"category tag\">ACTUALITAT<\/a>, <a href=\"https:\/\/fundaciohospitalariesmartorell.org\/entre-tots\/category\/actualitat\/col%c2%b7laboradors-es\/\" rel=\"category tag\">COL\u00b7LABORADORS\/ES<\/a>","author_info_v2":{"name":"Martorell_comunicacio","url":"https:\/\/fundaciohospitalariesmartorell.org\/entre-tots\/author\/martorell_comunicacio\/"},"comments_num_v2":"0 comments","_links":{"self":[{"href":"https:\/\/fundaciohospitalariesmartorell.org\/entre-tots\/wp-json\/wp\/v2\/posts\/11957","targetHints":{"allow":["GET"]}}],"collection":[{"href":"https:\/\/fundaciohospitalariesmartorell.org\/entre-tots\/wp-json\/wp\/v2\/posts"}],"about":[{"href":"https:\/\/fundaciohospitalariesmartorell.org\/entre-tots\/wp-json\/wp\/v2\/types\/post"}],"author":[{"embeddable":true,"href":"https:\/\/fundaciohospitalariesmartorell.org\/entre-tots\/wp-json\/wp\/v2\/users\/6"}],"replies":[{"embeddable":true,"href":"https:\/\/fundaciohospitalariesmartorell.org\/entre-tots\/wp-json\/wp\/v2\/comments?post=11957"}],"version-history":[{"count":2,"href":"https:\/\/fundaciohospitalariesmartorell.org\/entre-tots\/wp-json\/wp\/v2\/posts\/11957\/revisions"}],"predecessor-version":[{"id":11970,"href":"https:\/\/fundaciohospitalariesmartorell.org\/entre-tots\/wp-json\/wp\/v2\/posts\/11957\/revisions\/11970"}],"wp:featuredmedia":[{"embeddable":true,"href":"https:\/\/fundaciohospitalariesmartorell.org\/entre-tots\/wp-json\/wp\/v2\/media\/11962"}],"wp:attachment":[{"href":"https:\/\/fundaciohospitalariesmartorell.org\/entre-tots\/wp-json\/wp\/v2\/media?parent=11957"}],"wp:term":[{"taxonomy":"category","embeddable":true,"href":"https:\/\/fundaciohospitalariesmartorell.org\/entre-tots\/wp-json\/wp\/v2\/categories?post=11957"},{"taxonomy":"post_tag","embeddable":true,"href":"https:\/\/fundaciohospitalariesmartorell.org\/entre-tots\/wp-json\/wp\/v2\/tags?post=11957"}],"curies":[{"name":"wp","href":"https:\/\/api.w.org\/{rel}","templated":true}]}}