{"id":11999,"date":"2025-10-01T09:21:16","date_gmt":"2025-10-01T08:21:16","guid":{"rendered":"https:\/\/fundaciohospitalariesmartorell.org\/entre-tots\/?p=11999"},"modified":"2025-10-01T09:21:16","modified_gmt":"2025-10-01T08:21:16","slug":"patir-un-trastorn-mental-no-significa-necessariament-ser-infelic-diu-roger-ballesca-al-programa-de-nit-de-radio-4","status":"publish","type":"post","link":"https:\/\/fundaciohospitalariesmartorell.org\/entre-tots\/2025\/10\/patir-un-trastorn-mental-no-significa-necessariament-ser-infelic-diu-roger-ballesca-al-programa-de-nit-de-radio-4\/","title":{"rendered":"&#8220;Patir un trastorn mental no significa necess\u00e0riament ser infeli\u00e7&#8221;, diu Roger Ballesc\u00e0 al programa De Nit de R\u00e0dio 4"},"content":{"rendered":"\n<p>La cl\u00e0ssica \u201ccorba en U\u201d de la felicitat ja no es compleix: els estudis m\u00e9s recents semblen demostrar que s\u00f3n els joves, i no les persones de mitjana edat, qui viuen amb m\u00e9s ansietat i malestar. El psic\u00f2leg Roger Ballesc\u00e0 en parla a <em>De Nit<\/em> de R\u00e0dio 4.<\/p>\n\n\n\n<p>Segons Ballesc\u00e0, <em>\u201cestem en una societat que tolera menys el malestar que en \u00e8poques anteriors. I alhora, vivim en un moment amb molts motius de preocupaci\u00f3: incertesa, pressi\u00f3, comparaci\u00f3 social a causa de les xarxes socials, dificultats per accedir a la feina i a l\u2019habitatge&#8230;\u201d<\/em>.<\/p>\n\n\n\n<p>El coordinador de l&#8217;\u00e0rea de Salut Mental infantojuvenil de la Fundaci\u00f3 Hospital\u00e0ries Martorell\u00a0remarca que aix\u00f2 comporta <em>\u201cun augment dels factors estressors i, alhora, una menor toler\u00e0ncia a la frustraci\u00f3\u201d<\/em>. Tot i aix\u00ed, adverteix que <em>\u201cla felicitat \u00e9s un concepte molt subjectiu, i \u00e9s arriscat vincular-la directament amb la salut mental. Patir un trastorn mental no significa necess\u00e0riament ser infeli\u00e7\u201d<\/em>.<\/p>\n\n\n\n<p>Ballesc\u00e0 tamb\u00e9 ha posat en relleu un canvi cultural en la manera d\u2019entendre la felicitat: <em>\u201cEntre els joves, i tamb\u00e9 entre molts adults, s\u2019ha est\u00e8s la idea que la felicitat es basa en el plaer i la immediatesa. Per\u00f2 no tot malestar \u00e9s sin\u00f2nim de problema de salut mental\u201d<\/em>.<\/p>\n\n\n\n<p>Finalment, puntualitza que l\u2019augment de diagn\u00f2stics i consultes no implica necess\u00e0riament un increment de patologies psiqui\u00e0triques greus: <em>\u201cEl que ha crescut \u00e9s la detecci\u00f3 de trastorns reactius o adaptatius, respostes a les tensions del m\u00f3n que ens envolta, que sovint generen una gran pressi\u00f3 interna\u201d<\/em>.<\/p>\n\n\n\n<p>Escolta l&#8217;entrevista sencera, <a href=\"https:\/\/www.rtve.es\/play\/audios\/de-nit\/nit-baixa-corba-felicitat\/16751389\/\">aqu\u00ed<\/a>.<\/p>\n","protected":false},"excerpt":{"rendered":"<p>La cl\u00e0ssica \u201ccorba en U\u201d de la felicitat ja no es compleix: els estudis m\u00e9s recents semblen demostrar que s\u00f3n els joves, i no les persones de mitjana edat, qui viuen amb m\u00e9s ansietat i malestar. El psic\u00f2leg Roger Ballesc\u00e0 en parla a De Nit de R\u00e0dio 4. Segons Ballesc\u00e0, \u201cestem en una societat que [&hellip;]<\/p>\n","protected":false},"author":6,"featured_media":0,"comment_status":"closed","ping_status":"","sticky":false,"template":"","format":"standard","meta":{"footnotes":""},"categories":[44],"tags":[],"class_list":["post-11999","post","type-post","status-publish","format-standard","hentry","category-entre-noticies"],"blocksy_meta":[],"featured_image_urls_v2":{"full":"","thumbnail":"","medium":"","medium_large":"","large":"","1536x1536":"","2048x2048":"","mailpoet_newsletter_max":""},"post_excerpt_stackable_v2":"<p>La cl\u00e0ssica \u201ccorba en U\u201d de la felicitat ja no es compleix: els estudis m\u00e9s recents semblen demostrar que s\u00f3n els joves, i no les persones de mitjana edat, qui viuen amb m\u00e9s ansietat i malestar. El psic\u00f2leg Roger Ballesc\u00e0 en parla a De Nit de R\u00e0dio 4. Segons Ballesc\u00e0, \u201cestem en una societat que tolera menys el malestar que en \u00e8poques anteriors. I alhora, vivim en un moment amb molts motius de preocupaci\u00f3: incertesa, pressi\u00f3, comparaci\u00f3 social a causa de les xarxes socials, dificultats per accedir a la feina i a l\u2019habitatge&#8230;\u201d. El coordinador de l&#8217;\u00e0rea de Salut Mental&hellip;<\/p>\n","category_list_v2":"<a href=\"https:\/\/fundaciohospitalariesmartorell.org\/entre-tots\/category\/entre-noticies\/\" rel=\"category tag\">ENTRE NOT\u00cdCIES<\/a>","author_info_v2":{"name":"Martorell_comunicacio","url":"https:\/\/fundaciohospitalariesmartorell.org\/entre-tots\/author\/martorell_comunicacio\/"},"comments_num_v2":"0 comments","_links":{"self":[{"href":"https:\/\/fundaciohospitalariesmartorell.org\/entre-tots\/wp-json\/wp\/v2\/posts\/11999","targetHints":{"allow":["GET"]}}],"collection":[{"href":"https:\/\/fundaciohospitalariesmartorell.org\/entre-tots\/wp-json\/wp\/v2\/posts"}],"about":[{"href":"https:\/\/fundaciohospitalariesmartorell.org\/entre-tots\/wp-json\/wp\/v2\/types\/post"}],"author":[{"embeddable":true,"href":"https:\/\/fundaciohospitalariesmartorell.org\/entre-tots\/wp-json\/wp\/v2\/users\/6"}],"replies":[{"embeddable":true,"href":"https:\/\/fundaciohospitalariesmartorell.org\/entre-tots\/wp-json\/wp\/v2\/comments?post=11999"}],"version-history":[{"count":1,"href":"https:\/\/fundaciohospitalariesmartorell.org\/entre-tots\/wp-json\/wp\/v2\/posts\/11999\/revisions"}],"predecessor-version":[{"id":12000,"href":"https:\/\/fundaciohospitalariesmartorell.org\/entre-tots\/wp-json\/wp\/v2\/posts\/11999\/revisions\/12000"}],"wp:attachment":[{"href":"https:\/\/fundaciohospitalariesmartorell.org\/entre-tots\/wp-json\/wp\/v2\/media?parent=11999"}],"wp:term":[{"taxonomy":"category","embeddable":true,"href":"https:\/\/fundaciohospitalariesmartorell.org\/entre-tots\/wp-json\/wp\/v2\/categories?post=11999"},{"taxonomy":"post_tag","embeddable":true,"href":"https:\/\/fundaciohospitalariesmartorell.org\/entre-tots\/wp-json\/wp\/v2\/tags?post=11999"}],"curies":[{"name":"wp","href":"https:\/\/api.w.org\/{rel}","templated":true}]}}