{"id":12011,"date":"2025-10-10T08:46:07","date_gmt":"2025-10-10T07:46:07","guid":{"rendered":"https:\/\/fundaciohospitalariesmartorell.org\/entre-tots\/?p=12011"},"modified":"2025-10-10T08:46:07","modified_gmt":"2025-10-10T07:46:07","slug":"sanats-per-sanar-jornada-paer-intercentres-de-catalunya-a-montserrat","status":"publish","type":"post","link":"https:\/\/fundaciohospitalariesmartorell.org\/entre-tots\/2025\/10\/sanats-per-sanar-jornada-paer-intercentres-de-catalunya-a-montserrat\/","title":{"rendered":"\u201cSanats per sanar\u201d: jornada PAER intercentres de Catalunya a Montserrat"},"content":{"rendered":"\n<figure class=\"wp-block-image size-large\"><img loading=\"lazy\" decoding=\"async\" width=\"1024\" height=\"577\" src=\"https:\/\/fundaciohospitalariesmartorell.org\/entre-tots\/wp-content\/uploads\/2025\/10\/image-1-1024x577.png\" alt=\"\" class=\"wp-image-12012\" srcset=\"https:\/\/fundaciohospitalariesmartorell.org\/entre-tots\/wp-content\/uploads\/2025\/10\/image-1-1024x577.png 1024w, https:\/\/fundaciohospitalariesmartorell.org\/entre-tots\/wp-content\/uploads\/2025\/10\/image-1-300x169.png 300w, https:\/\/fundaciohospitalariesmartorell.org\/entre-tots\/wp-content\/uploads\/2025\/10\/image-1-768x432.png 768w, https:\/\/fundaciohospitalariesmartorell.org\/entre-tots\/wp-content\/uploads\/2025\/10\/image-1-1536x865.png 1536w, https:\/\/fundaciohospitalariesmartorell.org\/entre-tots\/wp-content\/uploads\/2025\/10\/image-1-1320x743.png 1320w, https:\/\/fundaciohospitalariesmartorell.org\/entre-tots\/wp-content\/uploads\/2025\/10\/image-1.png 2000w\" sizes=\"auto, (max-width: 1024px) 100vw, 1024px\" \/><\/figure>\n\n\n\n<p>El passat 2 d\u2019octubre va tenir lloc a Montserrat la Jornada PAER intercentres de Catalunya, sota el lema <em>\u201cSanats per sanar\u201d<\/em>. Aquesta trobada va tenir com a objectiu refor\u00e7ar les comissions PAER i donar impuls a l\u2019inici del curs, creant un espai de conviv\u00e8ncia i creixement compartit.<\/p>\n\n\n\n<p>Hi van participar 24 persones procedents dels diferents centres de la Fundaci\u00f3 Hospital\u00e0ries, que van viure una jornada de reflexi\u00f3, comuni\u00f3 i renovaci\u00f3 interior per continuar acompanyant les necessitats espirituals de les persones ateses.<\/p>\n\n\n\n<p>La trobada va comptar amb la pres\u00e8ncia d\u2019Antonio Molino, responsable corporatiu del PAER, que va destacar la import\u00e0ncia del testimoni de les germanes, tant a la jornada com en els centres, com a expressi\u00f3 viva de la nostra identitat hospital\u00e0ria.<\/p>\n\n\n\n<figure class=\"wp-block-image size-large\"><img loading=\"lazy\" decoding=\"async\" width=\"1024\" height=\"577\" src=\"https:\/\/fundaciohospitalariesmartorell.org\/entre-tots\/wp-content\/uploads\/2025\/10\/image-3-1024x577.png\" alt=\"\" class=\"wp-image-12014\" srcset=\"https:\/\/fundaciohospitalariesmartorell.org\/entre-tots\/wp-content\/uploads\/2025\/10\/image-3-1024x577.png 1024w, https:\/\/fundaciohospitalariesmartorell.org\/entre-tots\/wp-content\/uploads\/2025\/10\/image-3-300x169.png 300w, https:\/\/fundaciohospitalariesmartorell.org\/entre-tots\/wp-content\/uploads\/2025\/10\/image-3-768x432.png 768w, https:\/\/fundaciohospitalariesmartorell.org\/entre-tots\/wp-content\/uploads\/2025\/10\/image-3-1536x865.png 1536w, https:\/\/fundaciohospitalariesmartorell.org\/entre-tots\/wp-content\/uploads\/2025\/10\/image-3-1320x743.png 1320w, https:\/\/fundaciohospitalariesmartorell.org\/entre-tots\/wp-content\/uploads\/2025\/10\/image-3.png 2000w\" sizes=\"auto, (max-width: 1024px) 100vw, 1024px\" \/><\/figure>\n\n\n\n<p>Tamb\u00e9 hi va intervenir Daniuska Rodr\u00edguez, responsable del PAER de la Fundaci\u00f3 Hospital\u00e0ries Barcelona Nord i Caldes, amb la pon\u00e8ncia <em>\u201cDe la pastoral de la salut a la salut de la pastoral\u201d<\/em>. En la seva exposici\u00f3, va fer un recorregut hist\u00f2ric per la pastoral de la salut, ressaltant les seves funcions i la rellev\u00e0ncia d\u2019un enfocament integral de l\u2019atenci\u00f3 espiritual, que contempli la vulnerabilitat i la responsabilitat en el servei a les persones.<\/p>\n\n\n\n<p>La jornada va concloure amb una Eucaristia al Cambril de la Mare de D\u00e9u i un dinar de germanor, moment per compartir experi\u00e8ncies i refor\u00e7ar els vincles entre els equips.<\/p>\n\n\n\n<p>Una trobada enriquidora per continuar el cam\u00ed amb m\u00e9s for\u00e7a, fe i hospitalitat.<\/p>\n\n\n\n<figure class=\"wp-block-image size-large\"><img decoding=\"async\" src=\"https:\/\/fundaciohospitalariesmartorell.org\/entre-tots\/wp-content\/uploads\/2025\/10\/image-2-1024x768.png\" alt=\"\" class=\"wp-image-12013\"\/><\/figure>\n","protected":false},"excerpt":{"rendered":"<p>El passat 2 d\u2019octubre va tenir lloc a Montserrat la Jornada PAER intercentres de Catalunya, sota el lema \u201cSanats per sanar\u201d. Aquesta trobada va tenir com a objectiu refor\u00e7ar les comissions PAER i donar impuls a l\u2019inici del curs, creant un espai de conviv\u00e8ncia i creixement compartit. Hi van participar 24 persones procedents dels diferents [&hellip;]<\/p>\n","protected":false},"author":7,"featured_media":12012,"comment_status":"closed","ping_status":"","sticky":false,"template":"","format":"standard","meta":{"footnotes":""},"categories":[27],"tags":[],"class_list":["post-12011","post","type-post","status-publish","format-standard","has-post-thumbnail","hentry","category-actualitat"],"blocksy_meta":[],"featured_image_urls_v2":{"full":["https:\/\/fundaciohospitalariesmartorell.org\/entre-tots\/wp-content\/uploads\/2025\/10\/image-1.png",2000,1126,false],"thumbnail":["https:\/\/fundaciohospitalariesmartorell.org\/entre-tots\/wp-content\/uploads\/2025\/10\/image-1-150x150.png",150,150,true],"medium":["https:\/\/fundaciohospitalariesmartorell.org\/entre-tots\/wp-content\/uploads\/2025\/10\/image-1-300x169.png",300,169,true],"medium_large":["https:\/\/fundaciohospitalariesmartorell.org\/entre-tots\/wp-content\/uploads\/2025\/10\/image-1-768x432.png",768,432,true],"large":["https:\/\/fundaciohospitalariesmartorell.org\/entre-tots\/wp-content\/uploads\/2025\/10\/image-1-1024x577.png",1024,577,true],"1536x1536":["https:\/\/fundaciohospitalariesmartorell.org\/entre-tots\/wp-content\/uploads\/2025\/10\/image-1-1536x865.png",1536,865,true],"2048x2048":["https:\/\/fundaciohospitalariesmartorell.org\/entre-tots\/wp-content\/uploads\/2025\/10\/image-1.png",2000,1126,false],"mailpoet_newsletter_max":["https:\/\/fundaciohospitalariesmartorell.org\/entre-tots\/wp-content\/uploads\/2025\/10\/image-1-1320x743.png",1320,743,true]},"post_excerpt_stackable_v2":"<p>El passat 2 d\u2019octubre va tenir lloc a Montserrat la Jornada PAER intercentres de Catalunya, sota el lema \u201cSanats per sanar\u201d. Aquesta trobada va tenir com a objectiu refor\u00e7ar les comissions PAER i donar impuls a l\u2019inici del curs, creant un espai de conviv\u00e8ncia i creixement compartit. Hi van participar 24 persones procedents dels diferents centres de la Fundaci\u00f3 Hospital\u00e0ries, que van viure una jornada de reflexi\u00f3, comuni\u00f3 i renovaci\u00f3 interior per continuar acompanyant les necessitats espirituals de les persones ateses. La trobada va comptar amb la pres\u00e8ncia d\u2019Antonio Molino, responsable corporatiu del PAER, que va destacar la import\u00e0ncia del&hellip;<\/p>\n","category_list_v2":"<a href=\"https:\/\/fundaciohospitalariesmartorell.org\/entre-tots\/category\/actualitat\/\" rel=\"category tag\">ACTUALITAT<\/a>","author_info_v2":{"name":"ALBA_FELIP","url":"https:\/\/fundaciohospitalariesmartorell.org\/entre-tots\/author\/alba_felip\/"},"comments_num_v2":"0 comments","_links":{"self":[{"href":"https:\/\/fundaciohospitalariesmartorell.org\/entre-tots\/wp-json\/wp\/v2\/posts\/12011","targetHints":{"allow":["GET"]}}],"collection":[{"href":"https:\/\/fundaciohospitalariesmartorell.org\/entre-tots\/wp-json\/wp\/v2\/posts"}],"about":[{"href":"https:\/\/fundaciohospitalariesmartorell.org\/entre-tots\/wp-json\/wp\/v2\/types\/post"}],"author":[{"embeddable":true,"href":"https:\/\/fundaciohospitalariesmartorell.org\/entre-tots\/wp-json\/wp\/v2\/users\/7"}],"replies":[{"embeddable":true,"href":"https:\/\/fundaciohospitalariesmartorell.org\/entre-tots\/wp-json\/wp\/v2\/comments?post=12011"}],"version-history":[{"count":1,"href":"https:\/\/fundaciohospitalariesmartorell.org\/entre-tots\/wp-json\/wp\/v2\/posts\/12011\/revisions"}],"predecessor-version":[{"id":12015,"href":"https:\/\/fundaciohospitalariesmartorell.org\/entre-tots\/wp-json\/wp\/v2\/posts\/12011\/revisions\/12015"}],"wp:featuredmedia":[{"embeddable":true,"href":"https:\/\/fundaciohospitalariesmartorell.org\/entre-tots\/wp-json\/wp\/v2\/media\/12012"}],"wp:attachment":[{"href":"https:\/\/fundaciohospitalariesmartorell.org\/entre-tots\/wp-json\/wp\/v2\/media?parent=12011"}],"wp:term":[{"taxonomy":"category","embeddable":true,"href":"https:\/\/fundaciohospitalariesmartorell.org\/entre-tots\/wp-json\/wp\/v2\/categories?post=12011"},{"taxonomy":"post_tag","embeddable":true,"href":"https:\/\/fundaciohospitalariesmartorell.org\/entre-tots\/wp-json\/wp\/v2\/tags?post=12011"}],"curies":[{"name":"wp","href":"https:\/\/api.w.org\/{rel}","templated":true}]}}