{"id":12016,"date":"2025-10-10T09:02:51","date_gmt":"2025-10-10T08:02:51","guid":{"rendered":"https:\/\/fundaciohospitalariesmartorell.org\/entre-tots\/?p=12016"},"modified":"2025-11-10T14:30:41","modified_gmt":"2025-11-10T13:30:41","slug":"les-activitats-del-projecte-suport-al-voluntariat-enforteixen-els-vincles-entre-unitats-datencio-intermedia-i-tca","status":"publish","type":"post","link":"https:\/\/fundaciohospitalariesmartorell.org\/entre-tots\/2025\/10\/les-activitats-del-projecte-suport-al-voluntariat-enforteixen-els-vincles-entre-unitats-datencio-intermedia-i-tca\/","title":{"rendered":"Les activitats del projecte Suport al Voluntariat enforteixen els vincles entre unitats d&#8217;Atenci\u00f3 Interm\u00e8dia i TCA"},"content":{"rendered":"\n<figure class=\"wp-block-gallery has-nested-images columns-default is-cropped wp-block-gallery-1 is-layout-flex wp-block-gallery-is-layout-flex\">\n<figure class=\"wp-block-image size-large\"><img loading=\"lazy\" decoding=\"async\" width=\"1024\" height=\"803\" data-id=\"12018\" src=\"https:\/\/fundaciohospitalariesmartorell.org\/entre-tots\/wp-content\/uploads\/2025\/10\/image-5-1024x803.png\" alt=\"\" class=\"wp-image-12018\" srcset=\"https:\/\/fundaciohospitalariesmartorell.org\/entre-tots\/wp-content\/uploads\/2025\/10\/image-5-1024x803.png 1024w, https:\/\/fundaciohospitalariesmartorell.org\/entre-tots\/wp-content\/uploads\/2025\/10\/image-5-300x235.png 300w, https:\/\/fundaciohospitalariesmartorell.org\/entre-tots\/wp-content\/uploads\/2025\/10\/image-5-768x602.png 768w, https:\/\/fundaciohospitalariesmartorell.org\/entre-tots\/wp-content\/uploads\/2025\/10\/image-5-1536x1205.png 1536w, https:\/\/fundaciohospitalariesmartorell.org\/entre-tots\/wp-content\/uploads\/2025\/10\/image-5-1320x1035.png 1320w, https:\/\/fundaciohospitalariesmartorell.org\/entre-tots\/wp-content\/uploads\/2025\/10\/image-5.png 1920w\" sizes=\"auto, (max-width: 1024px) 100vw, 1024px\" \/><\/figure>\n<\/figure>\n\n\n\n<p>Fa un any, la nostra instituci\u00f3 va posar en marxa el projecte Suport al Voluntariat, una iniciativa que busca apropar l\u2019experi\u00e8ncia del voluntariat a dues unitats amb perfils per persones usu\u00e0ries molt diferents, generant m\u00faltiples beneficis per a ambdues parts. D\u2019una banda, hi participen persones ingressades a la unitat de  llarga estada d\u2019atenci\u00f3 interm\u00e8dia (P1), generalment d\u2019edat avan\u00e7ada, amb una marcada fragilitat social i que passen moltes hores sense acompanyament. De l&#8217;altre hi participen pacients de la unitat de trastorns de la conducta aliment\u00e0ria (TCA), persones que afronten dificultats en el desenvolupament d\u2019habilitats socials, baixa autoestima i que busquen integrar-se de manera m\u00e9s activa en l\u2019entorn comunitari.<\/p>\n\n\n\n<blockquote class=\"wp-block-quote is-layout-flow wp-block-quote-is-layout-flow\">\n<p>&#8220;<em>El projecte posa a l\u2019abast eines i t\u00e8cniques per desenvolupar habilitats socials, refor\u00e7ar la funcionalitat personal, estimular la responsabilitat, fomentar l\u2019assertivitat i augmentar l\u2019autonomia. A m\u00e9s, pret\u00e9n disminuir la sensaci\u00f3 de soledat i millorar la qualitat de vida mitjan\u00e7ant l\u2019acompanyament i la interacci\u00f3 significativa&#8221;<\/em>, explica Eva Mart\u00edn, terapeuta ocupacional de la UIR TCA.<\/p>\n<\/blockquote>\n\n\n\n<p>A trav\u00e9s d\u2019activitats compartides, es genera un espai d\u2019aprenentatge mutu, empatia i creixement, on cada participant aporta i rep des de la seva pr\u00f2pia experi\u00e8ncia.<\/p>\n\n\n\n<h3 class=\"wp-block-heading\">Objectius del projecte<\/h3>\n\n\n\n<p>El programa es planteja com una eina terap\u00e8utica i social amb els seg\u00fcents objectius:<\/p>\n\n\n\n<ul class=\"wp-block-list\">\n<li>Desenvolupar i consolidar habilitats per gestionar i resoldre conflictes en l\u2019\u00e0mbit social, afavorint una comunicaci\u00f3 m\u00e9s efectiva i respectuosa.<\/li>\n\n\n\n<li>Fomentar la responsabilitat i el comprom\u00eds, promovent la implicaci\u00f3 activa en tasques compartides.<\/li>\n\n\n\n<li>Practicar l\u2019assertivitat, aprenent a expressar opinions, desitjos i l\u00edmits de manera clara i equilibrada.<\/li>\n\n\n\n<li>Mantenir i enfortir l\u2019autonomia personal, incentivant la presa de decisions i l\u2019autogesti\u00f3.<\/li>\n\n\n\n<li>Traslladar els objectius terap\u00e8utics al context real, cosa que permet que les estrat\u00e8gies treballades a les sessions s\u2019apliquin en situacions concretes.<\/li>\n\n\n\n<li>Promoure la introspecci\u00f3 i la reflexi\u00f3, facilitant l\u2019autoconeixement i l\u2019an\u00e0lisi de les pr\u00f2pies emocions i conductes.<\/li>\n\n\n\n<li>Millorar la capacitat d\u2019escolta activa i de compartir experi\u00e8ncies, generant espais de di\u00e0leg i connexi\u00f3 emocional.<\/li>\n\n\n\n<li>Exercitar l\u2019empatia i la comprensi\u00f3 m\u00fatua, reconeixent i respectant les viv\u00e8ncies de l\u2019altre.<\/li>\n\n\n\n<li>Revisar i corregir cognicions irracionals relacionades amb les relacions socials, desmuntant creences limitants o autoimposades.<\/li>\n\n\n\n<li>Implementar estrat\u00e8gies apreses en grups terap\u00e8utics, refor\u00e7ant-ne la utilitat i efic\u00e0cia en la vida quotidiana.<\/li>\n\n\n\n<li>Enfortir l\u2019autoestima, promovent la sensaci\u00f3 d\u2019autosufici\u00e8ncia, v\u00e0lua i satisfacci\u00f3 personal.<\/li>\n\n\n\n<li>Sortir de la zona de confort i obrir-se a nous aprenentatges, explorant entorns i din\u00e0miques diferents.<\/li>\n\n\n\n<li>Afavorir la creaci\u00f3 de vincles intergeneracionals, enriquint l\u2019experi\u00e8ncia a trav\u00e9s de l\u2019intercanvi entre persones de diferents edats.<\/li>\n<\/ul>\n\n\n\n<figure class=\"wp-block-gallery has-nested-images columns-default is-cropped wp-block-gallery-2 is-layout-flex wp-block-gallery-is-layout-flex\">\n<figure class=\"wp-block-image size-large\"><img loading=\"lazy\" decoding=\"async\" width=\"768\" height=\"1024\" data-id=\"12022\" src=\"https:\/\/fundaciohospitalariesmartorell.org\/entre-tots\/wp-content\/uploads\/2025\/10\/image-8-768x1024.png\" alt=\"\" class=\"wp-image-12022\" srcset=\"https:\/\/fundaciohospitalariesmartorell.org\/entre-tots\/wp-content\/uploads\/2025\/10\/image-8-768x1024.png 768w, https:\/\/fundaciohospitalariesmartorell.org\/entre-tots\/wp-content\/uploads\/2025\/10\/image-8-225x300.png 225w, https:\/\/fundaciohospitalariesmartorell.org\/entre-tots\/wp-content\/uploads\/2025\/10\/image-8-1152x1536.png 1152w, https:\/\/fundaciohospitalariesmartorell.org\/entre-tots\/wp-content\/uploads\/2025\/10\/image-8-1320x1760.png 1320w, https:\/\/fundaciohospitalariesmartorell.org\/entre-tots\/wp-content\/uploads\/2025\/10\/image-8.png 1440w\" sizes=\"auto, (max-width: 768px) 100vw, 768px\" \/><\/figure>\n\n\n\n<figure class=\"wp-block-image size-large\"><img loading=\"lazy\" decoding=\"async\" width=\"768\" height=\"1024\" data-id=\"12021\" src=\"https:\/\/fundaciohospitalariesmartorell.org\/entre-tots\/wp-content\/uploads\/2025\/10\/image-7-768x1024.png\" alt=\"\" class=\"wp-image-12021\" srcset=\"https:\/\/fundaciohospitalariesmartorell.org\/entre-tots\/wp-content\/uploads\/2025\/10\/image-7-768x1024.png 768w, https:\/\/fundaciohospitalariesmartorell.org\/entre-tots\/wp-content\/uploads\/2025\/10\/image-7-225x300.png 225w, https:\/\/fundaciohospitalariesmartorell.org\/entre-tots\/wp-content\/uploads\/2025\/10\/image-7-1152x1536.png 1152w, https:\/\/fundaciohospitalariesmartorell.org\/entre-tots\/wp-content\/uploads\/2025\/10\/image-7-1320x1760.png 1320w, https:\/\/fundaciohospitalariesmartorell.org\/entre-tots\/wp-content\/uploads\/2025\/10\/image-7.png 1440w\" sizes=\"auto, (max-width: 768px) 100vw, 768px\" \/><\/figure>\n\n\n\n<figure class=\"wp-block-image size-large\"><img loading=\"lazy\" decoding=\"async\" width=\"1024\" height=\"768\" data-id=\"12017\" src=\"https:\/\/fundaciohospitalariesmartorell.org\/entre-tots\/wp-content\/uploads\/2025\/10\/image-4-1024x768.png\" alt=\"\" class=\"wp-image-12017\" srcset=\"https:\/\/fundaciohospitalariesmartorell.org\/entre-tots\/wp-content\/uploads\/2025\/10\/image-4-1024x768.png 1024w, https:\/\/fundaciohospitalariesmartorell.org\/entre-tots\/wp-content\/uploads\/2025\/10\/image-4-300x225.png 300w, https:\/\/fundaciohospitalariesmartorell.org\/entre-tots\/wp-content\/uploads\/2025\/10\/image-4-768x576.png 768w, https:\/\/fundaciohospitalariesmartorell.org\/entre-tots\/wp-content\/uploads\/2025\/10\/image-4-1536x1152.png 1536w, https:\/\/fundaciohospitalariesmartorell.org\/entre-tots\/wp-content\/uploads\/2025\/10\/image-4-1320x990.png 1320w, https:\/\/fundaciohospitalariesmartorell.org\/entre-tots\/wp-content\/uploads\/2025\/10\/image-4.png 1920w\" sizes=\"auto, (max-width: 1024px) 100vw, 1024px\" \/><\/figure>\n<\/figure>\n\n\n\n<p>L\u2019activitat es realitza dues vegades per setmana, amb una durada aproximada d\u2019una hora, a l\u2019espai de P1. Els i les participants s\u00f3n seleccionats per l\u2019equip de terapeutes ocupacionals de totes dues unitats, que valoren pr\u00e8viament si cada persona \u00e9s una candidata id\u00f2nia i pot beneficiar-se del projecte.<\/p>\n\n\n\n<p>Durant el desenvolupament de cada sessi\u00f3, les persones participants estan acompanyades per la terapeuta ocupacional de la unitat de TCA, que actua com a guia i suport en els moments en qu\u00e8 pugui caldre contenci\u00f3 o mediaci\u00f3.<\/p>\n\n\n\n<h3 class=\"wp-block-heading\">Activitats realitzades<\/h3>\n\n\n\n<p>Al llarg de l\u2019any hem dut a terme diverses activitats que han afavorit el <strong>vincle<\/strong>, la <strong>creativitat<\/strong> i l\u2019<strong>aprenentatge compartit<\/strong> entre les persones participants:<\/p>\n\n\n\n<ul class=\"wp-block-list\">\n<li><strong>Lla\u00e7os commemoratius:<\/strong> Creaci\u00f3 de lla\u00e7os per a dies assenyalats com el Dia de l\u2019Ictus o el Dia contra la Viol\u00e8ncia Masclista, amb l\u2019objectiu de sensibilitzar i recordar col\u00b7lectivament.<\/li>\n\n\n\n<li><strong>Din\u00e0miques pel Dia de la Dona:<\/strong> Tallers i activitats de grup que van potenciar la reflexi\u00f3, la participaci\u00f3 i el reconeixement de viv\u00e8ncies compartides.<\/li>\n\n\n\n<li><strong>Decoraci\u00f3 tem\u00e0tica:<\/strong> Preparaci\u00f3 d\u2019espais i elements decoratius per a celebracions com Nadal, Pasqua o les activitats d\u2019estiu, fomentant la creativitat i el sentiment de comunitat.<\/li>\n\n\n\n<li><strong>Activitats l\u00fadiques:<\/strong> Sessions de bingo i altres jocs que faciliten la trobada, la diversi\u00f3 i la participaci\u00f3 intergeneracional.<\/li>\n\n\n\n<li><strong>Tallers de manualitats i ganxet:<\/strong> Aprenentatges conjunts de t\u00e8cniques manuals que promouen la destresa, la concentraci\u00f3 i l\u2019intercanvi de coneixements.<\/li>\n\n\n\n<li><strong>Espais de conversa:<\/strong> Llargs moments de di\u00e0leg sobre experi\u00e8ncies personals i traject\u00f2ries de vida, que enriqueixen la relaci\u00f3 entre participants i afavoreixen el suport emocional.<\/li>\n<\/ul>\n\n\n\n<p>Aquestes propostes han perm\u00e8s crear un entorn acollidor on cada persona aporta i apr\u00e8n, refor\u00e7ant el teixit social i el benestar de la comunitat. <\/p>\n\n\n\n<blockquote class=\"wp-block-quote is-layout-flow wp-block-quote-is-layout-flow\">\n<p>&#8220;<em>L\u2019experi\u00e8ncia ha estat profundament enriquidora per a totes les persones participants, ja que han pogut compartir viv\u00e8ncies, aprenentatges i moments de companyia que han contribu\u00eft a millorar el seu benestar emocional i social. El projecte ha demostrat ser una eina valuosa per fomentar la inclusi\u00f3, l\u2019empatia i el creixement personal des d\u2019una perspectiva comunit\u00e0ria i terap\u00e8utica<\/em>&#8220;, assegura Eva Mart\u00edn.<\/p>\n<\/blockquote>\n","protected":false},"excerpt":{"rendered":"<p>Fa un any, la nostra instituci\u00f3 va posar en marxa el projecte Suport al Voluntariat, una iniciativa que busca apropar l\u2019experi\u00e8ncia del voluntariat a dues unitats amb perfils per persones usu\u00e0ries molt diferents, generant m\u00faltiples beneficis per a ambdues parts. D\u2019una banda, hi participen persones ingressades a la unitat de llarga estada d\u2019atenci\u00f3 interm\u00e8dia (P1), [&hellip;]<\/p>\n","protected":false},"author":7,"featured_media":12020,"comment_status":"closed","ping_status":"closed","sticky":false,"template":"","format":"standard","meta":{"footnotes":""},"categories":[27],"tags":[],"class_list":["post-12016","post","type-post","status-publish","format-standard","has-post-thumbnail","hentry","category-actualitat"],"blocksy_meta":[],"featured_image_urls_v2":{"full":["https:\/\/fundaciohospitalariesmartorell.org\/entre-tots\/wp-content\/uploads\/2025\/10\/image-6-edited.png",1920,1080,false],"thumbnail":["https:\/\/fundaciohospitalariesmartorell.org\/entre-tots\/wp-content\/uploads\/2025\/10\/image-6-edited-150x150.png",150,150,true],"medium":["https:\/\/fundaciohospitalariesmartorell.org\/entre-tots\/wp-content\/uploads\/2025\/10\/image-6-edited-300x169.png",300,169,true],"medium_large":["https:\/\/fundaciohospitalariesmartorell.org\/entre-tots\/wp-content\/uploads\/2025\/10\/image-6-edited-768x432.png",768,432,true],"large":["https:\/\/fundaciohospitalariesmartorell.org\/entre-tots\/wp-content\/uploads\/2025\/10\/image-6-edited-1024x576.png",1024,576,true],"1536x1536":["https:\/\/fundaciohospitalariesmartorell.org\/entre-tots\/wp-content\/uploads\/2025\/10\/image-6-edited-1536x864.png",1536,864,true],"2048x2048":["https:\/\/fundaciohospitalariesmartorell.org\/entre-tots\/wp-content\/uploads\/2025\/10\/image-6-edited.png",1920,1080,false],"mailpoet_newsletter_max":["https:\/\/fundaciohospitalariesmartorell.org\/entre-tots\/wp-content\/uploads\/2025\/10\/image-6-edited-1320x743.png",1320,743,true]},"post_excerpt_stackable_v2":"<p>Fa un any, la nostra instituci\u00f3 va posar en marxa el projecte Suport al Voluntariat, una iniciativa que busca apropar l\u2019experi\u00e8ncia del voluntariat a dues unitats amb perfils per persones usu\u00e0ries molt diferents, generant m\u00faltiples beneficis per a ambdues parts. D\u2019una banda, hi participen persones ingressades a la unitat de llarga estada d\u2019atenci\u00f3 interm\u00e8dia (P1), generalment d\u2019edat avan\u00e7ada, amb una marcada fragilitat social i que passen moltes hores sense acompanyament. De l&#8217;altre hi participen pacients de la unitat de trastorns de la conducta aliment\u00e0ria (TCA), persones que afronten dificultats en el desenvolupament d\u2019habilitats socials, baixa autoestima i que busquen integrar-se&hellip;<\/p>\n","category_list_v2":"<a href=\"https:\/\/fundaciohospitalariesmartorell.org\/entre-tots\/category\/actualitat\/\" rel=\"category tag\">ACTUALITAT<\/a>","author_info_v2":{"name":"ALBA_FELIP","url":"https:\/\/fundaciohospitalariesmartorell.org\/entre-tots\/author\/alba_felip\/"},"comments_num_v2":"0 comments","_links":{"self":[{"href":"https:\/\/fundaciohospitalariesmartorell.org\/entre-tots\/wp-json\/wp\/v2\/posts\/12016","targetHints":{"allow":["GET"]}}],"collection":[{"href":"https:\/\/fundaciohospitalariesmartorell.org\/entre-tots\/wp-json\/wp\/v2\/posts"}],"about":[{"href":"https:\/\/fundaciohospitalariesmartorell.org\/entre-tots\/wp-json\/wp\/v2\/types\/post"}],"author":[{"embeddable":true,"href":"https:\/\/fundaciohospitalariesmartorell.org\/entre-tots\/wp-json\/wp\/v2\/users\/7"}],"replies":[{"embeddable":true,"href":"https:\/\/fundaciohospitalariesmartorell.org\/entre-tots\/wp-json\/wp\/v2\/comments?post=12016"}],"version-history":[{"count":2,"href":"https:\/\/fundaciohospitalariesmartorell.org\/entre-tots\/wp-json\/wp\/v2\/posts\/12016\/revisions"}],"predecessor-version":[{"id":12222,"href":"https:\/\/fundaciohospitalariesmartorell.org\/entre-tots\/wp-json\/wp\/v2\/posts\/12016\/revisions\/12222"}],"wp:featuredmedia":[{"embeddable":true,"href":"https:\/\/fundaciohospitalariesmartorell.org\/entre-tots\/wp-json\/wp\/v2\/media\/12020"}],"wp:attachment":[{"href":"https:\/\/fundaciohospitalariesmartorell.org\/entre-tots\/wp-json\/wp\/v2\/media?parent=12016"}],"wp:term":[{"taxonomy":"category","embeddable":true,"href":"https:\/\/fundaciohospitalariesmartorell.org\/entre-tots\/wp-json\/wp\/v2\/categories?post=12016"},{"taxonomy":"post_tag","embeddable":true,"href":"https:\/\/fundaciohospitalariesmartorell.org\/entre-tots\/wp-json\/wp\/v2\/tags?post=12016"}],"curies":[{"name":"wp","href":"https:\/\/api.w.org\/{rel}","templated":true}]}}