{"id":12024,"date":"2025-10-10T09:17:26","date_gmt":"2025-10-10T08:17:26","guid":{"rendered":"https:\/\/fundaciohospitalariesmartorell.org\/entre-tots\/?p=12024"},"modified":"2025-10-10T09:17:26","modified_gmt":"2025-10-10T08:17:26","slug":"ens-sumem-al-nou-grau-de-medicina-de-la-blanquerna-universitat-ramon-llull","status":"publish","type":"post","link":"https:\/\/fundaciohospitalariesmartorell.org\/entre-tots\/2025\/10\/ens-sumem-al-nou-grau-de-medicina-de-la-blanquerna-universitat-ramon-llull\/","title":{"rendered":"Ens sumem al nou Grau de Medicina de la Blanquerna \u2013 Universitat Ramon Llull"},"content":{"rendered":"\n<figure class=\"wp-block-image size-large\"><img loading=\"lazy\" decoding=\"async\" width=\"1024\" height=\"682\" src=\"https:\/\/fundaciohospitalariesmartorell.org\/entre-tots\/wp-content\/uploads\/2025\/10\/Signatura-Blanquerna-1024x682.jpg\" alt=\"\" class=\"wp-image-12025\" srcset=\"https:\/\/fundaciohospitalariesmartorell.org\/entre-tots\/wp-content\/uploads\/2025\/10\/Signatura-Blanquerna-1024x682.jpg 1024w, https:\/\/fundaciohospitalariesmartorell.org\/entre-tots\/wp-content\/uploads\/2025\/10\/Signatura-Blanquerna-300x200.jpg 300w, https:\/\/fundaciohospitalariesmartorell.org\/entre-tots\/wp-content\/uploads\/2025\/10\/Signatura-Blanquerna-768x512.jpg 768w, https:\/\/fundaciohospitalariesmartorell.org\/entre-tots\/wp-content\/uploads\/2025\/10\/Signatura-Blanquerna-1536x1023.jpg 1536w, https:\/\/fundaciohospitalariesmartorell.org\/entre-tots\/wp-content\/uploads\/2025\/10\/Signatura-Blanquerna-1320x879.jpg 1320w, https:\/\/fundaciohospitalariesmartorell.org\/entre-tots\/wp-content\/uploads\/2025\/10\/Signatura-Blanquerna.jpg 1920w\" sizes=\"auto, (max-width: 1024px) 100vw, 1024px\" \/><\/figure>\n\n\n\n<p>Els diferents hospitals de la Fundaci\u00f3 Hospital\u00e0ries a Catalunya ens sumem amb il\u00b7lusi\u00f3 al\u00a0nou grau de Medicina de la Blanquerna \u2013 Universitat Ramon Llull\u00a0que preveu la seva implantaci\u00f3 al curs 2026-2027.<\/p>\n\n\n\n<p>Que Catalunya pugui disposar d\u2019un nou grau de Medicina \u00e9s ja una aposta estrat\u00e8gica per\u00f2, en aquest cas, l\u2019aposta ferma del Pla d\u2019Estudis representa un pas endavant en el futur de la Medicina. La formaci\u00f3 est\u00e0 plantejada de forma integral,\u00a0no nom\u00e9s des d\u2019una vessant t\u00e8cnica i cient\u00edfica, sin\u00f3 que est\u00e0 tamb\u00e9 basada en valors, amb la visi\u00f3 m\u00e9s humanista. Combinar recerca, coneixement i innovaci\u00f3 amb \u00e8tica, humanitzaci\u00f3 i hospitalitat ha estat, des de fa m\u00e9s de 100 anys, l\u2019aposta de la Fundaci\u00f3 Hospital\u00e0ries. Per aquest motiu, estem molt satisfets de poder aportar a nivell docent i de col\u00b7laboraci\u00f3 tota l\u2019experi\u00e8ncia acumulada, especialment en salut mental.<\/p>\n\n\n\n<p>La formaci\u00f3 s\u2019articular\u00e0 al voltant de tres eixos: un alt nivell de coneixement cient\u00edfic i tecnol\u00f2gic (high tech), una s\u00f2lida preparaci\u00f3 human\u00edstica centrada en la relaci\u00f3 metge-pacient (high touch) i un fort comprom\u00eds amb l\u2019atenci\u00f3 integral de la persona i la seva salut al llarg de tota la vida (high commitment). La formaci\u00f3 tamb\u00e9 incorpora la metodologia NEXUS d\u2019innovaci\u00f3 docent, implantada ja amb \u00e8xit als centres de la Fundaci\u00f3 Blanquerna.<\/p>\n\n\n\n<p>El projecte est\u00e0 liderat per la\u00a0Facultat de Ci\u00e8ncies de la Salut Blanquerna-URL\u00a0i compta amb la col\u00b7laboraci\u00f3 d\u2019IQS, La Salle, Esade, l\u2019Institut Borja de Bio\u00e8tica i l\u2019Institut Universitari de Salut Mental Vidal i Barraquer, totes institucions integrades a la URL. A m\u00e9s, el grau en Medicina es desenvolupar\u00e0 tamb\u00e9 amb el suport d\u2019una \u00e0mplia xarxa hospital\u00e0ria de refer\u00e8ncia al pa\u00eds, entre la qual destaquen el grup Quir\u00f3nsalud (Hospital Quir\u00f3nsalud Barcelona, \u200b\u200bHospital El Pilar i Hospital Quir\u00f3nsalud Badalona), la Fundaci\u00f3 Hospital\u00e0ries (Barcelona, \u200b\u200bBarcelona Nord, \u200b\u200bMartorell i Sant Boi), les Germanes Hospital\u00e0ries Research Foundation (FIDMAG), i els centres de salut CAP Vallcarca, CAP Sant Gervasi i EAP Dreta de l\u2019Eixample \u2013 CAP Roger de Flor.<\/p>\n\n\n\n<p>L\u2019Ag\u00e8ncia per a la Qualitat del Sistema Universitari de Catalunya (AQU Catalunya) ha verificat favorablement amb data 30 de setembre de 2025 el Pla d\u2019estudis del grau en Medicina presentat per Blanquerna-URL.<\/p>\n\n\n\n<p>En el cas dels diferents dispositius de Fundaci\u00f3 Hospital\u00e0ries, podrem aportar\u00a0tant el coneixement dels nostres especialistes, com les pr\u00e0ctiques dels estudiants i\/o la resid\u00e8ncia. Cal posar \u00e8mfasi en qu\u00e8 tres dels 4 dispositius que t\u00e9 la Fundaci\u00f3 Hospital\u00e0ries a Catalunya (Martorell, Barcelona Nord i Sant Boi) son monogr\u00e0fics de salut mental i, per aquest motiu, considerem un pas endavant important que es reforci la formaci\u00f3 i experi\u00e8ncia dels estudiants de Medicina en salut mental i posant el focus en la persona.<\/p>\n","protected":false},"excerpt":{"rendered":"<p>Els diferents hospitals de la Fundaci\u00f3 Hospital\u00e0ries a Catalunya ens sumem amb il\u00b7lusi\u00f3 al\u00a0nou grau de Medicina de la Blanquerna \u2013 Universitat Ramon Llull\u00a0que preveu la seva implantaci\u00f3 al curs 2026-2027. Que Catalunya pugui disposar d\u2019un nou grau de Medicina \u00e9s ja una aposta estrat\u00e8gica per\u00f2, en aquest cas, l\u2019aposta ferma del Pla d\u2019Estudis representa [&hellip;]<\/p>\n","protected":false},"author":7,"featured_media":12025,"comment_status":"closed","ping_status":"","sticky":false,"template":"","format":"standard","meta":{"footnotes":""},"categories":[27,56],"tags":[],"class_list":["post-12024","post","type-post","status-publish","format-standard","has-post-thumbnail","hentry","category-actualitat","category-bon-govern"],"blocksy_meta":[],"featured_image_urls_v2":{"full":["https:\/\/fundaciohospitalariesmartorell.org\/entre-tots\/wp-content\/uploads\/2025\/10\/Signatura-Blanquerna.jpg",1920,1279,false],"thumbnail":["https:\/\/fundaciohospitalariesmartorell.org\/entre-tots\/wp-content\/uploads\/2025\/10\/Signatura-Blanquerna-150x150.jpg",150,150,true],"medium":["https:\/\/fundaciohospitalariesmartorell.org\/entre-tots\/wp-content\/uploads\/2025\/10\/Signatura-Blanquerna-300x200.jpg",300,200,true],"medium_large":["https:\/\/fundaciohospitalariesmartorell.org\/entre-tots\/wp-content\/uploads\/2025\/10\/Signatura-Blanquerna-768x512.jpg",768,512,true],"large":["https:\/\/fundaciohospitalariesmartorell.org\/entre-tots\/wp-content\/uploads\/2025\/10\/Signatura-Blanquerna-1024x682.jpg",1024,682,true],"1536x1536":["https:\/\/fundaciohospitalariesmartorell.org\/entre-tots\/wp-content\/uploads\/2025\/10\/Signatura-Blanquerna-1536x1023.jpg",1536,1023,true],"2048x2048":["https:\/\/fundaciohospitalariesmartorell.org\/entre-tots\/wp-content\/uploads\/2025\/10\/Signatura-Blanquerna.jpg",1920,1279,false],"mailpoet_newsletter_max":["https:\/\/fundaciohospitalariesmartorell.org\/entre-tots\/wp-content\/uploads\/2025\/10\/Signatura-Blanquerna-1320x879.jpg",1320,879,true]},"post_excerpt_stackable_v2":"<p>Els diferents hospitals de la Fundaci\u00f3 Hospital\u00e0ries a Catalunya ens sumem amb il\u00b7lusi\u00f3 al\u00a0nou grau de Medicina de la Blanquerna \u2013 Universitat Ramon Llull\u00a0que preveu la seva implantaci\u00f3 al curs 2026-2027. Que Catalunya pugui disposar d\u2019un nou grau de Medicina \u00e9s ja una aposta estrat\u00e8gica per\u00f2, en aquest cas, l\u2019aposta ferma del Pla d\u2019Estudis representa un pas endavant en el futur de la Medicina. La formaci\u00f3 est\u00e0 plantejada de forma integral,\u00a0no nom\u00e9s des d\u2019una vessant t\u00e8cnica i cient\u00edfica, sin\u00f3 que est\u00e0 tamb\u00e9 basada en valors, amb la visi\u00f3 m\u00e9s humanista. Combinar recerca, coneixement i innovaci\u00f3 amb \u00e8tica, humanitzaci\u00f3 i hospitalitat&hellip;<\/p>\n","category_list_v2":"<a href=\"https:\/\/fundaciohospitalariesmartorell.org\/entre-tots\/category\/actualitat\/\" rel=\"category tag\">ACTUALITAT<\/a>, <a href=\"https:\/\/fundaciohospitalariesmartorell.org\/entre-tots\/category\/actualitat\/bon-govern\/\" rel=\"category tag\">BON GOVERN<\/a>","author_info_v2":{"name":"ALBA_FELIP","url":"https:\/\/fundaciohospitalariesmartorell.org\/entre-tots\/author\/alba_felip\/"},"comments_num_v2":"0 comments","_links":{"self":[{"href":"https:\/\/fundaciohospitalariesmartorell.org\/entre-tots\/wp-json\/wp\/v2\/posts\/12024","targetHints":{"allow":["GET"]}}],"collection":[{"href":"https:\/\/fundaciohospitalariesmartorell.org\/entre-tots\/wp-json\/wp\/v2\/posts"}],"about":[{"href":"https:\/\/fundaciohospitalariesmartorell.org\/entre-tots\/wp-json\/wp\/v2\/types\/post"}],"author":[{"embeddable":true,"href":"https:\/\/fundaciohospitalariesmartorell.org\/entre-tots\/wp-json\/wp\/v2\/users\/7"}],"replies":[{"embeddable":true,"href":"https:\/\/fundaciohospitalariesmartorell.org\/entre-tots\/wp-json\/wp\/v2\/comments?post=12024"}],"version-history":[{"count":1,"href":"https:\/\/fundaciohospitalariesmartorell.org\/entre-tots\/wp-json\/wp\/v2\/posts\/12024\/revisions"}],"predecessor-version":[{"id":12026,"href":"https:\/\/fundaciohospitalariesmartorell.org\/entre-tots\/wp-json\/wp\/v2\/posts\/12024\/revisions\/12026"}],"wp:featuredmedia":[{"embeddable":true,"href":"https:\/\/fundaciohospitalariesmartorell.org\/entre-tots\/wp-json\/wp\/v2\/media\/12025"}],"wp:attachment":[{"href":"https:\/\/fundaciohospitalariesmartorell.org\/entre-tots\/wp-json\/wp\/v2\/media?parent=12024"}],"wp:term":[{"taxonomy":"category","embeddable":true,"href":"https:\/\/fundaciohospitalariesmartorell.org\/entre-tots\/wp-json\/wp\/v2\/categories?post=12024"},{"taxonomy":"post_tag","embeddable":true,"href":"https:\/\/fundaciohospitalariesmartorell.org\/entre-tots\/wp-json\/wp\/v2\/tags?post=12024"}],"curies":[{"name":"wp","href":"https:\/\/api.w.org\/{rel}","templated":true}]}}