{"id":12031,"date":"2025-10-10T09:40:50","date_gmt":"2025-10-10T08:40:50","guid":{"rendered":"https:\/\/fundaciohospitalariesmartorell.org\/entre-tots\/?p=12031"},"modified":"2025-10-10T09:40:50","modified_gmt":"2025-10-10T08:40:50","slug":"a-catalunya-afrontem-importants-reptes-i-un-futur-prometedor","status":"publish","type":"post","link":"https:\/\/fundaciohospitalariesmartorell.org\/entre-tots\/2025\/10\/a-catalunya-afrontem-importants-reptes-i-un-futur-prometedor\/","title":{"rendered":"&#8220;A Catalunya, afrontem importants reptes i un futur prometedor&#8221;"},"content":{"rendered":"\n<figure class=\"wp-block-image size-full\"><img loading=\"lazy\" decoding=\"async\" width=\"800\" height=\"533\" src=\"https:\/\/fundaciohospitalariesmartorell.org\/entre-tots\/wp-content\/uploads\/2025\/10\/image-11-edited-1.png\" alt=\"\" class=\"wp-image-12034\" srcset=\"https:\/\/fundaciohospitalariesmartorell.org\/entre-tots\/wp-content\/uploads\/2025\/10\/image-11-edited-1.png 800w, https:\/\/fundaciohospitalariesmartorell.org\/entre-tots\/wp-content\/uploads\/2025\/10\/image-11-edited-1-300x200.png 300w, https:\/\/fundaciohospitalariesmartorell.org\/entre-tots\/wp-content\/uploads\/2025\/10\/image-11-edited-1-768x512.png 768w\" sizes=\"auto, (max-width: 800px) 100vw, 800px\" \/><\/figure>\n\n\n\n<p>El Dr. Carles Franquelo, Director M\u00e8dic de la Fundaci\u00f3 Hospital\u00e0ries Martorell, ha estat nomenat recentment Coordinador Assistencial Territorial de la Fundaci\u00f3 Hospital\u00e0ries a Catalunya. El seu nomenament dona continu\u00eftat al treball conjunt que ja s\u2019ha desenvolupat en els \u00faltims anys entre els centres de la Fundaci\u00f3 a Catalunya, i contribuir\u00e0 a refor\u00e7ar la coordinaci\u00f3 assistencial i continuar avan\u00e7ant en projectes compartits. En aquesta entrevista, el Dr. Franquelo ens parla sobre aquesta nova etapa, les seves prioritats i els principals reptes de l\u2019atenci\u00f3 assistencial al territori.<\/p>\n\n\n\n<p><strong>Quin \u00e9s el paper del Coordinador Assistencial Territorial a Catalunya i quines s\u00f3n les seves principals responsabilitats?<\/strong><br>El rol consisteix a ser un pont entre la direcci\u00f3 assistencial i educativa de la Fundaci\u00f3, i per extensi\u00f3 el comit\u00e8 assistencial, i les direccions assistencials dels centres de Catalunya.<\/p>\n\n\n\n<p>Les funcions s\u00f3n diverses: des d\u2019acompanyar les direccions assistencials en el desenvolupament de projectes locals i territorials fins a donar suport al posicionament de la Instituci\u00f3 a Catalunya, promoure sinergies entre centres i impulsar pol\u00edtiques de qualitat, innovaci\u00f3 i seguretat.<\/p>\n\n\n\n<p>Es tracta de ser un agent facilitador, sempre dins del marc del nostre model assistencial basat en l\u2019hospitalitat i en l\u2019atenci\u00f3 centrada en les persones.<\/p>\n\n\n\n<p><strong>En quines prioritats et centrar\u00e0s durant els pr\u00f2xims mesos?<\/strong><br>Els primers mesos serviran per situar-me, avaluar el treball fet durant aquest any pels grups de treball adscrits a l\u2019Oficina T\u00e8cnic-Assistencial de Catalunya (OTAC) i plantejar els objectius dels grups i de l\u2019OTAC per al 2026.<\/p>\n\n\n\n<p>Ja existeix un treball previ fet per les direccions assistencials del territori, els grups de treball i pel Dr. Roy que tractar\u00e9 de potenciar.<\/p>\n\n\n\n<p><strong>Quins consideres que s\u00f3n els principals reptes de l\u2019atenci\u00f3 assistencial al pa\u00eds?<\/strong><br>Els grans reptes assistencials a Catalunya s\u2019emmarquen en els plans directors de salut mental i d\u2019atenci\u00f3 interm\u00e8dia del govern catal\u00e0. Aquests plans marquen les prioritats que ens afecten de manera m\u00e9s directa.<\/p>\n\n\n\n<p>En l\u2019\u00e0mbit de la salut mental, tenen especial rellev\u00e0ncia l\u2019atenci\u00f3 a la inf\u00e0ncia, la prevenci\u00f3 del su\u00efcidi, l\u2019atenci\u00f3 a la complexitat i els trastorns de la conducta aliment\u00e0ria. Tamb\u00e9 \u00e9s fonamental la reconversi\u00f3 de la llarga estada, que defensa que les persones no han de viure als hospitals, sin\u00f3 desenvolupar el seu projecte de vida a la comunitat.<\/p>\n\n\n\n<p>L\u2019atenci\u00f3 interm\u00e8dia es troba en un moment de transformaci\u00f3 profunda. Els principals reptes passen per la seva plena integraci\u00f3 en la xarxa social i sanit\u00e0ria, el treball per processos i l\u2019atenci\u00f3 pal\u00b7liativa i al final de la vida.<\/p>\n\n\n\n<p>Un \u00e0mbit de gran transcend\u00e8ncia social, en el qual la Fundaci\u00f3 Hospital\u00e0ries t\u00e9 un paper clau, \u00e9s la geriatria i, molt especialment, la psicogeriatria. Aqu\u00ed estem aportant coneixement i recursos especialitzats que contribueixen a millorar l\u2019atenci\u00f3 a les persones grans.<\/p>\n\n\n\n<p>No podem oblidar que una de les nostres unitats \u00e9s un hospital general: la Fundaci\u00f3 Hospital\u00e0ries Barcelona. Aquest centre ha constru\u00eft i continua construint importants aliances en els \u00e0mbits assistencial, docent i investigador, i est\u00e0 desenvolupant projectes que impliquen directament la resta de centres de la Fundaci\u00f3 al territori.<\/p>\n\n\n\n<p><strong>Com penses fomentar la col\u00b7laboraci\u00f3 i l\u2019aprenentatge compartit entre els diferents centres de Catalunya?<\/strong><br>Fa anys que constru\u00efm una cultura col\u00b7laborativa, m\u00e9s evident en els darrers temps. Les trobades entre direccions i els grups de treball ja han generat aprenentatges i projectes conjunts.<\/p>\n\n\n\n<p>La clau ara \u00e9s aprofundir i ampliar aquesta din\u00e0mica de col\u00b7laboraci\u00f3.<\/p>\n\n\n\n<p><strong>De quina manera es complementar\u00e0 la teva tasca amb la de la L\u00ednia Social a Catalunya?<\/strong><br>La nostra missi\u00f3 \u00e9s atendre les persones m\u00e9s vulnerables i les situacions m\u00e9s complexes. Per aconseguir-ho, \u00e9s imprescindible una mirada conjunta social i sanit\u00e0ria.<\/p>\n\n\n\n<p>La creaci\u00f3 de la L\u00ednia Social a la Fundaci\u00f3 Hospital\u00e0ries refor\u00e7a aquesta visi\u00f3. Ja hem impulsat projectes conjuntament amb Conchita Pe\u00f1a, directora d\u2019aquesta l\u00ednia, i volem continuar avan\u00e7ant. Aix\u00f2 ens permet, a m\u00e9s, alinear-nos amb l\u2019Ag\u00e8ncia Social i Sanit\u00e0ria que impulsa el govern catal\u00e0.<\/p>\n\n\n\n<p><strong>Creus que la teva traject\u00f2ria com a director m\u00e8dic a la Fundaci\u00f3 Hospital\u00e0ries Martorell t\u2019aportar\u00e0 una visi\u00f3 valuosa per a aquest nou rol?<\/strong><br>He estat molts anys vinculat al projecte hospitalari i, al llarg de la meva traject\u00f2ria, he assumit diferents responsabilitats dins la Instituci\u00f3 que poden ser \u00fatils. Haver treballat en l\u2019assist\u00e8ncia directa, en l\u2019\u00e0mbit comunitari i, m\u00e9s recentment, en la direcci\u00f3 m\u00e8dica de l\u2019hospital em permet abordar aquest nou c\u00e0rrec amb una perspectiva \u00e0mplia i diversa.<\/p>\n\n\n\n<p>Reconec que en l\u2019\u00e0mbit dels hospitals generals la meva experi\u00e8ncia \u00e9s m\u00e9s limitada. Tot i aix\u00f2, disposem d&#8217;un equip magn\u00edfic a la Fundaci\u00f3 Hospital\u00e0ries Barcelona que, a m\u00e9s de facilitar-me la tasca, ser\u00e0 una font d\u2019aprenentatge continu.<\/p>\n\n\n\n<p><strong>En l&#8217;\u00e0mbit personal, qu\u00e8 suposa per a tu assumir aquest c\u00e0rrec?<\/strong><br>Per a mi \u00e9s un repte, tot i que relatiu, perqu\u00e8 parteixo d\u2019un cam\u00ed ja iniciat. El Dr. Pedro Roy, juntament amb el Dr. Jos\u00e9 Antonio Larraz i Alejandro Florit, van fer un treball important per establir les bases de la coordinaci\u00f3 territorial a Catalunya.<\/p>\n\n\n\n<p>Assumeixo aquesta responsabilitat en un moment de treball col\u00b7laboratiu molt consolidat entre les direccions assistencials dels nostres centres a Catalunya, amb projectes en marxa que requereixen la implicaci\u00f3 de tots ells.<\/p>\n\n\n\n<p>Vull agrair la confian\u00e7a dipositada en mi: al Dr. Francisco Del Olmo per proposar-me, i a la direcci\u00f3 corporativa i al patronat per refrendar-ho.<\/p>\n\n\n\n<p>I, per descomptat, compto amb el suport del Comit\u00e8 de Direcci\u00f3 de la Fundaci\u00f3 Hospital\u00e0ries Martorell i del meu equip, que fan possible fer aquest pas. Espero estar a l&#8217;altura de l\u2019enc\u00e0rrec que se m\u2019ha encomanat.<\/p>\n\n\n\n<p><strong>Quin missatge t\u2019agradaria transmetre als professionals dels centres a Catalunya de cara a aquesta nova etapa?<\/strong><br>Formem part de la fam\u00edlia hospital\u00e0ria. Pertanyem a una Instituci\u00f3 amb una pres\u00e8ncia molt important a Catalunya, que afronta grans reptes i, al mateix temps, un futur esperan\u00e7ador.<\/p>\n\n\n\n<p>La nostra missi\u00f3 \u00e9s clara: estar al servei de les persones que atenem, aquelles que confien en nosaltres cada dia.<\/p>\n\n\n\n<p>M\u2019agradaria animar tots els professionals a renovar el seu comprom\u00eds amb aquest projecte hospitalari i a sentir-se part\u00edcips d\u2019una missi\u00f3. Continuem treballant amb entrega i vocaci\u00f3, i fem-nos mereixedors de la confian\u00e7a que la societat diposita en nosaltres.<\/p>\n","protected":false},"excerpt":{"rendered":"<p>El Dr. Carles Franquelo, Director M\u00e8dic de la Fundaci\u00f3 Hospital\u00e0ries Martorell, ha estat nomenat recentment Coordinador Assistencial Territorial de la Fundaci\u00f3 Hospital\u00e0ries a Catalunya. El seu nomenament dona continu\u00eftat al treball conjunt que ja s\u2019ha desenvolupat en els \u00faltims anys entre els centres de la Fundaci\u00f3 a Catalunya, i contribuir\u00e0 a refor\u00e7ar la coordinaci\u00f3 assistencial [&hellip;]<\/p>\n","protected":false},"author":7,"featured_media":12034,"comment_status":"closed","ping_status":"","sticky":false,"template":"","format":"standard","meta":{"footnotes":""},"categories":[27],"tags":[],"class_list":["post-12031","post","type-post","status-publish","format-standard","has-post-thumbnail","hentry","category-actualitat"],"blocksy_meta":[],"featured_image_urls_v2":{"full":["https:\/\/fundaciohospitalariesmartorell.org\/entre-tots\/wp-content\/uploads\/2025\/10\/image-11-edited-1.png",800,533,false],"thumbnail":["https:\/\/fundaciohospitalariesmartorell.org\/entre-tots\/wp-content\/uploads\/2025\/10\/image-11-edited-1-150x150.png",150,150,true],"medium":["https:\/\/fundaciohospitalariesmartorell.org\/entre-tots\/wp-content\/uploads\/2025\/10\/image-11-edited-1-300x200.png",300,200,true],"medium_large":["https:\/\/fundaciohospitalariesmartorell.org\/entre-tots\/wp-content\/uploads\/2025\/10\/image-11-edited-1-768x512.png",768,512,true],"large":["https:\/\/fundaciohospitalariesmartorell.org\/entre-tots\/wp-content\/uploads\/2025\/10\/image-11-edited-1.png",800,533,false],"1536x1536":["https:\/\/fundaciohospitalariesmartorell.org\/entre-tots\/wp-content\/uploads\/2025\/10\/image-11-edited-1.png",800,533,false],"2048x2048":["https:\/\/fundaciohospitalariesmartorell.org\/entre-tots\/wp-content\/uploads\/2025\/10\/image-11-edited-1.png",800,533,false],"mailpoet_newsletter_max":["https:\/\/fundaciohospitalariesmartorell.org\/entre-tots\/wp-content\/uploads\/2025\/10\/image-11-edited-1.png",800,533,false]},"post_excerpt_stackable_v2":"<p>El Dr. Carles Franquelo, Director M\u00e8dic de la Fundaci\u00f3 Hospital\u00e0ries Martorell, ha estat nomenat recentment Coordinador Assistencial Territorial de la Fundaci\u00f3 Hospital\u00e0ries a Catalunya. El seu nomenament dona continu\u00eftat al treball conjunt que ja s\u2019ha desenvolupat en els \u00faltims anys entre els centres de la Fundaci\u00f3 a Catalunya, i contribuir\u00e0 a refor\u00e7ar la coordinaci\u00f3 assistencial i continuar avan\u00e7ant en projectes compartits. En aquesta entrevista, el Dr. Franquelo ens parla sobre aquesta nova etapa, les seves prioritats i els principals reptes de l\u2019atenci\u00f3 assistencial al territori. Quin \u00e9s el paper del Coordinador Assistencial Territorial a Catalunya i quines s\u00f3n les seves&hellip;<\/p>\n","category_list_v2":"<a href=\"https:\/\/fundaciohospitalariesmartorell.org\/entre-tots\/category\/actualitat\/\" rel=\"category tag\">ACTUALITAT<\/a>","author_info_v2":{"name":"ALBA_FELIP","url":"https:\/\/fundaciohospitalariesmartorell.org\/entre-tots\/author\/alba_felip\/"},"comments_num_v2":"0 comments","_links":{"self":[{"href":"https:\/\/fundaciohospitalariesmartorell.org\/entre-tots\/wp-json\/wp\/v2\/posts\/12031","targetHints":{"allow":["GET"]}}],"collection":[{"href":"https:\/\/fundaciohospitalariesmartorell.org\/entre-tots\/wp-json\/wp\/v2\/posts"}],"about":[{"href":"https:\/\/fundaciohospitalariesmartorell.org\/entre-tots\/wp-json\/wp\/v2\/types\/post"}],"author":[{"embeddable":true,"href":"https:\/\/fundaciohospitalariesmartorell.org\/entre-tots\/wp-json\/wp\/v2\/users\/7"}],"replies":[{"embeddable":true,"href":"https:\/\/fundaciohospitalariesmartorell.org\/entre-tots\/wp-json\/wp\/v2\/comments?post=12031"}],"version-history":[{"count":1,"href":"https:\/\/fundaciohospitalariesmartorell.org\/entre-tots\/wp-json\/wp\/v2\/posts\/12031\/revisions"}],"predecessor-version":[{"id":12035,"href":"https:\/\/fundaciohospitalariesmartorell.org\/entre-tots\/wp-json\/wp\/v2\/posts\/12031\/revisions\/12035"}],"wp:featuredmedia":[{"embeddable":true,"href":"https:\/\/fundaciohospitalariesmartorell.org\/entre-tots\/wp-json\/wp\/v2\/media\/12034"}],"wp:attachment":[{"href":"https:\/\/fundaciohospitalariesmartorell.org\/entre-tots\/wp-json\/wp\/v2\/media?parent=12031"}],"wp:term":[{"taxonomy":"category","embeddable":true,"href":"https:\/\/fundaciohospitalariesmartorell.org\/entre-tots\/wp-json\/wp\/v2\/categories?post=12031"},{"taxonomy":"post_tag","embeddable":true,"href":"https:\/\/fundaciohospitalariesmartorell.org\/entre-tots\/wp-json\/wp\/v2\/tags?post=12031"}],"curies":[{"name":"wp","href":"https:\/\/api.w.org\/{rel}","templated":true}]}}