{"id":12036,"date":"2025-10-10T10:08:32","date_gmt":"2025-10-10T09:08:32","guid":{"rendered":"https:\/\/fundaciohospitalariesmartorell.org\/entre-tots\/?p=12036"},"modified":"2025-10-21T10:51:26","modified_gmt":"2025-10-21T09:51:26","slug":"la-intelligencia-artificial-pot-revolucionar-la-salut-mental-sense-substituir-els-professionals-raul-ortega-csma-martorell","status":"publish","type":"post","link":"https:\/\/fundaciohospitalariesmartorell.org\/entre-tots\/2025\/10\/la-intelligencia-artificial-pot-revolucionar-la-salut-mental-sense-substituir-els-professionals-raul-ortega-csma-martorell\/","title":{"rendered":"&#8220;La intel\u00b7lig\u00e8ncia artificial pot revolucionar la salut mental sense substituir els professionals\u201d, Ra\u00fal Ortega, CSMA Martorell"},"content":{"rendered":"\n<figure class=\"wp-block-image size-large\"><img loading=\"lazy\" decoding=\"async\" width=\"1920\" height=\"1441\" src=\"https:\/\/fundaciohospitalariesmartorell.org\/entre-tots\/wp-content\/uploads\/2025\/10\/image-28-edited.png\" alt=\"\" class=\"wp-image-12108\" srcset=\"https:\/\/fundaciohospitalariesmartorell.org\/entre-tots\/wp-content\/uploads\/2025\/10\/image-28-edited.png 1920w, https:\/\/fundaciohospitalariesmartorell.org\/entre-tots\/wp-content\/uploads\/2025\/10\/image-28-edited-300x225.png 300w, https:\/\/fundaciohospitalariesmartorell.org\/entre-tots\/wp-content\/uploads\/2025\/10\/image-28-edited-1024x769.png 1024w, https:\/\/fundaciohospitalariesmartorell.org\/entre-tots\/wp-content\/uploads\/2025\/10\/image-28-edited-768x576.png 768w, https:\/\/fundaciohospitalariesmartorell.org\/entre-tots\/wp-content\/uploads\/2025\/10\/image-28-edited-1536x1153.png 1536w, https:\/\/fundaciohospitalariesmartorell.org\/entre-tots\/wp-content\/uploads\/2025\/10\/image-28-edited-1320x991.png 1320w\" sizes=\"auto, (max-width: 1920px) 100vw, 1920px\" \/><\/figure>\n\n\n\n<p>Ra\u00fal Ortega, psiquiatre al CSMA de Martorell i tutor de residents de la Fundaci\u00f3 Hospital\u00e0ries, ha remarcat recentment el paper de la intel\u00b7lig\u00e8ncia artificial (IA) com a eina de suport en l\u2019\u00e0mbit de la salut mental. Durant una sessi\u00f3 celebrada a l\u2019Hospital el passat 1 d\u2019octubre, Ortega va situar la IA en el context d\u2019un veritable canvi d&#8217;era, comparable a revolucions hist\u00f2riques com l&#8217;\u00fas de l&#8217;escriptura, l\u2019aparici\u00f3 de la impremta o la irrupci\u00f3 d\u2019internet.<\/p>\n\n\n\n<p>Segons Ortega, la IA no substitueix el criteri professional, sin\u00f3 que el complementa. \u201c\u00c9s fonamental formar-nos en IA, perqu\u00e8 els nostres pacients ja l&#8217;utilitzen\u201d, va assenyalar. &#8220;El creixement exponencial de la IA impacta a la vida quotidiana i promet un efecte econ\u00f2mic superior a la universalitzaci\u00f3 d&#8217;internet&#8221;. A m\u00e9s, explica que la IA pot millorar l&#8217;efici\u00e8ncia a la consulta m\u00e8dica, reduir la c\u00e0rrega burocr\u00e0tica i aportar noves eines de suport cl\u00ednic.<\/p>\n\n\n\n<p>Durant la sessi\u00f3, es va presentar un cas cl\u00ednic fictici d\u2019un home de 48 anys amb depressi\u00f3 amb s\u00edmptomes som\u00e0tics, que va servir per il\u00b7lustrar com la IA pot ajudar en l\u2019an\u00e0lisi de s\u00edmptomes, la cerca de bibliografia cient\u00edfica i la presa de decisions personalitzades.<\/p>\n\n\n\n<p>El psiquiatre va exposar <strong>cinc exemples pr\u00e0ctics d\u2019aplicacions d&#8217;IA en la medicina i la comunicaci\u00f3 cl\u00ednica:<\/strong><\/p>\n\n\n\n<ul class=\"wp-block-list\">\n<li><strong>ChatGPT:<\/strong> revisa bibliografia cient\u00edfica de manera r\u00e0pida, sintetitza guies cl\u00edniques i proposa alternatives terap\u00e8utiques basades en evid\u00e8ncia. Per Ortega, \u00e9s un exemple de com la IA pot ajudar al personal m\u00e8dic en la preparaci\u00f3 de casos complexes.<\/li>\n\n\n\n<li><strong>Claude:<\/strong> permet crear aplicacions personalitzades segons les necessitats dels pacients.<\/li>\n\n\n\n<li><strong>HeyGen:<\/strong> pot generar v\u00eddeos amb avatars realistes per explicar diagn\u00f2stics o tractaments, millorant la comprensi\u00f3 i la confian\u00e7a del pacient.<\/li>\n\n\n\n<li><strong>Udio:<\/strong> pot crear m\u00fasica personalitzada amb missatges terap\u00e8utics per refor\u00e7ar aspectes emocionals, com l\u2019autoestima o el suport en moments cr\u00edtics.<\/li>\n\n\n\n<li><strong>Sora:<\/strong> permet representar experi\u00e8ncies psic\u00f2tiques, com al\u00b7lucinacions o deliris, per ajudar familiars i cuidadors a comprendre millor la viv\u00e8ncia del pacient i reduir l\u2019estigma.<\/li>\n<\/ul>\n\n\n\n<p>Ortega tamb\u00e9 ens adverteix sobre els riscos de la IA generativa, que pot inventar informaci\u00f3 si no s\u2019utilitza amb criteri i validaci\u00f3 m\u00e8dica. En aquest sentit, recorda les lli\u00e7ons de la informatitzaci\u00f3 sanit\u00e0ria, que en el passat va prometre m\u00e9s temps amb els pacients, per\u00f2 va acabar augmentant la burocr\u00e0cia. La difer\u00e8ncia clau amb la IA, segons ell, \u00e9s la seva flexibilitat i capacitat per comprendre el llenguatge cl\u00ednic, cosa que pot alliberar temps per dedicar-lo al pacient.<\/p>\n\n\n\n<p>El missatge final de Ra\u00fal Ortega \u00e9s clar: \u201cLa IA no substituir\u00e0 els professionals, per\u00f2 pot transformar profundament la manera de treballar i permetre\u2019ns centrar-nos en el que realment importa: el pacient\u201d.<\/p>\n","protected":false},"excerpt":{"rendered":"<p>Ra\u00fal Ortega, psiquiatre al CSMA de Martorell i tutor de residents de la Fundaci\u00f3 Hospital\u00e0ries, ha remarcat recentment el paper de la intel\u00b7lig\u00e8ncia artificial (IA) com a eina de suport en l\u2019\u00e0mbit de la salut mental. Durant una sessi\u00f3 celebrada a l\u2019Hospital el passat 1 d\u2019octubre, Ortega va situar la IA en el context d\u2019un [&hellip;]<\/p>\n","protected":false},"author":7,"featured_media":12108,"comment_status":"closed","ping_status":"closed","sticky":false,"template":"","format":"standard","meta":{"footnotes":""},"categories":[27],"tags":[],"class_list":["post-12036","post","type-post","status-publish","format-standard","has-post-thumbnail","hentry","category-actualitat"],"blocksy_meta":[],"featured_image_urls_v2":{"full":["https:\/\/fundaciohospitalariesmartorell.org\/entre-tots\/wp-content\/uploads\/2025\/10\/image-28-edited.png",1920,1441,false],"thumbnail":["https:\/\/fundaciohospitalariesmartorell.org\/entre-tots\/wp-content\/uploads\/2025\/10\/image-28-edited-150x150.png",150,150,true],"medium":["https:\/\/fundaciohospitalariesmartorell.org\/entre-tots\/wp-content\/uploads\/2025\/10\/image-28-edited-300x225.png",300,225,true],"medium_large":["https:\/\/fundaciohospitalariesmartorell.org\/entre-tots\/wp-content\/uploads\/2025\/10\/image-28-edited-768x576.png",768,576,true],"large":["https:\/\/fundaciohospitalariesmartorell.org\/entre-tots\/wp-content\/uploads\/2025\/10\/image-28-edited-1024x769.png",1024,769,true],"1536x1536":["https:\/\/fundaciohospitalariesmartorell.org\/entre-tots\/wp-content\/uploads\/2025\/10\/image-28-edited-1536x1153.png",1536,1153,true],"2048x2048":["https:\/\/fundaciohospitalariesmartorell.org\/entre-tots\/wp-content\/uploads\/2025\/10\/image-28-edited.png",1920,1441,false],"mailpoet_newsletter_max":["https:\/\/fundaciohospitalariesmartorell.org\/entre-tots\/wp-content\/uploads\/2025\/10\/image-28-edited-1320x991.png",1320,991,true]},"post_excerpt_stackable_v2":"<p>Ra\u00fal Ortega, psiquiatre al CSMA de Martorell i tutor de residents de la Fundaci\u00f3 Hospital\u00e0ries, ha remarcat recentment el paper de la intel\u00b7lig\u00e8ncia artificial (IA) com a eina de suport en l\u2019\u00e0mbit de la salut mental. Durant una sessi\u00f3 celebrada a l\u2019Hospital el passat 1 d\u2019octubre, Ortega va situar la IA en el context d\u2019un veritable canvi d&#8217;era, comparable a revolucions hist\u00f2riques com l&#8217;\u00fas de l&#8217;escriptura, l\u2019aparici\u00f3 de la impremta o la irrupci\u00f3 d\u2019internet. Segons Ortega, la IA no substitueix el criteri professional, sin\u00f3 que el complementa. \u201c\u00c9s fonamental formar-nos en IA, perqu\u00e8 els nostres pacients ja l&#8217;utilitzen\u201d, va assenyalar.&hellip;<\/p>\n","category_list_v2":"<a href=\"https:\/\/fundaciohospitalariesmartorell.org\/entre-tots\/category\/actualitat\/\" rel=\"category tag\">ACTUALITAT<\/a>","author_info_v2":{"name":"ALBA_FELIP","url":"https:\/\/fundaciohospitalariesmartorell.org\/entre-tots\/author\/alba_felip\/"},"comments_num_v2":"0 comments","_links":{"self":[{"href":"https:\/\/fundaciohospitalariesmartorell.org\/entre-tots\/wp-json\/wp\/v2\/posts\/12036","targetHints":{"allow":["GET"]}}],"collection":[{"href":"https:\/\/fundaciohospitalariesmartorell.org\/entre-tots\/wp-json\/wp\/v2\/posts"}],"about":[{"href":"https:\/\/fundaciohospitalariesmartorell.org\/entre-tots\/wp-json\/wp\/v2\/types\/post"}],"author":[{"embeddable":true,"href":"https:\/\/fundaciohospitalariesmartorell.org\/entre-tots\/wp-json\/wp\/v2\/users\/7"}],"replies":[{"embeddable":true,"href":"https:\/\/fundaciohospitalariesmartorell.org\/entre-tots\/wp-json\/wp\/v2\/comments?post=12036"}],"version-history":[{"count":2,"href":"https:\/\/fundaciohospitalariesmartorell.org\/entre-tots\/wp-json\/wp\/v2\/posts\/12036\/revisions"}],"predecessor-version":[{"id":12110,"href":"https:\/\/fundaciohospitalariesmartorell.org\/entre-tots\/wp-json\/wp\/v2\/posts\/12036\/revisions\/12110"}],"wp:featuredmedia":[{"embeddable":true,"href":"https:\/\/fundaciohospitalariesmartorell.org\/entre-tots\/wp-json\/wp\/v2\/media\/12108"}],"wp:attachment":[{"href":"https:\/\/fundaciohospitalariesmartorell.org\/entre-tots\/wp-json\/wp\/v2\/media?parent=12036"}],"wp:term":[{"taxonomy":"category","embeddable":true,"href":"https:\/\/fundaciohospitalariesmartorell.org\/entre-tots\/wp-json\/wp\/v2\/categories?post=12036"},{"taxonomy":"post_tag","embeddable":true,"href":"https:\/\/fundaciohospitalariesmartorell.org\/entre-tots\/wp-json\/wp\/v2\/tags?post=12036"}],"curies":[{"name":"wp","href":"https:\/\/api.w.org\/{rel}","templated":true}]}}