{"id":12038,"date":"2025-10-13T14:12:57","date_gmt":"2025-10-13T13:12:57","guid":{"rendered":"https:\/\/fundaciohospitalariesmartorell.org\/entre-tots\/?p=12038"},"modified":"2025-10-13T14:26:52","modified_gmt":"2025-10-13T13:26:52","slug":"celebrem-el-dia-mundial-de-la-salut-mental-amb-una-jornada-per-reflexionar-compartir-i-reivindicar-drets","status":"publish","type":"post","link":"https:\/\/fundaciohospitalariesmartorell.org\/entre-tots\/2025\/10\/celebrem-el-dia-mundial-de-la-salut-mental-amb-una-jornada-per-reflexionar-compartir-i-reivindicar-drets\/","title":{"rendered":"Celebrem el Dia Mundial de la Salut Mental amb una jornada per reflexionar, compartir i reivindicar drets"},"content":{"rendered":"\n<figure class=\"wp-block-image size-large\"><img loading=\"lazy\" decoding=\"async\" width=\"1024\" height=\"768\" src=\"https:\/\/fundaciohospitalariesmartorell.org\/entre-tots\/wp-content\/uploads\/2025\/10\/Marxa-a-Martorell-per-la-Salut-Mental-3-1-1024x768.jpeg\" alt=\"\" class=\"wp-image-12055\" srcset=\"https:\/\/fundaciohospitalariesmartorell.org\/entre-tots\/wp-content\/uploads\/2025\/10\/Marxa-a-Martorell-per-la-Salut-Mental-3-1-1024x768.jpeg 1024w, https:\/\/fundaciohospitalariesmartorell.org\/entre-tots\/wp-content\/uploads\/2025\/10\/Marxa-a-Martorell-per-la-Salut-Mental-3-1-300x225.jpeg 300w, https:\/\/fundaciohospitalariesmartorell.org\/entre-tots\/wp-content\/uploads\/2025\/10\/Marxa-a-Martorell-per-la-Salut-Mental-3-1-768x576.jpeg 768w, https:\/\/fundaciohospitalariesmartorell.org\/entre-tots\/wp-content\/uploads\/2025\/10\/Marxa-a-Martorell-per-la-Salut-Mental-3-1-1536x1152.jpeg 1536w, https:\/\/fundaciohospitalariesmartorell.org\/entre-tots\/wp-content\/uploads\/2025\/10\/Marxa-a-Martorell-per-la-Salut-Mental-3-1-1320x990.jpeg 1320w, https:\/\/fundaciohospitalariesmartorell.org\/entre-tots\/wp-content\/uploads\/2025\/10\/Marxa-a-Martorell-per-la-Salut-Mental-3-1.jpeg 2048w\" sizes=\"auto, (max-width: 1024px) 100vw, 1024px\" \/><\/figure>\n\n\n\n<p>Com cada 10 d\u2019octubre, la Fundaci\u00f3 Hospital\u00e0ries Martorell va celebrar el Dia de la Salut Mental amb una jornada plena d\u2019activitats per\u00f2, sobretot, molta reflexi\u00f3 i reivindicaci\u00f3. I \u00e9s que enguany s&#8217;ha volgut posar l\u2019accent en la defensa dels drets de les persones amb problemes de salut mental, la import\u00e0ncia d\u2019un acc\u00e9s equitatiu als recursos i la necessitat de trencar l\u2019estigma que encara envolta el nostre \u00e0mbit.<\/p>\n\n\n\n<h3 class=\"wp-block-heading\"><span style=\"color: var(--theme-palette-color-1, #9f2b68);\" class=\"stk-highlight\">VI Premi Literari \u201cLes Paraules Parlen per Tu\u201d: creativitat, expressi\u00f3 i esperan\u00e7a a l&#8217;Alt Pened\u00e8s<\/span> <\/h3>\n\n\n\n<p>Amb l&#8217;objectiu de fomentar la creativitat, l\u2019expressi\u00f3 escrita i l\u2019apoderament en autoestima, autonomia i superaci\u00f3 de les persones amb problemes de Salut Mental, s\u2019ha dut a terme la sisena edici\u00f3 del Premi Literari \u201cLes Paraules Parlen per Tu\u201d, del Servei de Salut Mental d\u2019Adults de l\u2019Alt Pened\u00e8s . Aquest any s&#8217;han presentat 47 escrits personals i introspectius que han passejat per un ampli ventall d\u2019estats i viv\u00e8ncies: la confian\u00e7a, l\u2019acceptaci\u00f3 del desengany i l\u2019aprenentatge d\u2019estimar-se, entre d&#8217;altres. Una premissa central ha estat la voluntat de ser ent\u00e8s: compartir pensaments, pors i equ\u00edvocs.<\/p>\n\n\n\n<p>L&#8217;acte d&#8217;entrega dels premis va tenir lloc divendres 10 d&#8217;octubre al Vinseum de Vilafranca del Pened\u00e8s i va congregar 120 persones. Trobareu la cr\u00f2nica de l&#8217;acte i el llistat de premiats i premiades, <a href=\"https:\/\/fundaciohospitalariesmartorell.org\/vi-premi-literari-les-paraules-parlen-per-tu-creativitat-expressio-i-esperanca\/\">aqu\u00ed<\/a>.<\/p>\n\n\n\n<figure class=\"wp-block-image size-large\"><img loading=\"lazy\" decoding=\"async\" width=\"1024\" height=\"696\" src=\"https:\/\/fundaciohospitalariesmartorell.org\/entre-tots\/wp-content\/uploads\/2025\/10\/Les-Paraules-parlen-per-tu-6-1024x696.jpeg\" alt=\"\" class=\"wp-image-12050\" srcset=\"https:\/\/fundaciohospitalariesmartorell.org\/entre-tots\/wp-content\/uploads\/2025\/10\/Les-Paraules-parlen-per-tu-6-1024x696.jpeg 1024w, https:\/\/fundaciohospitalariesmartorell.org\/entre-tots\/wp-content\/uploads\/2025\/10\/Les-Paraules-parlen-per-tu-6-300x204.jpeg 300w, https:\/\/fundaciohospitalariesmartorell.org\/entre-tots\/wp-content\/uploads\/2025\/10\/Les-Paraules-parlen-per-tu-6-768x522.jpeg 768w, https:\/\/fundaciohospitalariesmartorell.org\/entre-tots\/wp-content\/uploads\/2025\/10\/Les-Paraules-parlen-per-tu-6-1536x1044.jpeg 1536w, https:\/\/fundaciohospitalariesmartorell.org\/entre-tots\/wp-content\/uploads\/2025\/10\/Les-Paraules-parlen-per-tu-6-1320x897.jpeg 1320w, https:\/\/fundaciohospitalariesmartorell.org\/entre-tots\/wp-content\/uploads\/2025\/10\/Les-Paraules-parlen-per-tu-6.jpeg 2048w\" sizes=\"auto, (max-width: 1024px) 100vw, 1024px\" \/><\/figure>\n\n\n\n<h3 class=\"wp-block-heading\"><span style=\"color: var(--theme-palette-color-1, #9f2b68);\" class=\"stk-highlight\">Berga: 60 persones caminen per la salut mental <\/span><\/h3>\n\n\n\n<p>Dins el marc de les activitats organitzades amb motiu del Dia Mundial de la Salut Mental al Bergued\u00e0, una seixantena de persones va participar, el divendres 10 d\u2019octubre, en una caminada per donar visibilitat a aquesta causa.<\/p>\n\n\n\n<p>La jornada va comen\u00e7ar a les 9.30 h a l&#8217;SRC, des d\u2019on es va iniciar el recorregut fins a la Serra de Noet, en un ambient de conviv\u00e8ncia i reflexi\u00f3 sobre la import\u00e0ncia del benestar emocional.<\/p>\n\n\n\n<p>Per a aquelles persones que no van poder participar en la caminada, les activitats van continuar a mig mat\u00ed a la pla\u00e7a de Sant Pere, amb un pica-pica i la lectura del Manifest del Dia Mundial de la Salut Mental, que va posar el punt final a una matinal festiva i comunit\u00e0ria.<\/p>\n\n\n\n<figure class=\"wp-block-image size-large\"><img loading=\"lazy\" decoding=\"async\" width=\"1024\" height=\"768\" src=\"https:\/\/fundaciohospitalariesmartorell.org\/entre-tots\/wp-content\/uploads\/2025\/10\/image-12-1024x768.png\" alt=\"\" class=\"wp-image-12039\" srcset=\"https:\/\/fundaciohospitalariesmartorell.org\/entre-tots\/wp-content\/uploads\/2025\/10\/image-12-1024x768.png 1024w, https:\/\/fundaciohospitalariesmartorell.org\/entre-tots\/wp-content\/uploads\/2025\/10\/image-12-300x225.png 300w, https:\/\/fundaciohospitalariesmartorell.org\/entre-tots\/wp-content\/uploads\/2025\/10\/image-12-768x576.png 768w, https:\/\/fundaciohospitalariesmartorell.org\/entre-tots\/wp-content\/uploads\/2025\/10\/image-12-1536x1152.png 1536w, https:\/\/fundaciohospitalariesmartorell.org\/entre-tots\/wp-content\/uploads\/2025\/10\/image-12-1320x990.png 1320w, https:\/\/fundaciohospitalariesmartorell.org\/entre-tots\/wp-content\/uploads\/2025\/10\/image-12.png 1600w\" sizes=\"auto, (max-width: 1024px) 100vw, 1024px\" \/><\/figure>\n\n\n\n<h3 class=\"wp-block-heading\"><span style=\"color: var(--theme-palette-color-1, #9f2b68);\" class=\"stk-highlight\">Serveis Comunitaris de Martorell: marxa i manifest<\/span><\/h3>\n\n\n\n<p>Des de l\u2019SRC, l\u2019Hospital de Dia i la Unitat Funcional de la Fundaci\u00f3 Hospital\u00e0ria de Martorell, i conjuntament amb l\u2019Associaci\u00f3 Salut Mental Baix Llobregat Nord, es va organitzar la II Marxa pel Dia de la Salut Mental a Martorell. Hi va haver la participaci\u00f3 d\u2019altres serveis i entitats, a qui vam voler agrair la seva assist\u00e8ncia a la jornada. En total, hi va haver una participaci\u00f3 d\u2019unes noranta persones.<\/p>\n\n\n\n<p>Durant la jornada es va recordar i es va reivindicar la import\u00e0ncia de garantir uns drets socials s\u00f2lids per a totes les persones. Tamb\u00e9 es va tenir un record i un agra\u00efment molt especial per la Paz C\u00fae, professional de la nostra instituci\u00f3 que va estar molt implicada en la defensa dels drets socials de les persones del Baix Llobregat Nord.<\/p>\n\n\n\n<p>L&#8217;organitzaci\u00f3 valora molt positivament el desenvolupament de la Marxa d&#8217;enguany, ja que ha perm\u00e8s apropar-nos m\u00e9s a la comunitat i fer-ho conjuntament entre l\u2019Associaci\u00f3 de Salut Mental del Baix Llobregat Nord i la Fundaci\u00f3 Hospital\u00e0ria de Martorell.<\/p>\n\n\n\n<figure class=\"wp-block-image size-large\"><img loading=\"lazy\" decoding=\"async\" width=\"1024\" height=\"768\" src=\"https:\/\/fundaciohospitalariesmartorell.org\/entre-tots\/wp-content\/uploads\/2025\/10\/image-14-1024x768.png\" alt=\"\" class=\"wp-image-12042\" srcset=\"https:\/\/fundaciohospitalariesmartorell.org\/entre-tots\/wp-content\/uploads\/2025\/10\/image-14-1024x768.png 1024w, https:\/\/fundaciohospitalariesmartorell.org\/entre-tots\/wp-content\/uploads\/2025\/10\/image-14-300x225.png 300w, https:\/\/fundaciohospitalariesmartorell.org\/entre-tots\/wp-content\/uploads\/2025\/10\/image-14-768x576.png 768w, https:\/\/fundaciohospitalariesmartorell.org\/entre-tots\/wp-content\/uploads\/2025\/10\/image-14-1536x1152.png 1536w, https:\/\/fundaciohospitalariesmartorell.org\/entre-tots\/wp-content\/uploads\/2025\/10\/image-14-1320x990.png 1320w, https:\/\/fundaciohospitalariesmartorell.org\/entre-tots\/wp-content\/uploads\/2025\/10\/image-14.png 1600w\" sizes=\"auto, (max-width: 1024px) 100vw, 1024px\" \/><\/figure>\n\n\n\n<h3 class=\"wp-block-heading\"><span style=\"color: var(--theme-palette-color-1, #9f2b68);\" class=\"stk-highlight\">UIR TCA: El trencaclosques de la salut mental<\/span><\/h3>\n\n\n\n<p>Les usu\u00e0ries de la UIR TCA van elaborar el mural \u201cEl trencaclosques de la salut mental\u201d, una iniciativa art\u00edstica que convida a reflexionar sobre la import\u00e0ncia de cuidar la salut mental i entendre-la com una construcci\u00f3 compartida.  Cada una de les usu\u00e0ries va dissenyar la seva pr\u00f2pia pe\u00e7a del trencaclosques, representant-hi aspectes significatius del seu dia a dia, com ara objectius personals, elements motivacionals o interessos que les ajuden en el seu proc\u00e9s de recuperaci\u00f3.<\/p>\n\n\n\n<p>El resultat va ser una obra col\u00b7lectiva plena de color i significat, que transmet un missatge clar:<\/p>\n\n\n\n<blockquote class=\"wp-block-quote is-layout-flow wp-block-quote-is-layout-flow\">\n<p><strong>\u201cLa salut mental la constru\u00efm entre tots i totes. La salut mental t\u00e9 moltes peces, i cadascuna \u00e9s \u00fanica i necess\u00e0ria.\u201d<\/strong><\/p>\n<\/blockquote>\n\n\n\n<p>El mural es pot veure al <strong>passad\u00eds del programa TCA<\/strong> de l\u2019Hospital, on romandr\u00e0 <\/p>\n\n\n\n<figure class=\"wp-block-image size-large\"><img loading=\"lazy\" decoding=\"async\" width=\"1440\" height=\"960\" src=\"https:\/\/fundaciohospitalariesmartorell.org\/entre-tots\/wp-content\/uploads\/2025\/10\/image-13-edited.png\" alt=\"\" class=\"wp-image-12041\" srcset=\"https:\/\/fundaciohospitalariesmartorell.org\/entre-tots\/wp-content\/uploads\/2025\/10\/image-13-edited.png 1440w, https:\/\/fundaciohospitalariesmartorell.org\/entre-tots\/wp-content\/uploads\/2025\/10\/image-13-edited-300x200.png 300w, https:\/\/fundaciohospitalariesmartorell.org\/entre-tots\/wp-content\/uploads\/2025\/10\/image-13-edited-1024x683.png 1024w, https:\/\/fundaciohospitalariesmartorell.org\/entre-tots\/wp-content\/uploads\/2025\/10\/image-13-edited-768x512.png 768w, https:\/\/fundaciohospitalariesmartorell.org\/entre-tots\/wp-content\/uploads\/2025\/10\/image-13-edited-1320x880.png 1320w\" sizes=\"auto, (max-width: 1440px) 100vw, 1440px\" \/><\/figure>\n\n\n\n<h3 class=\"wp-block-heading\"><span style=\"color: var(--theme-palette-color-1, #9f2b68);\" class=\"stk-highlight\">Reflexions sobre el benestar a la Unitat de Subaguts<\/span><\/h3>\n\n\n\n<p>Les persones hospitalitzades a la Unitat de Subaguts van participar en una din\u00e0mica dedicada a reflexionar sobre el benestar i els factors que hi contribueixen. Durant l\u2019activitat, els i les participants van compartir diferents maneres d\u2019entendre qu\u00e8 vol dir \u201csentir-se b\u00e9\u201d. Entre les respostes m\u00e9s destacades, van assenyalar la import\u00e0ncia de compartir moments amb la fam\u00edlia i els amics, descansar i dormir b\u00e9, escoltar m\u00fasica, i fer activitats que els agraden, com viatjar o dedicar temps a aficions personals.<\/p>\n\n\n\n<p>L\u2019experi\u00e8ncia va servir per fomentar la participaci\u00f3 i el di\u00e0leg, alhora que va permetre posar en valor aquells petits moments quotidians que contribueixen al benestar emocional i personal.<\/p>\n\n\n\n<figure class=\"wp-block-image size-large\"><img loading=\"lazy\" decoding=\"async\" width=\"1024\" height=\"821\" src=\"https:\/\/fundaciohospitalariesmartorell.org\/entre-tots\/wp-content\/uploads\/2025\/10\/image-15-1024x821.png\" alt=\"\" class=\"wp-image-12043\" srcset=\"https:\/\/fundaciohospitalariesmartorell.org\/entre-tots\/wp-content\/uploads\/2025\/10\/image-15-1024x821.png 1024w, https:\/\/fundaciohospitalariesmartorell.org\/entre-tots\/wp-content\/uploads\/2025\/10\/image-15-300x240.png 300w, https:\/\/fundaciohospitalariesmartorell.org\/entre-tots\/wp-content\/uploads\/2025\/10\/image-15-768x616.png 768w, https:\/\/fundaciohospitalariesmartorell.org\/entre-tots\/wp-content\/uploads\/2025\/10\/image-15-1536x1231.png 1536w, https:\/\/fundaciohospitalariesmartorell.org\/entre-tots\/wp-content\/uploads\/2025\/10\/image-15-1320x1058.png 1320w, https:\/\/fundaciohospitalariesmartorell.org\/entre-tots\/wp-content\/uploads\/2025\/10\/image-15.png 1920w\" sizes=\"auto, (max-width: 1024px) 100vw, 1024px\" \/><\/figure>\n\n\n\n<h3 class=\"wp-block-heading\"><span style=\"color: var(--theme-palette-color-1, #9f2b68);\" class=\"stk-highlight\">D&#8217;excursi\u00f3 a la Fundaci\u00f3 Hospital\u00e0ries Caldes de Malavella<\/span><\/h3>\n\n\n\n<p>Un grup de persones usu\u00e0ries de la Fundaci\u00f3 Hospital\u00e0ries Martorell va gaudir, el passat dimecres 8 d\u2019octubre, d\u2019una excursi\u00f3 a la FH Caldes, en el marc de la celebraci\u00f3 del Dia Mundial de la Salut Mental.<\/p>\n\n\n\n<p>La jornada va comen\u00e7ar amb una c\u00e0lida benvinguda per part de la coordinadora del voluntariat del centre, Inma Vicens, que va acompanyar el grup en una visita a la resid\u00e8ncia i al centre ocupacional per a persones amb discapacitat intel\u00b7lectual. L\u2019activitat va permetre con\u00e8ixer de prop el funcionament dels serveis i compartir experi\u00e8ncies entre centres.<\/p>\n\n\n\n<p>Per completar el dia, el grup va fer una visita a les termes de Caldes, incloent-hi la coneguda Font del Raig de la Mel, un espai emblem\u00e0tic del municipi. Va ser una sortida molt ben rebuda per tots els participants, que van destacar el bon ambient, la conviv\u00e8ncia i l\u2019esperit de celebraci\u00f3 d\u2019una jornada dedicada a la salut mental i al benestar compartit.<\/p>\n\n\n\n<figure class=\"wp-block-image size-large\"><img loading=\"lazy\" decoding=\"async\" width=\"1024\" height=\"768\" src=\"https:\/\/fundaciohospitalariesmartorell.org\/entre-tots\/wp-content\/uploads\/2025\/10\/Excursio-a-Caldes-de-Malavella-5-1024x768.jpeg\" alt=\"\" class=\"wp-image-12053\" srcset=\"https:\/\/fundaciohospitalariesmartorell.org\/entre-tots\/wp-content\/uploads\/2025\/10\/Excursio-a-Caldes-de-Malavella-5-1024x768.jpeg 1024w, https:\/\/fundaciohospitalariesmartorell.org\/entre-tots\/wp-content\/uploads\/2025\/10\/Excursio-a-Caldes-de-Malavella-5-300x225.jpeg 300w, https:\/\/fundaciohospitalariesmartorell.org\/entre-tots\/wp-content\/uploads\/2025\/10\/Excursio-a-Caldes-de-Malavella-5-768x576.jpeg 768w, https:\/\/fundaciohospitalariesmartorell.org\/entre-tots\/wp-content\/uploads\/2025\/10\/Excursio-a-Caldes-de-Malavella-5-1536x1152.jpeg 1536w, https:\/\/fundaciohospitalariesmartorell.org\/entre-tots\/wp-content\/uploads\/2025\/10\/Excursio-a-Caldes-de-Malavella-5-1320x990.jpeg 1320w, https:\/\/fundaciohospitalariesmartorell.org\/entre-tots\/wp-content\/uploads\/2025\/10\/Excursio-a-Caldes-de-Malavella-5.jpeg 1600w\" sizes=\"auto, (max-width: 1024px) 100vw, 1024px\" \/><\/figure>\n\n\n\n<h3 class=\"wp-block-heading\"><span style=\"color: var(--theme-palette-color-1, #9f2b68);\" class=\"stk-highlight\">Altres activitats divulgatives<\/span><\/h3>\n\n\n\n<p>A m\u00e9s, tamb\u00e9 s&#8217;ha participat en diferents activitats divulgatives, entre les quals:<\/p>\n\n\n\n<figure class=\"wp-block-image size-large is-resized\"><img loading=\"lazy\" decoding=\"async\" width=\"1024\" height=\"1024\" src=\"https:\/\/fundaciohospitalariesmartorell.org\/entre-tots\/wp-content\/uploads\/2025\/10\/image-16-1024x1024.png\" alt=\"\" class=\"wp-image-12051\" style=\"width:469px;height:auto\" srcset=\"https:\/\/fundaciohospitalariesmartorell.org\/entre-tots\/wp-content\/uploads\/2025\/10\/image-16-1024x1024.png 1024w, https:\/\/fundaciohospitalariesmartorell.org\/entre-tots\/wp-content\/uploads\/2025\/10\/image-16-300x300.png 300w, https:\/\/fundaciohospitalariesmartorell.org\/entre-tots\/wp-content\/uploads\/2025\/10\/image-16-150x150.png 150w, https:\/\/fundaciohospitalariesmartorell.org\/entre-tots\/wp-content\/uploads\/2025\/10\/image-16-768x768.png 768w, https:\/\/fundaciohospitalariesmartorell.org\/entre-tots\/wp-content\/uploads\/2025\/10\/image-16.png 1080w\" sizes=\"auto, (max-width: 1024px) 100vw, 1024px\" \/><\/figure>\n\n\n\n<figure class=\"wp-block-image size-full\"><img loading=\"lazy\" decoding=\"async\" width=\"467\" height=\"542\" src=\"https:\/\/fundaciohospitalariesmartorell.org\/entre-tots\/wp-content\/uploads\/2025\/10\/image-17.png\" alt=\"\" class=\"wp-image-12052\" srcset=\"https:\/\/fundaciohospitalariesmartorell.org\/entre-tots\/wp-content\/uploads\/2025\/10\/image-17.png 467w, https:\/\/fundaciohospitalariesmartorell.org\/entre-tots\/wp-content\/uploads\/2025\/10\/image-17-258x300.png 258w\" sizes=\"auto, (max-width: 467px) 100vw, 467px\" \/><\/figure>\n\n\n\n<p><\/p>\n\n\n\n<blockquote class=\"wp-block-quote is-layout-flow wp-block-quote-is-layout-flow\">\n<p>Trobareu totes les fotos de la jornada en<a href=\"https:\/\/www.flickr.com\/photos\/200846637@N07\/albums\/72177720329636357\"> aquest \u00e0lbum<\/a>.<\/p>\n<\/blockquote>\n\n\n\n<p><\/p>\n","protected":false},"excerpt":{"rendered":"<p>Com cada 10 d\u2019octubre, la Fundaci\u00f3 Hospital\u00e0ries Martorell va celebrar el Dia de la Salut Mental amb una jornada plena d\u2019activitats per\u00f2, sobretot, molta reflexi\u00f3 i reivindicaci\u00f3. I \u00e9s que enguany s&#8217;ha volgut posar l\u2019accent en la defensa dels drets de les persones amb problemes de salut mental, la import\u00e0ncia d\u2019un acc\u00e9s equitatiu als recursos [&hellip;]<\/p>\n","protected":false},"author":7,"featured_media":12047,"comment_status":"closed","ping_status":"closed","sticky":false,"template":"","format":"standard","meta":{"footnotes":""},"categories":[27],"tags":[],"class_list":["post-12038","post","type-post","status-publish","format-standard","has-post-thumbnail","hentry","category-actualitat"],"blocksy_meta":[],"featured_image_urls_v2":{"full":["https:\/\/fundaciohospitalariesmartorell.org\/entre-tots\/wp-content\/uploads\/2025\/10\/Marxa-a-Martorell-per-la-Salut-Mental-3.jpeg",2048,1536,false],"thumbnail":["https:\/\/fundaciohospitalariesmartorell.org\/entre-tots\/wp-content\/uploads\/2025\/10\/Marxa-a-Martorell-per-la-Salut-Mental-3-150x150.jpeg",150,150,true],"medium":["https:\/\/fundaciohospitalariesmartorell.org\/entre-tots\/wp-content\/uploads\/2025\/10\/Marxa-a-Martorell-per-la-Salut-Mental-3-300x225.jpeg",300,225,true],"medium_large":["https:\/\/fundaciohospitalariesmartorell.org\/entre-tots\/wp-content\/uploads\/2025\/10\/Marxa-a-Martorell-per-la-Salut-Mental-3-768x576.jpeg",768,576,true],"large":["https:\/\/fundaciohospitalariesmartorell.org\/entre-tots\/wp-content\/uploads\/2025\/10\/Marxa-a-Martorell-per-la-Salut-Mental-3-1024x768.jpeg",1024,768,true],"1536x1536":["https:\/\/fundaciohospitalariesmartorell.org\/entre-tots\/wp-content\/uploads\/2025\/10\/Marxa-a-Martorell-per-la-Salut-Mental-3-1536x1152.jpeg",1536,1152,true],"2048x2048":["https:\/\/fundaciohospitalariesmartorell.org\/entre-tots\/wp-content\/uploads\/2025\/10\/Marxa-a-Martorell-per-la-Salut-Mental-3.jpeg",2048,1536,false],"mailpoet_newsletter_max":["https:\/\/fundaciohospitalariesmartorell.org\/entre-tots\/wp-content\/uploads\/2025\/10\/Marxa-a-Martorell-per-la-Salut-Mental-3-1320x990.jpeg",1320,990,true]},"post_excerpt_stackable_v2":"<p>Com cada 10 d\u2019octubre, la Fundaci\u00f3 Hospital\u00e0ries Martorell va celebrar el Dia de la Salut Mental amb una jornada plena d\u2019activitats per\u00f2, sobretot, molta reflexi\u00f3 i reivindicaci\u00f3. I \u00e9s que enguany s&#8217;ha volgut posar l\u2019accent en la defensa dels drets de les persones amb problemes de salut mental, la import\u00e0ncia d\u2019un acc\u00e9s equitatiu als recursos i la necessitat de trencar l\u2019estigma que encara envolta el nostre \u00e0mbit. VI Premi Literari \u201cLes Paraules Parlen per Tu\u201d: creativitat, expressi\u00f3 i esperan\u00e7a a l&#8217;Alt Pened\u00e8s Amb l&#8217;objectiu de fomentar la creativitat, l\u2019expressi\u00f3 escrita i l\u2019apoderament en autoestima, autonomia i superaci\u00f3 de les persones&hellip;<\/p>\n","category_list_v2":"<a href=\"https:\/\/fundaciohospitalariesmartorell.org\/entre-tots\/category\/actualitat\/\" rel=\"category tag\">ACTUALITAT<\/a>","author_info_v2":{"name":"ALBA_FELIP","url":"https:\/\/fundaciohospitalariesmartorell.org\/entre-tots\/author\/alba_felip\/"},"comments_num_v2":"0 comments","_links":{"self":[{"href":"https:\/\/fundaciohospitalariesmartorell.org\/entre-tots\/wp-json\/wp\/v2\/posts\/12038","targetHints":{"allow":["GET"]}}],"collection":[{"href":"https:\/\/fundaciohospitalariesmartorell.org\/entre-tots\/wp-json\/wp\/v2\/posts"}],"about":[{"href":"https:\/\/fundaciohospitalariesmartorell.org\/entre-tots\/wp-json\/wp\/v2\/types\/post"}],"author":[{"embeddable":true,"href":"https:\/\/fundaciohospitalariesmartorell.org\/entre-tots\/wp-json\/wp\/v2\/users\/7"}],"replies":[{"embeddable":true,"href":"https:\/\/fundaciohospitalariesmartorell.org\/entre-tots\/wp-json\/wp\/v2\/comments?post=12038"}],"version-history":[{"count":4,"href":"https:\/\/fundaciohospitalariesmartorell.org\/entre-tots\/wp-json\/wp\/v2\/posts\/12038\/revisions"}],"predecessor-version":[{"id":12057,"href":"https:\/\/fundaciohospitalariesmartorell.org\/entre-tots\/wp-json\/wp\/v2\/posts\/12038\/revisions\/12057"}],"wp:featuredmedia":[{"embeddable":true,"href":"https:\/\/fundaciohospitalariesmartorell.org\/entre-tots\/wp-json\/wp\/v2\/media\/12047"}],"wp:attachment":[{"href":"https:\/\/fundaciohospitalariesmartorell.org\/entre-tots\/wp-json\/wp\/v2\/media?parent=12038"}],"wp:term":[{"taxonomy":"category","embeddable":true,"href":"https:\/\/fundaciohospitalariesmartorell.org\/entre-tots\/wp-json\/wp\/v2\/categories?post=12038"},{"taxonomy":"post_tag","embeddable":true,"href":"https:\/\/fundaciohospitalariesmartorell.org\/entre-tots\/wp-json\/wp\/v2\/tags?post=12038"}],"curies":[{"name":"wp","href":"https:\/\/api.w.org\/{rel}","templated":true}]}}